{"id":559918,"date":"2026-05-19T19:16:38","date_gmt":"2026-05-19T19:16:38","guid":{"rendered":"https:\/\/www.europesays.com\/es\/559918\/"},"modified":"2026-05-19T19:16:38","modified_gmt":"2026-05-19T19:16:38","slug":"vilaplana-la-periodista-que-comio-con-mazon-el-dia-de-la-dana-rompe-a-llorar-en-la-comision-del-congreso-no-se-que-hago-aqui","status":"publish","type":"post","link":"https:\/\/www.europesays.com\/es\/559918\/","title":{"rendered":"Vilaplana, la periodista que comi\u00f3 con Maz\u00f3n el d\u00eda de la DANA, rompe a llorar en la comisi\u00f3n del Congreso: \u00abNo s\u00e9 qu\u00e9 hago aqu\u00ed\u00bb"},"content":{"rendered":"<p class=\"c-paragraph\">La periodista Maribel Vilaplana, que comparti\u00f3 comida y sobremesa con el entonces presidente de la Generalitat, Carlos Maz\u00f3n, el d\u00eda de la tragedia de la DANA, ha asegurado este martes que no ha recibido presiones por parte del PP y que <b>no se ha sentido utilizada por el gobierno valenciano<\/b>. \u00abNo estoy coaccionada, se\u00f1alada ni amenazada\u00bb, ha dicho Vilaplana, que tambi\u00e9n ha afirmado no saber por qu\u00e9 ha sido citada en el Congreso para dar cuenta de qu\u00e9 sucedi\u00f3 aquel 29 de octubre de 2024.<\/p>\n<p class=\"c-paragraph\">En su comparecencia\u00a0en la comisi\u00f3n de investigaci\u00f3n de la C\u00e1mara Baja, Vilaplana ha dejado claro que no tiene \u00abnada nuevo que aportar\u00bb respecto a lo que ya dijo en el juzgado de Catarroja, declaraci\u00f3n a la que se ha remitido en todo momento, pero no ha podido contener las l\u00e1grimas. \u00abYa s\u00e9 que no me est\u00e1is juzgando, pero yo me siento juzgada\u00bb, ha dicho antes de romper a llorar. <b>\u00abHab\u00eda prometido que no llorar\u00eda\u00bb<\/b>, ha dicho tras secarse las l\u00e1grimas con un pa\u00f1uelo. \u00abNo tengo nada m\u00e1s que aportar, ni tengo responsabilidades ni cargos\u00bb, ha a\u00f1adido.<\/p>\n<p class=\"c-paragraph\">Ha aprovechado para recalcar que \u00abno es plato de buen gusto\u00bb ser citada por una comisi\u00f3n de investigaci\u00f3n, que ha pasado un \u00aba\u00f1o y medio dur\u00edsimo\u00bb y que solo quiere que todo \u00abse acabe\u00bb. Tambi\u00e9n ha mostrado su deseo de que <b>se aclare todo lo sucedido el 29 de octubre de 2024<\/b> y ha puesto en valor la investigaci\u00f3n judicial, en el marco de la que, ha dicho, respondi\u00f3 a cosas por las que ni siquiera hab\u00eda sido citada.<\/p>\n<p class=\"c-paragraph\">Respondiendo en valenciano a la diputada de Comprom\u00eds, \u00c1gueda Mic\u00f3, ha se\u00f1alado que acude al Congreso \u00ablibre\u00bb y asumiendo su \u00abresponsabilidad\u00bb, pero que no pod\u00eda contar nada nuevo. \u00abNo s\u00e9 nada m\u00e1s, <b>por mucho que se pueda especular<\/b>, eso es lo que hay, no hay nada m\u00e1s\u00bb, ha argumentado, recordando que en su testifical respondi\u00f3 a todas las preguntas de todas las partes.\u00a0<\/p>\n<p class=\"c-paragraph\">\u00abHe asumido mi responsabilidad, he acudido a un juzgado y he hecho mi trabajo. He colaborado en todo,<b> he aportado todo lo que sab\u00eda y m\u00e1s<\/b> y no me he paseado por ah\u00ed\u00bb, ha abundado la periodista, tras mostrar su respeto por el trabajo de los comisionados, pero avanzando que no pod\u00eda aportar nuevos datos y que las dudas sobre el comportamiento de Maz\u00f3n aquel d\u00eda deben plante\u00e1rselas a \u00e9l.<\/p>\n<p class=\"c-paragraph\">\u00abYo no s\u00e9 qu\u00e9 hago aqu\u00ed\u00bb, ha llegado a insistir Vilaplana, incidiendo en que <b>no pod\u00eda \u00abcontestar a nada\u00bb <\/b>porque la investigaci\u00f3n \u00abata\u00f1e a cargos pol\u00edticos con responsabilidad en emergencias\u00bb. \u00abHa llegado un punto que ya s\u00e9 cuando mi nombre sale para contar algo y s\u00e9 cuando mi nombre sale para tapar algo\u00bb, ha deslizado.<\/p>\n","protected":false},"excerpt":{"rendered":"La periodista Maribel Vilaplana, que comparti\u00f3 comida y sobremesa con el entonces presidente de la Generalitat, Carlos Maz\u00f3n,&hellip;\n","protected":false},"author":2,"featured_media":559919,"comment_status":"","ping_status":"","sticky":false,"template":"","format":"standard","meta":{"footnotes":""},"categories":[5],"tags":[17,18,2007,14892,1681,25,24,13,14,11,19,20,55219,9,10,15,16,956,23,12,21,22],"class_list":["post-559918","post","type-post","status-publish","format-standard","has-post-thumbnail","category-titulares","tag-breaking-news","tag-breakingnews","tag-carlos-mazon","tag-congreso-de-los-diputados","tag-dana","tag-es","tag-espana","tag-featured-news","tag-featurednews","tag-headlines","tag-latest-news","tag-latestnews","tag-maribel-vilaplana","tag-news","tag-noticias","tag-noticias-destacadas","tag-noticiasdestacadas","tag-pp","tag-spain","tag-titulares","tag-ultimas-noticias","tag-ultimasnoticias"],"share_on_mastodon":{"url":"https:\/\/pubeurope.com\/@es\/116602849638628731","error":""},"_links":{"self":[{"href":"https:\/\/www.europesays.com\/es\/wp-json\/wp\/v2\/posts\/559918","targetHints":{"allow":["GET"]}}],"collection":[{"href":"https:\/\/www.europesays.com\/es\/wp-json\/wp\/v2\/posts"}],"about":[{"href":"https:\/\/www.europesays.com\/es\/wp-json\/wp\/v2\/types\/post"}],"author":[{"embeddable":true,"href":"https:\/\/www.europesays.com\/es\/wp-json\/wp\/v2\/users\/2"}],"replies":[{"embeddable":true,"href":"https:\/\/www.europesays.com\/es\/wp-json\/wp\/v2\/comments?post=559918"}],"version-history":[{"count":0,"href":"https:\/\/www.europesays.com\/es\/wp-json\/wp\/v2\/posts\/559918\/revisions"}],"wp:featuredmedia":[{"embeddable":true,"href":"https:\/\/www.europesays.com\/es\/wp-json\/wp\/v2\/media\/559919"}],"wp:attachment":[{"href":"https:\/\/www.europesays.com\/es\/wp-json\/wp\/v2\/media?parent=559918"}],"wp:term":[{"taxonomy":"category","embeddable":true,"href":"https:\/\/www.europesays.com\/es\/wp-json\/wp\/v2\/categories?post=559918"},{"taxonomy":"post_tag","embeddable":true,"href":"https:\/\/www.europesays.com\/es\/wp-json\/wp\/v2\/tags?post=559918"}],"curies":[{"name":"wp","href":"https:\/\/api.w.org\/{rel}","templated":true}]}}