{"id":559972,"date":"2026-05-19T20:01:12","date_gmt":"2026-05-19T20:01:12","guid":{"rendered":"https:\/\/www.europesays.com\/es\/559972\/"},"modified":"2026-05-19T20:01:12","modified_gmt":"2026-05-19T20:01:12","slug":"las-pruebas-que-acorralan-a-jonathan-andic-tres-visitas-previas-a-montserrat-un-movil-desaparecido-y-un-cambio-de-testamento-noticias-de-cataluna","status":"publish","type":"post","link":"https:\/\/www.europesays.com\/es\/559972\/","title":{"rendered":"Las pruebas que acorralan a Jonathan Andic: tres visitas previas a Montserrat, un m\u00f3vil desaparecido y un cambio de testamento | Noticias de Catalu\u00f1a"},"content":{"rendered":"<p class=\"\">Los Mossos han recopilado durante m\u00e1s de un a\u00f1o y medio distintas pruebas contra Jonathan Andic, <a href=\"https:\/\/elpais.com\/espana\/catalunya\/2026-05-19\/los-mossos-detienen-a-jonathan-andic-por-la-muerte-de-su-padre-isak-andic-dueno-de-mango.html\" target=\"_self\" rel=\"nofollow noopener\" title=\"https:\/\/elpais.com\/espana\/catalunya\/2026-05-19\/los-mossos-detienen-a-jonathan-andic-por-la-muerte-de-su-padre-isak-andic-dueno-de-mango.html\">al que acusan de matar a su padre, Isak Andic<\/a>, en un paseo por la monta\u00f1a de Montserrat. El auto judicial que decreta <a href=\"https:\/\/elpais.com\/espana\/catalunya\/2026-05-19\/los-mossos-detienen-a-jonathan-andic-por-la-muerte-de-su-padre-isak-andic-dueno-de-mango.html\" target=\"_self\" rel=\"nofollow noopener\" title=\"https:\/\/elpais.com\/espana\/catalunya\/2026-05-19\/los-mossos-detienen-a-jonathan-andic-por-la-muerte-de-su-padre-isak-andic-dueno-de-mango.html\">su prisi\u00f3n provisional bajo una fianza de un mill\u00f3n de euros<\/a>, que ya ha aportado, se\u00f1alan el \u201cc\u00famulo de indicios\u201d que apuntan a su presunta culpabilidad: tres visitas previas a la monta\u00f1a de Montserrat en la semana de la ca\u00edda, un m\u00f3vil desaparecido en extra\u00f1as circunstancias, un resbal\u00f3n improbable y un cambio de testamento. De la investigaci\u00f3n hasta ahora, la jueza considera que existen indicios suficientes que apuntan a una posible \u201cparticipaci\u00f3n activa y premeditada\u201d del hijo del fundador de Mango en la muerte de su padre. El auto subraya la \u201cmala relaci\u00f3n\u201d entre ambos, \u201cla existencia de un posible m\u00f3vil econ\u00f3mico\u201d, la \u201cplanificaci\u00f3n y estudio previo\u201d del lugar, y el \u201cintento de crear una situaci\u00f3n y circunstancias concretas lo m\u00e1s discretas posibles\u201d. <\/p>\n<p class=\"\">En total, se\u00f1ala siete indicios que existen <a href=\"https:\/\/elpais.com\/espana\/catalunya\/2026-05-19\/los-mossos-detienen-a-jonathan-andic-por-la-muerte-de-su-padre-isak-andic-dueno-de-mango.html\" target=\"_self\" rel=\"nofollow noopener\" title=\"https:\/\/elpais.com\/espana\/catalunya\/2026-05-19\/los-mossos-detienen-a-jonathan-andic-por-la-muerte-de-su-padre-isak-andic-dueno-de-mango.html\">contra el hijo del fundador de Mango<\/a>. El primero son las contradicciones entre las dos declaraciones que prest\u00f3 inicialmente ante los Mossos, primero el mismo d\u00eda 14 de diciembre y despu\u00e9s el 31. Inicialmente, explic\u00f3 que caminaba cuatro o cinco metros por delante de su padre, cuando este se par\u00f3 a tomar unas fotograf\u00edas con su tel\u00e9fono m\u00f3vil. Que \u00e9l entonces no lo ten\u00eda a la vista, y mientras caminaba escuch\u00f3 unas piedras caer, se gir\u00f3 y vio \u201cun cuerpo rodando entre los matorrales\u201d, escuch\u00f3 un fuerte golpe y un gemido de dolor de su padre. Pero, en la segunda declaraci\u00f3n, asegur\u00f3 que vio a su padre usar el tel\u00e9fono m\u00f3vil solo al inicio de la ruta. El an\u00e1lisis del m\u00f3vil de Isak Andic constat\u00f3 que solo hizo un v\u00eddeo y tom\u00f3 una fotograf\u00eda al inicio de la ruta, y no lo volvi\u00f3 a utilizar. La autopsia tambi\u00e9n constat\u00f3 que lo llevaba en el bolsillo en el momento de caer. \u201cEs poco probable si iban caminando juntos que no lo viera caer\u201d, sostiene el auto de prisi\u00f3n. <\/p>\n<p class=\"\"><a href=\"https:\/\/elpais.com\/espana\/catalunya\/2025-12-14\/la-muerte-de-isak-andic-el-secreto-que-guarda-la-montana-de-montserrat.html\" target=\"_self\" rel=\"nofollow noopener\" title=\"https:\/\/elpais.com\/espana\/catalunya\/2025-12-14\/la-muerte-de-isak-andic-el-secreto-que-guarda-la-montana-de-montserrat.html\">Otro punto clave es si Jonathan Andic realiz\u00f3 antes la ruta.<\/a> En su declaraci\u00f3n asegur\u00f3 que hab\u00eda hecho el recorrido unas dos semanas antes. Pero la localizaci\u00f3n del veh\u00edculo ha confirmado que el hijo del fundador de Mango estuvo en la monta\u00f1a de Montserrat tres veces antes en la misma semana (los d\u00edas 7, 8 y 10 de diciembre, y la ca\u00edda de Isak Andic fue el d\u00eda 14). Ello hace pensar a los Mossos en una premeditaci\u00f3n en la planificaci\u00f3n del presunto homicidio. <\/p>\n<p class=\"\">Asimismo, Jonathan Andic cont\u00f3 que la relaci\u00f3n entre \u00e9l y su padre era buena y neg\u00f3 cualquier desavenencia profesional, personal o familiar derivada del intento fallido de su padre de dejar la empresa en sus manos, en 2015. Los Mossos, sin embargo, han reunido varios testigos que \u201ccorroboran\u201d una \u201ccrisis\u201d entre ambos debido a ese conflicto. Adem\u00e1s, el auto refiere una \u201cmanipulaci\u00f3n emocional\u201d de Jonathan hacia su padre para \u201cconseguir sus objetivos econ\u00f3micos\u201d. Tambi\u00e9n afirman que hab\u00eda \u201cverbalizado en sus escritos sentir odio, rencor, ideas de muerte y culpabilizar de su situaci\u00f3n a su padre\u201d. <\/p>\n<p class=\"\">En segundo lugar,<a href=\"https:\/\/elpais.com\/espana\/catalunya\/2025-12-14\/la-muerte-de-isak-andic-el-secreto-que-guarda-la-montana-de-montserrat.html\" target=\"_self\" rel=\"nofollow noopener\" title=\"https:\/\/elpais.com\/espana\/catalunya\/2025-12-14\/la-muerte-de-isak-andic-el-secreto-que-guarda-la-montana-de-montserrat.html\"> los informes t\u00e9cnicos de los Mossos se\u00f1alan que existe un \u201cresbal\u00f3n redondeado en amarillo\u201d<\/a> en el lugar de la ca\u00edda que consideran que necesita una \u201cacci\u00f3n de refregado con la suela de las bambas del finado\u201d que se llevase a cabo \u201ccomo m\u00ednimo por cuatro veces en los dos sentidos (delante-detr\u00e1s)\u201d para que la pisada se marcase de esa manera. Los agentes de la unidad de monta\u00f1a consideran que debe hacerse \u201cde forma deliberada ejerciendo presi\u00f3n en el suelo\u201d, que no se puede marcar \u201cde forma fortuita\u201d. Asimismo, insisten en que el camino \u201cno presenta ninguna dificultad\u201d ni requiere calzado espec\u00edfico, y que solo es \u201cuna exposici\u00f3n de ca\u00edda\u201d en el \u201cpunto concreto donde se producen los hechos\u201d. Tambi\u00e9n insisten en que Jonathan \u201cpudo ver sin g\u00e9nero de duda la ca\u00edda\u201d porque la visibilidad era buena y caminaban a tres o cuatro metros de distancia. <\/p>\n<p class=\"\">Como tercer elemento, <a href=\"https:\/\/elpais.com\/espana\/catalunya\/2025-12-14\/la-muerte-de-isak-andic-el-secreto-que-guarda-la-montana-de-montserrat.html\" target=\"_self\" rel=\"nofollow noopener\" title=\"https:\/\/elpais.com\/espana\/catalunya\/2025-12-14\/la-muerte-de-isak-andic-el-secreto-que-guarda-la-montana-de-montserrat.html\">el auto destaca las distintas versiones de Jonathan en Montserrat el d\u00eda de la ca\u00edda.<\/a> En la primera llamada a emergencias, Andic manifiesta al teleoperador del Sistema de Emergencias M\u00e9dicas (SEM) que cre\u00eda que su padre se hab\u00eda ca\u00eddo por un barranco. En la siguiente, cuando habl\u00f3 con la enfermera, \u201cmodific\u00f3 la versi\u00f3n y le manifest\u00f3 que \u00e9l iba adelantado y de repente hab\u00eda o\u00eddo ruido de piedras y que cuando se hab\u00eda girado lo hab\u00eda visto gritar y caerse\u201d. Ante los Mossos, afirm\u00f3 que \u201cestaba andando por delante\u201d de su padre, y vio \u201cel cuerpo rodando entre los matorrales y escuch\u00f3 un fuerte golpe y un gemido de dolor\u201d. <\/p>\n<p class=\"\">Los Mossos tambi\u00e9n expresan sus dudas ante el cambio del tel\u00e9fono de Jonathan Andic, que llev\u00f3 a cabo el 25 de marzo de 2025. Ten\u00eda un Iphone 14 que cambi\u00f3 por un 16 Pro, \u201cborrando el contenido\u201d del antiguo dispositivo, que adem\u00e1s perdi\u00f3 en \u201cextra\u00f1as circunstancias\u201d: robado en \u201cun viaje rel\u00e1mpago\u201d a Quito (Ecuador). \u201cLas fechas de desaparici\u00f3n del antiguo terminal coinciden con la informaci\u00f3n dada por los medios de comunicaci\u00f3n de la reapertura del expediente judicial\u201d, detalla el auto. <\/p>\n<p class=\"\">En sexto lugar, la polic\u00eda destaca la autopsia hecha al cad\u00e1ver de Isak Andic. Los forenses determinan que la ca\u00edda es \u201ccomo se se hubiera lanzado por un tobog\u00e1n, con los pies por delante\u201d. \u201cNo presenta lesiones en las palmas de las manos, se descarta el resbal\u00f3n con una piedra o ca\u00edda hacia delante\u201d, se\u00f1alan. <\/p>\n<p class=\"\">Por \u00faltimo, se centran en la relaci\u00f3n entre padre e hijo. A pesar de la manifestaci\u00f3n de Jonathan Andic de su buena sinton\u00eda, \u201cdel an\u00e1lisis de los mensajes de Whatsapp se demuestra lo contrario\u201d. El motivo principal de la mala relaci\u00f3n, indican los Mossos, \u201ces la obsesi\u00f3n de Jonathan Andic por el dinero, hasta el punto de pedirle una herencia en vida\u201d a su padre. Algo que Isak Andic \u201cse ve obligado a aceptar para continuar teniendo relaci\u00f3n con su hijo\u201d. Una decisi\u00f3n que propicia una psic\u00f3loga, a\u00f1aden, que les trataba. Asimismo, explican que Jonathan Andic supo \u201ca mediados de 2024\u2033 de la intenci\u00f3n de su padre de \u201ccambiar el testamento, creando una fundaci\u00f3n para ayudar a las personas necesitadas\u201d. En ese momento \u201cse produce un cambio notable\u201d en la actitud de Jonathan, seg\u00fan los Mossos, que \u201cpretende reconciliarse y reconoce que su actitud con el dinero no es la correcta\u201d. El padre, a\u00f1aden, en \u201cun intento de reconciliarse con su hijo acepta la excursi\u00f3n\u201d a Montserrat, que le propone \u201cpara hablar los dos solos\u201d. El hijo, apunta la polic\u00eda, \u201cno ha llegado a constituir\u201d la fundaci\u00f3n que deseaba ver su padre. <\/p>\n","protected":false},"excerpt":{"rendered":"Los Mossos han recopilado durante m\u00e1s de un a\u00f1o y medio distintas pruebas contra Jonathan Andic, al que&hellip;\n","protected":false},"author":2,"featured_media":559973,"comment_status":"","ping_status":"","sticky":false,"template":"","format":"standard","meta":{"footnotes":""},"categories":[8],"tags":[210,17,18,1980,2308,25,24,13,14,4767,11,734,51485,19,20,3907,3291,9,10,15,16,23,12,21,22],"class_list":["post-559972","post","type-post","status-publish","format-standard","has-post-thumbnail","category-espana","tag-barcelona","tag-breaking-news","tag-breakingnews","tag-cataluna","tag-empresas","tag-es","tag-espana","tag-featured-news","tag-featurednews","tag-fiscalia","tag-headlines","tag-investigacion-judicial","tag-isak-andic","tag-latest-news","tag-latestnews","tag-mango","tag-mossos-desquadra","tag-news","tag-noticias","tag-noticias-destacadas","tag-noticiasdestacadas","tag-spain","tag-titulares","tag-ultimas-noticias","tag-ultimasnoticias"],"share_on_mastodon":{"url":"https:\/\/pubeurope.com\/@es\/116603026605875294","error":""},"_links":{"self":[{"href":"https:\/\/www.europesays.com\/es\/wp-json\/wp\/v2\/posts\/559972","targetHints":{"allow":["GET"]}}],"collection":[{"href":"https:\/\/www.europesays.com\/es\/wp-json\/wp\/v2\/posts"}],"about":[{"href":"https:\/\/www.europesays.com\/es\/wp-json\/wp\/v2\/types\/post"}],"author":[{"embeddable":true,"href":"https:\/\/www.europesays.com\/es\/wp-json\/wp\/v2\/users\/2"}],"replies":[{"embeddable":true,"href":"https:\/\/www.europesays.com\/es\/wp-json\/wp\/v2\/comments?post=559972"}],"version-history":[{"count":0,"href":"https:\/\/www.europesays.com\/es\/wp-json\/wp\/v2\/posts\/559972\/revisions"}],"wp:featuredmedia":[{"embeddable":true,"href":"https:\/\/www.europesays.com\/es\/wp-json\/wp\/v2\/media\/559973"}],"wp:attachment":[{"href":"https:\/\/www.europesays.com\/es\/wp-json\/wp\/v2\/media?parent=559972"}],"wp:term":[{"taxonomy":"category","embeddable":true,"href":"https:\/\/www.europesays.com\/es\/wp-json\/wp\/v2\/categories?post=559972"},{"taxonomy":"post_tag","embeddable":true,"href":"https:\/\/www.europesays.com\/es\/wp-json\/wp\/v2\/tags?post=559972"}],"curies":[{"name":"wp","href":"https:\/\/api.w.org\/{rel}","templated":true}]}}