{"id":560511,"date":"2026-05-20T04:03:31","date_gmt":"2026-05-20T04:03:31","guid":{"rendered":"https:\/\/www.europesays.com\/es\/560511\/"},"modified":"2026-05-20T04:03:31","modified_gmt":"2026-05-20T04:03:31","slug":"camela-vuelve-a-las-gasolineras-con-su-nuevo-lanzamiento-nos-ha-traido-muchos-recuerdos","status":"publish","type":"post","link":"https:\/\/www.europesays.com\/es\/560511\/","title":{"rendered":"Camela vuelve a las gasolineras con su nuevo lanzamiento: \u00abNos ha tra\u00eddo muchos recuerdos\u00bb"},"content":{"rendered":"<p class=\"c-paragraph\">Mientras dan los \u00faltimos retoques a su nuevo \u00e1lbum, que ver\u00e1 la luz a finales de a\u00f1o, <a href=\"https:\/\/www.20minutos.es\/tags\/instituciones-empresas\/camela.html\" title=\"Camela\" rel=\"nofollow noopener\" target=\"_blank\">Camela<\/a> ha querido rendirle un homenaje a sus inicios distribuyendo en gasolineras copias en<b> formato casete de su \u00faltimo sencillo, <\/b><b>Tu mirada <\/b>\u2014que ver\u00e1 la luz el pr\u00f3ximo 22 de mayo\u2014 tal y como se inici\u00f3 su fen\u00f3meno hace m\u00e1s de 30 a\u00f1os a espaldas de la gran industria.<\/p>\n<p class=\"c-paragraph\">\u00abEstamos muy contentos porque <b>nos ha tra\u00eddo muchos recuerdos de cuando empezamos\u00bb<\/b>, han confirmado a EFE sus dos integrantes, Mar\u00eda \u00c1ngeles Mu\u00f1oz y Dioni Mart\u00edn, que reconocen que antes de que sus ventas en ese formato fueran registradas oficialmente pudieron haber despachado \u00abmillones\u00bb de copias.<\/p>\n<p class=\"c-paragraph\">Nost\u00e1lgicos del proceso de meter un casete en su reproductor, cuentan que han notado c\u00f3mo ha cambiado el proceso de escuchar m\u00fasica en los tiempos de Spotify. \u00abNos ha pillado toda la transici\u00f3n desde el casete al CD, luego el pirateo, as\u00ed que <b>nos hemos tenido que ir adaptando<\/b>\u00ab, apuntan estos supervivientes de la m\u00fasica.<\/p>\n<p class=\"c-paragraph\">\u00abLo dif\u00edcil, adem\u00e1s, es mantenerse\u00bb, se\u00f1alan en estos tiempos de miles de lanzamientos digitales (Tu mirada ver\u00e1 la luz en este formato el pr\u00f3ximo 22 de mayo) en los que tampoco les va mal. \u00abPor lo menos de momento en Warner est\u00e1n contentos con nosotros y<b> no nos han echado, o sea que a\u00fan seremos aceptables<\/b>\u00ab, bromea Mart\u00edn.<\/p>\n<p class=\"c-paragraph\">No todo en la \u00e9poca del casete fue id\u00edlico. Cuando firmaron con su primer sello, Producciones AR, \u00c1ngeles y Dioni recib\u00edan<b> solo el 1 % de royalties y lo que les correspond\u00eda de las actuaciones<\/b>, tal y como contaron en su biograf\u00eda oficial.<\/p>\n<p class=\"c-paragraph\">\u00ab\u00c9ramos chicos de barrio que<b> realmente hac\u00edamos esto por\u00a0hobby\u00a0<\/b>y no sab\u00edamos que las maquetas las pod\u00edamos llevar a una compa\u00f1\u00eda discogr\u00e1fica. Simplemente nosotros las distribu\u00edamos por mercadillos y entre familiares y amigos. Este (Alfonso del Corral, su exrepresentante) nos llam\u00f3 y ya ten\u00edamos el contrato en la mesa para firmarlo\u00bb, cuentan sobre su inexperiencia en aquellos a\u00f1os.<\/p>\n<p>Cameo en el cine y acto con los reyes<\/p>\n<p class=\"c-paragraph\">Antes de rivalizar con <a href=\"https:\/\/www.20minutos.es\/tags\/instituciones-empresas\/la-oreja-de-van-gogh.html\" title=\"La oreja de Van Gogh\" rel=\"nofollow noopener\" target=\"_blank\">La Oreja de Van Gogh<\/a> por ser a principios de siglo el grupo espa\u00f1ol de m\u00e1s \u00e9xito del momento, <b>llegaron incluso a arrebatarle una semana el n\u00famero 1 en Espa\u00f1a a las <a href=\"https:\/\/www.20minutos.es\/tags\/instituciones-empresas\/spice-girls.html\" title=\"Spice Girls\" rel=\"nofollow noopener\" target=\"_blank\">Spice Girls<\/a><\/b>, proeza que el quinteto brit\u00e1nico consigui\u00f3 en el resto del continente.<\/p>\n<p class=\"c-paragraph\">\u00abEn parte me da pena porque por nuestra culpa no fueron n\u00famero 1 en toda Europa\u00bb, confiesa Mu\u00f1oz, que recuerda que este hecho llam\u00f3 tanto la atenci\u00f3n de la discogr\u00e1fica del grupo brit\u00e1nico que <b>preguntaron \u00abqui\u00e9n era Camela\u00bb. <\/b>\u00abY nuestra compa\u00f1\u00eda les envi\u00f3 un mont\u00f3n de casetes nuestras\u00bb, rememora divertida.<\/p>\n<p class=\"c-paragraph\">Junto con Tu mirada, en las \u00faltimas semanas tambi\u00e9n ha visto la luz<b> otro tema nuevo, Nunca te he olvidado,<\/b> ambos con ese sello que les hace tan reconocibles desde su inicial L\u00e1grimas de amor (1994), conciliando la rumba y el pop de extrarradio con el tecno y las bases discotequeras.<\/p>\n<p class=\"c-paragraph\">Como viene siendo habitual en los \u00faltimos discos, la mitad del \u00e1lbum vendr\u00e1 firmada por Mu\u00f1oz y la otra mitad por<b> Rub\u00e9n Mart\u00edn, el sobrino de ella e hijo de Dioni<\/b>. \u00ab\u00c9l nunca deja de componer y muchas veces le da reparo ense\u00f1arme canciones porque a lo mejor las tiene para \u00e9l\u00bb, relata entre risas su padre.<\/p>\n<p class=\"c-paragraph\">Para los pr\u00f3ximos meses se les acumulan las noticias. Por un lado, desvelan a EFE que ya han hecho un cameo para el cine del que de momento no dan m\u00e1s pistas. Adem\u00e1s, se encuentran ya de<b> gira con sus \u00e9xitos de siempre<\/b> y mostrando temas nuevos en citas como la de la plaza de toros de Gij\u00f3n este viernes, 22 de mayo.<\/p>\n<p class=\"c-paragraph\">Pero si hay algo que les hace ilusi\u00f3n es la entrega, el 27 de mayo, de la <b>Medalla de Oro al M\u00e9rito en las Bellas Artes 2024,<\/b> en una ceremonia presidida por los reyes en Toledo. \u00abNos hace ilusi\u00f3n conocer a los reyes, por supuesto, pero este es un pedazo de reconocimiento que te deja con la boca abierta, porque es tan grande que nos hace preguntarnos: &#8216;\u00bfPero realmente nos lo merecemos? \u00a1Si no nos han dado un Grammy nunca!\u00bb, comenta Mu\u00f1oz con su habitual humildad.<\/p>\n","protected":false},"excerpt":{"rendered":"Mientras dan los \u00faltimos retoques a su nuevo \u00e1lbum, que ver\u00e1 la luz a finales de a\u00f1o, Camela&hellip;\n","protected":false},"author":2,"featured_media":560512,"comment_status":"","ping_status":"","sticky":false,"template":"","format":"standard","meta":{"footnotes":""},"categories":[174],"tags":[16971,255,146,147,25,24,256,185,23],"class_list":["post-560511","post","type-post","status-publish","format-standard","has-post-thumbnail","category-famosos","tag-camela","tag-celebrities","tag-entertainment","tag-entretenimiento","tag-es","tag-espana","tag-famosos","tag-musica","tag-spain"],"share_on_mastodon":{"url":"https:\/\/pubeurope.com\/@es\/116604921821346872","error":""},"_links":{"self":[{"href":"https:\/\/www.europesays.com\/es\/wp-json\/wp\/v2\/posts\/560511","targetHints":{"allow":["GET"]}}],"collection":[{"href":"https:\/\/www.europesays.com\/es\/wp-json\/wp\/v2\/posts"}],"about":[{"href":"https:\/\/www.europesays.com\/es\/wp-json\/wp\/v2\/types\/post"}],"author":[{"embeddable":true,"href":"https:\/\/www.europesays.com\/es\/wp-json\/wp\/v2\/users\/2"}],"replies":[{"embeddable":true,"href":"https:\/\/www.europesays.com\/es\/wp-json\/wp\/v2\/comments?post=560511"}],"version-history":[{"count":0,"href":"https:\/\/www.europesays.com\/es\/wp-json\/wp\/v2\/posts\/560511\/revisions"}],"wp:featuredmedia":[{"embeddable":true,"href":"https:\/\/www.europesays.com\/es\/wp-json\/wp\/v2\/media\/560512"}],"wp:attachment":[{"href":"https:\/\/www.europesays.com\/es\/wp-json\/wp\/v2\/media?parent=560511"}],"wp:term":[{"taxonomy":"category","embeddable":true,"href":"https:\/\/www.europesays.com\/es\/wp-json\/wp\/v2\/categories?post=560511"},{"taxonomy":"post_tag","embeddable":true,"href":"https:\/\/www.europesays.com\/es\/wp-json\/wp\/v2\/tags?post=560511"}],"curies":[{"name":"wp","href":"https:\/\/api.w.org\/{rel}","templated":true}]}}