{"id":560584,"date":"2026-05-20T05:17:39","date_gmt":"2026-05-20T05:17:39","guid":{"rendered":"https:\/\/www.europesays.com\/es\/560584\/"},"modified":"2026-05-20T05:17:39","modified_gmt":"2026-05-20T05:17:39","slug":"dennis-stratton-ex-iron-maiden-dice-que-sintio-pena-por-blaze-bayley-al-ver-el-documental-burning-ambition-fue-como-si-hubieran-ido-cuesta-abajo-desde-que-se-unio-a-la-banda","status":"publish","type":"post","link":"https:\/\/www.europesays.com\/es\/560584\/","title":{"rendered":"Dennis Stratton (ex-Iron Maiden) dice que sinti\u00f3 pena por Blaze Bayley al ver el documental \u00abBurning Ambition\u00bb: \u00abFue como si hubieran ido cuesta abajo desde que se uni\u00f3 a la banda\u201d"},"content":{"rendered":"<p>El estreno del esperado documental <strong><a href=\"https:\/\/mariskalrock.com\/actualidad\/asistimos-al-preestreno-de-iron-maiden-burning-ambition-la-banda-que-mejor-ha-sabido-generar-y-fortalecer-los-lazos-con-diferentes-generaciones-de-amantes-del-heavy-metal\/\" target=\"_blank\" rel=\"noopener nofollow\">\u2018Iron Maiden: Burning Ambition\u2019,<\/a><\/strong> que ya se encuentra en proyecci\u00f3n en los cines de nuestro pa\u00eds, ha dejado todo tipo de reacciones, siendo especialmente interesantes las de los protagonistas de la historia. Entre ellos encontramos a dos de los exmiembros que asistieron al <a href=\"https:\/\/mariskalrock.com\/actualidad\/blaze-bayley-y-eddie-hacha-en-mano-aparecen-junto-a-miembros-de-iron-maiden-en-la-premiere-del-documental-burning-ambition\/\" target=\"_blank\" rel=\"noopener nofollow\"><strong>preestreno en Londres<\/strong><\/a>, el guitarrista <strong>Dennis Stratton<\/strong> y el vocalista <strong>Blaze Bayley<\/strong>, con el primero asegurando que sinti\u00f3 pena por c\u00f3mo se ha plasmado el papel jugado por el segundo en la carrera de La Doncella: \u201cFue como si hubieran ido cuesta abajo desde que se uni\u00f3 a la banda\u201d.<\/p>\n<p>En declaraciones a <a href=\"https:\/\/www.youtube.com\/@Paulieflix\" target=\"_blank\" rel=\"noopener nofollow\"><strong>Paulieflix<\/strong><\/a>, el que fuera guitarrista de Iron Maiden en el momento de la erupci\u00f3n del grupo con su primer disco ha comentado que necesit\u00f3 ver el documental dos veces para apreciar todos los detalles: \u201cCuando lo ves por primera vez, hay mucho que asimilar. Pero como tuve el placer de verlo dos veces, tambi\u00e9n el jueves (7 de mayo) en Belgrado, y hubo cosas que se me pasaron por alto el martes y que capt\u00e9 el jueves\u201d.<\/p>\n<p>Stratton recuerda que pudo conocer en persona a Blaze, que <a href=\"https:\/\/mariskalrock.com\/actualidad\/iron-maiden-incorpora-a-su-excantante-blaze-bayley-al-eddfest-el-gran-evento-con-el-que-celebrara-su-50o-aniversario\/\" target=\"_blank\" rel=\"noopener nofollow\"><strong>participar\u00e1 en el primer EddFest<\/strong><\/a>, en el citado preestreno londinense, y parece que la forma en que se retrata la complicada etapa del vocalista no le ha parecido adecuada: \u201cNunca hab\u00eda conocido a Blaze hasta que llegamos a la alfombra roja, y Blaze estaba delante de m\u00ed. Se dio la vuelta y nos dimos un abrazo, y nos hicimos algunas fotos juntos. Y dijimos: \u201cPor fin nos conocemos despu\u00e9s de todos estos a\u00f1os\u201d. Y charlamos un buen rato. Fue genial. Pero al mismo tiempo, viendo la pel\u00edcula, sent\u00ed mucha pena por \u00e9l, porque tal y como estaba narrada, parec\u00eda que desde el momento en que Blaze se uni\u00f3 a la banda, todo hubiera ido cuesta abajo. La gente empieza a quemar discos, a hablar de un culto sat\u00e1nico, y entonces empiezan a tocar en salas. Y pens\u00e9: \u201cUn momento. Esto, esto se est\u00e1 inclinando hacia\u2026\u00bb. Parece que se culpa a Blaze de que la banda fuera cuesta abajo, cuando no fue nada de eso\u201d.<\/p>\n<p>El guitarrista contin\u00faa con su reflexi\u00f3n sobre la etapa de Iron Maiden desde mediados de los 90: \u201cBlaze hizo tres \u00e1lbumes, y fueron muy buenos. Como me dijo <strong>Steve (Harris)<\/strong> por tel\u00e9fono, \u00e9l contribuy\u00f3 a esos \u00e1lbumes. As\u00ed que hay que quitarse el sombrero ante Blaze por meterse en la piel de <strong>Bruce (Dickinson)<\/strong> e intentar retomar el hilo donde \u00e9l lo dej\u00f3. Es un trabajo muy duro. Y la forma en que se retrat\u00f3 fue como: \u201cOh, ahora tocan en salas\u201d. Y luego el remate fue cuando Bruce volvi\u00f3 y Steve le dijo: \u201c\u00bfPor qu\u00e9 quieres volver?\u201d. Y respondi\u00f3: \u201cPorque estoy harto de tocar en conciertos peque\u00f1os. Quiero tocar en grandes espect\u00e1culos\u201d. As\u00ed que fue como si, en el momento en que Bruce volvi\u00f3, la banda volviera a ser enorme. No qued\u00f3 muy bien, en plan amistoso, si sabes a lo que me refiero\u201d.<\/p>\n<p style=\"text-align: center;\">\n<p>El relato tambi\u00e9n capt\u00f3 la atenci\u00f3n de Stratton en lo que se refiere a su propia etapa, unos inicios sobre los que lamenta que pase demasiado r\u00e1pido: \u201cNo quiero que la familia Maiden ni los fans digan que es envidia o que \u201cest\u00e1 resentido porque ya no est\u00e1 en la banda\u201d. No es as\u00ed. Es una pel\u00edcula para los fans. Estoy orgulloso de lo que hice en Maiden durante los primeros a\u00f1os, y tambi\u00e9n de lo que aport\u00e9 y de haber trabajado en esas primeras canciones\u201d.<\/p>\n<p>Dennis termina destacando c\u00f3mo empez\u00f3 a evolucionar el sonido de Iron Maiden: \u201cS\u00ed, en 1979, se ha dicho muchas veces que la banda era muy punk y muy agresiva, y as\u00ed es como nos gustaba. Pero, a\u00fan as\u00ed, hab\u00eda que tener un poco de clase, y ah\u00ed es cuando, al separar las guitarras y a\u00f1adir un par de peque\u00f1as armon\u00edas vocales, es cuando empiezas a hacer las canciones un poco m\u00e1s interesantes, no tan punk, no tan crudas. Y eso es lo que me gusta. El caso es que trabajamos en los dos primeros \u00e1lbumes, y creo que quedaron bastante bien. As\u00ed que, como digo, la pel\u00edcula es fant\u00e1stica para los fans, pero para m\u00ed es un poco triste que se hayan apresurado al pasar por los primeros tiempos, eso es todo\u201d.<\/p>\n<p>Iron Maiden, \u00abBurning Ambition\u00bb y los conciertos en Espa\u00f1a<\/p>\n<p>A trav\u00e9s de <strong>Trafalgar Releasing<\/strong>, \u00abBurning Ambition\u00bb, del que <strong>Mariano Muniesa<\/strong> nos dej\u00f3 <strong><a href=\"https:\/\/mariskalrock.com\/actualidad\/asistimos-al-preestreno-de-iron-maiden-burning-ambition-la-banda-que-mejor-ha-sabido-generar-y-fortalecer-los-lazos-con-diferentes-generaciones-de-amantes-del-heavy-metal\/\" target=\"_blank\" rel=\"noopener nofollow\">aqu\u00ed sus impresiones en el preestreno en Espa\u00f1a<\/a><\/strong>, se podr\u00e1 ver en nuestros cines hasta el d\u00eda 21 de mayo. En <strong><a href=\"https:\/\/www.ironmaidenfilm.com\/intl\/\" target=\"_blank\" rel=\"noopener nofollow\">este enlace est\u00e1 el buscador<\/a><\/strong> para dar con la sala m\u00e1s cercana a tu ubicaci\u00f3n.<\/p>\n<p>Antes del <strong><a href=\"https:\/\/mariskalrock.com\/actualidad\/iron-maiden-confirma-los-dos-ultimos-conciertos-de-la-gira-run-for-your-lives-tras-los-que-se-tomara-un-merecido-descanso\/\" target=\"_blank\" rel=\"noopener nofollow\">merecido descanso<\/a><\/strong> que se tomar\u00e1 la banda, y de la <a href=\"https:\/\/mariskalrock.com\/actualidad\/iron-maiden-entrara-rock-and-roll-hall-of-fame-en-2026-junto-a-billy-idol-oasis-joy-division-o-phil-collins\/\" target=\"_blank\" rel=\"noopener nofollow\"><strong>entrada en el Rock and Roll Hall of Fame<\/strong><\/a> en la que parece que <strong><a href=\"https:\/\/mariskalrock.com\/actualidad\/iron-maiden-no-estara-en-la-ceremonia-de-su-incorporacion-al-rock-and-roll-hall-of-fame-y-esta-es-su-razon\/\" target=\"_blank\" rel=\"noopener nofollow\">no har\u00e1n acto de presencia<\/a><\/strong>, tambi\u00e9n tendremos de nuevo a Iron Maiden en nuestro pa\u00eds. Este 2026 ser\u00e1 otro a\u00f1o en el que la banda brit\u00e1nica tendr\u00e1 toda la atenci\u00f3n de los seguidores en todo el mundo, con nuevas paradas de su gira como las que llegar\u00e1n en Espa\u00f1a a los carteles de <strong>Resurrection Fest<\/strong> (del 1 al 4 de julio, <a href=\"https:\/\/www.resurrectionfest.es\/entradas\/\" target=\"_blank\" rel=\"noopener nofollow\"><strong>entradas aqu\u00ed<\/strong><\/a>) con <strong>Marilyn Manson, Limp Bizkit o Sabaton<\/strong> entre otros, y en <strong>Rock Imperium Festival<\/strong> (del 3 al 5 de julio, <a href=\"https:\/\/www.rockimperiumfestival.es\/es\/entradas\/\" target=\"_blank\" rel=\"noopener nofollow\"><strong>entradas aqu\u00ed<\/strong><\/a>), compartiendo cabecera del cartel con <strong>Within Temptation y Sabaton<\/strong>.<\/p>\n<p style=\"text-align: center;\"><a href=\"https:\/\/www.europesays.com\/es\/wp-content\/uploads\/2026\/02\/resurrection-fest-26-entradas-diarias-2-3-cartel.webp.webp\" target=\"_blank\" rel=\"noopener\"><img fetchpriority=\"high\" decoding=\"async\" class=\"aligncenter wp-image-384548\" src=\"https:\/\/www.europesays.com\/es\/wp-content\/uploads\/2026\/02\/resurrection-fest-26-entradas-diarias-2-3-cartel.webp.webp\" alt=\"\" width=\"600\" height=\"751\"  \/><\/a><\/p>\n<p style=\"text-align: center;\"><a href=\"https:\/\/www.europesays.com\/es\/wp-content\/uploads\/2026\/03\/rock-imperium-cartel-2026-2.webp.webp\" target=\"_blank\" rel=\"noopener\"><img loading=\"lazy\" decoding=\"async\" class=\"aligncenter wp-image-387144 size-full\" src=\"https:\/\/www.europesays.com\/es\/wp-content\/uploads\/2026\/03\/rock-imperium-cartel-2026-2.webp.webp\" alt=\"\" width=\"600\" height=\"750\"  \/><\/a><\/p>\n<p>                         <a target=\"_blank\" href=\"http:\/\/www.mariskalrock.com\" class=\"url\" title=\"Jorge Bobadilla\" rel=\"nofollow noopener\"> <img decoding=\"async\" src=\"https:\/\/www.europesays.com\/es\/wp-content\/uploads\/2026\/02\/jorge-bobadilla-2025-web-300x300-1.jpg\" class=\"photo\" width=\"250\" alt=\"Jorge Bobadilla\"\/><\/a> <\/p>\n<p>Llev\u00e1is ya m\u00e1s de veinte a\u00f1os ley\u00e9ndome por aqu\u00ed y por all\u00ed, as\u00ed que, vayamos al grano. En 2005 MariskalRock abri\u00f3 sus puertas a este humilde \u201cjuntaletras\u201d, y desde entonces el rock ha sido la punta del comp\u00e1s de mi vida. Aficionado tambi\u00e9n a atrapar im\u00e1genes (sean fijas o en movimiento), en estas dos d\u00e9cadas ser\u00eda raro que no nos hubi\u00e9ramos visto entre salas y festivales. Brindemos en la pr\u00f3xima.<\/p>\n<p> <a href=\"http:\/\/www.mariskalrock.com\" class=\"url\" target=\"_blank\" title=\"Jorge Bobadilla\" rel=\"nofollow noopener\"><img decoding=\"async\" src=\"https:\/\/www.europesays.com\/es\/wp-content\/uploads\/2026\/02\/jorge-bobadilla-2025-web-300x300-1.jpg\" class=\"photo\" width=\"250\" alt=\"Jorge Bobadilla\"\/><\/a>\u00daltimas entradas de Jorge Bobadilla (<a target=\"_blank\" href=\"https:\/\/mariskalrock.com\/author\/jorge-bobadilla\/\" rel=\"nofollow noopener\">ver todo<\/a>)  <\/p>\n","protected":false},"excerpt":{"rendered":"El estreno del esperado documental \u2018Iron Maiden: Burning Ambition\u2019, que ya se encuentra en proyecci\u00f3n en los cines&hellip;\n","protected":false},"author":2,"featured_media":560585,"comment_status":"","ping_status":"","sticky":false,"template":"","format":"standard","meta":{"footnotes":""},"categories":[170],"tags":[63630,94515,54502,146,147,25,24,477,4622,184,185,23],"class_list":["post-560584","post","type-post","status-publish","format-standard","has-post-thumbnail","category-musica","tag-blaze-bayley","tag-burning-ambition","tag-dennis-stratton","tag-entertainment","tag-entretenimiento","tag-es","tag-espana","tag-iron-maiden","tag-mr2022","tag-music","tag-musica","tag-spain"],"share_on_mastodon":{"url":"https:\/\/pubeurope.com\/@es\/116605213090111070","error":""},"_links":{"self":[{"href":"https:\/\/www.europesays.com\/es\/wp-json\/wp\/v2\/posts\/560584","targetHints":{"allow":["GET"]}}],"collection":[{"href":"https:\/\/www.europesays.com\/es\/wp-json\/wp\/v2\/posts"}],"about":[{"href":"https:\/\/www.europesays.com\/es\/wp-json\/wp\/v2\/types\/post"}],"author":[{"embeddable":true,"href":"https:\/\/www.europesays.com\/es\/wp-json\/wp\/v2\/users\/2"}],"replies":[{"embeddable":true,"href":"https:\/\/www.europesays.com\/es\/wp-json\/wp\/v2\/comments?post=560584"}],"version-history":[{"count":0,"href":"https:\/\/www.europesays.com\/es\/wp-json\/wp\/v2\/posts\/560584\/revisions"}],"wp:featuredmedia":[{"embeddable":true,"href":"https:\/\/www.europesays.com\/es\/wp-json\/wp\/v2\/media\/560585"}],"wp:attachment":[{"href":"https:\/\/www.europesays.com\/es\/wp-json\/wp\/v2\/media?parent=560584"}],"wp:term":[{"taxonomy":"category","embeddable":true,"href":"https:\/\/www.europesays.com\/es\/wp-json\/wp\/v2\/categories?post=560584"},{"taxonomy":"post_tag","embeddable":true,"href":"https:\/\/www.europesays.com\/es\/wp-json\/wp\/v2\/tags?post=560584"}],"curies":[{"name":"wp","href":"https:\/\/api.w.org\/{rel}","templated":true}]}}