{"id":560778,"date":"2026-05-20T08:08:24","date_gmt":"2026-05-20T08:08:24","guid":{"rendered":"https:\/\/www.europesays.com\/es\/560778\/"},"modified":"2026-05-20T08:08:24","modified_gmt":"2026-05-20T08:08:24","slug":"clara-sanchez-libra-en-su-nueva-novela-una-batalla-literaria-contra-el-tiempo-cultura","status":"publish","type":"post","link":"https:\/\/www.europesays.com\/es\/560778\/","title":{"rendered":"Clara S\u00e1nchez libra en su nueva novela \u201cuna batalla literaria contra el tiempo\u201d | Cultura"},"content":{"rendered":"<p class=\"\">Como viene sucediendo desde el fenomenal \u00e9xito de Lo que esconde tu nombre en Italia, <a href=\"https:\/\/elpais.com\/noticias\/clara-sanchez\/\" target=\"_blank\" rel=\"nofollow noopener\" title=\"https:\/\/elpais.com\/noticias\/clara-sanchez\/\">Clara S\u00e1nchez (Guadalajara, 71 a\u00f1os) public\u00f3 su nuevo libro en ese pa\u00eds primero<\/a>, y ahora, Lo inexplicable (Planeta) llega a las librer\u00edas espa\u00f1olas. \u201cAqu\u00ed me pongo m\u00e1s nerviosa\u201d, explicaba con cierta timidez la escritora y acad\u00e9mica de la lengua, que lleva publicados 16 obras de ficci\u00f3n. Premio Alfaguara en 2000 y premio Nadal en 2010, la novelista encuadra su nueva novela en \u201cuna batalla literaria contra el tiempo\u201d, que no tiene que ver con la edad, aclaraba, sino con la intriga y fascinaci\u00f3n que le causa ese concepto. \u201cMe fascina indagar imaginativamente en eso que nos determina y que a\u00fan no sabemos qu\u00e9 es. Ni Newton, ni Einstein acaban de aprehenderlo\u201d, reflexionaba. Las preguntas en torno al tiempo han acabado por llevarla a escribir sobre la reencarnaci\u00f3n: \u201cEs una idea maravillosa que me relaja, porque desdramatiza la muerte y el tiempo mismo\u201d. <\/p>\n<p class=\"\"><a href=\"https:\/\/elpais.com\/autor\/clara-sanchez\/\" target=\"_self\" rel=\"nofollow noopener\" title=\"https:\/\/elpais.com\/autor\/clara-sanchez\/\">Una de las dos narradoras de Lo inexplicable es Alicia<\/a>, una joven opositora que trabaja como ni\u00f1era de un ni\u00f1o que no llega al a\u00f1o y, sin embargo, muestra inquietantes rasgos adultos y una fijaci\u00f3n insondable por una casa en la calle Vel\u00e1zquez de Madrid. La otra voz que gu\u00eda la novela es la de un adolescente, Hugo, que ha muerto y no acaba de entender lo que le ha pasado. \u201cNo es una historia de fantasmas. He querido plasmar las inquietudes a trav\u00e9s de una conciencia. Hugo habla desde un lugar ignoto, una especie de \u2018casi alma\u2019, como dir\u00eda Luis Vives\u201d. <\/p>\n<p class=\"\">S\u00e1nchez confesaba tener predilecci\u00f3n por quienes se cuelan \u201cen un mundo que no es el suyo\u201d, que observan, \u201c<a href=\"https:\/\/elpais.com\/opinion\/2025-12-13\/una-novela-de-ahora-mismo.html\" target=\"_self\" rel=\"nofollow noopener\" title=\"https:\/\/elpais.com\/opinion\/2025-12-13\/una-novela-de-ahora-mismo.html\">como el narrador de El gran Gatsby<\/a>\u201d. Esa cl\u00e1sica novela de Scott Fitzgerald y La otra vuelta de la tuerca de Henry James, son dos obras que menciona al tratar de explicar distintos aspectos de su nuevo libro. \u201cEn las fiestas est\u00e1n los que bailan y, luego, los que miran sin tomar parte. Esa era yo\u201d, recordaba. Sin embargo, reconoc\u00eda, con la maternidad sinti\u00f3 no pod\u00eda \u201cobservar tanto como hubiera querido\u201d. S\u00e1nchez fue madre a los 27 a\u00f1os, y hoy es abuela, algo que la ha ayudado de forma decisiva a escribir Lo inexplicable. \u201cComo madre sent\u00eda mucha presi\u00f3n, ahora me dedico a saborear el crecimiento. Los cambios de un beb\u00e9 hasta los tres a\u00f1os son sobrenaturales. Se entrenan como soldados, pero esa memoria se pierde. La biolog\u00eda es machista. Los hijos se deber\u00edan tener a los 60\u201d, afirmaba. <\/p>\n<p><img alt=\"\" decoding=\"auto\" class=\"_re lazyload a_m-h\" height=\"277\"  width=\"414\"  src=\"https:\/\/www.europesays.com\/es\/wp-content\/uploads\/2026\/05\/VRQJ4QZJ2RDK7PVCF3DKYCOS6U.jpg\" loading=\"lazy\" fetchpriority=\"low\"\/>S\u00e1nchez, en un hotel c\u00e9ntrico de Madrid.SAMUEL S\u00e1NCHEZ<\/p>\n<p class=\"\">La lucha interna de las mujeres es algo que S\u00e1nchez reconoci\u00f3 pronto en su propia madre: \u201cNos miraba a los hijos y dec\u00eda \u2018\u00a1Qu\u00e9 cruz!\u2019. <a href=\"https:\/\/elpais.com\/diario\/1990\/06\/08\/madrid\/644844268_850215.html\" target=\"_blank\" rel=\"nofollow noopener\" title=\"https:\/\/elpais.com\/diario\/1990\/06\/08\/madrid\/644844268_850215.html\">A las mujeres no nos apetece pasar la vida cambiando pa\u00f1ales<\/a>, tenemos sue\u00f1os y aspiraciones, y lo cierto es que tampoco hoy se facilitan las cosas\u201d. En esto ello identifica un problema com\u00fan a muchos planos de la vida actual: \u201cHay muchos est\u00edmulos y pocas oportunidades reales, gran precariedad\u201d. <\/p>\n<p class=\"\">En Lo inexplicable qu\u00e9 le ocurri\u00f3 a Hugo ese adolescente cuya alma habla y qu\u00e9 le ocurre a ese beb\u00e9 que parece pose\u00eddo por una extra\u00f1a fuerza son las dos preguntas que empujan la trama. Alrededor hay varias historias de amor (una pareja en crisis, un amor adolescente que no llega a culminar, un romance que surge al calor de las pesquisas que contiene la novela). \u201cLos amores latentes, que no llegan a ser, son la situaci\u00f3n que m\u00e1s me gusta\u201d, admit\u00eda. En su nueva novela escribe que la vida est\u00e1 llena de situaciones incompletas y escenas que no concluyen, as\u00ed que es en las p\u00e1ginas que escribe donde S\u00e1nchez encuentra la manera de completarlas: \u201c<a href=\"https:\/\/elpais.com\/noticias\/literatura\/\" target=\"_self\" rel=\"nofollow noopener\" title=\"https:\/\/elpais.com\/noticias\/literatura\/\">En la literatura tienes todo el tiempo del mundo<\/a> para revisar esas escenas incompletas, es el terreno de la serenidad que me permite combatir un mundo que siento que me aplasta. La literatura permite que la realidad sea tu juguete. All\u00ed un beso dura toda la vida\u201d. <\/p>\n<p class=\"\">Firme defensora de la estructura, el misterio y el suspense, el gran tema de la familia y sus secretos es otro de los ingredientes esenciales en sus libros. \u201cVengo de una familia melodram\u00e1tica y creo que de ah\u00ed me viene\u201d, explicaba. \u201cLa estructura familiar si es un poco retorcida puede ser aplastante, como ocurre con el personaje de Hugo. Y es muy dif\u00edcil darte cuenta de ello porque todo viene envuelto de sentimientos. Es complicado reconocer el maltrato, el cari\u00f1o impide ver cosas\u201d. La falta de libertad y de pensamiento cr\u00edtico, lo f\u00e1cil que resulta manipular y hacer creer algo son asuntos por los que S\u00e1nchez se siente interpelada dentro y fuera de sus libros. <a href=\"https:\/\/elpais.com\/noticias\/noticias-falsas\/\" target=\"_self\" rel=\"nofollow noopener\" title=\"https:\/\/elpais.com\/noticias\/noticias-falsas\/\">En Lo inexplicable describe la desinformaci\u00f3n como un exceso<\/a>, precisamente, de informaci\u00f3n: \u201cTu juicio se puede empa\u00f1ar, el torbellino alrededor de la escasa informaci\u00f3n que se presenta crea un ruido que aturde. Son opiniones que te hacen confundirte, olvidar lo que piensas\u201d. Y \u00bfc\u00f3mo va su trabajo como acad\u00e9mica de la lengua? \u201cSoy fil\u00f3loga y escritora as\u00ed que me encanta. He llegado a la RAE con mucho bagaje tras trabajar 17 a\u00f1os en la universidad y tambi\u00e9n mucho tiempo en el sector privado. En estos tres a\u00f1os ha habido opiniones que sacuden y nos ponen casi a competir en los titulares con un cap\u00edtulo de la serie Supervivientes\u201d, zanja divertida. <\/p>\n","protected":false},"excerpt":{"rendered":"Como viene sucediendo desde el fenomenal \u00e9xito de Lo que esconde tu nombre en Italia, Clara S\u00e1nchez (Guadalajara,&hellip;\n","protected":false},"author":2,"featured_media":560779,"comment_status":"","ping_status":"","sticky":false,"template":"","format":"standard","meta":{"footnotes":""},"categories":[91],"tags":[108229,209,146,147,25,24,225,1645,23],"class_list":["post-560778","post","type-post","status-publish","format-standard","has-post-thumbnail","category-entretenimiento","tag-clara-sanchez","tag-cultura","tag-entertainment","tag-entretenimiento","tag-es","tag-espana","tag-libros","tag-novela","tag-spain"],"share_on_mastodon":{"url":"https:\/\/pubeurope.com\/@es\/116605886180632190","error":""},"_links":{"self":[{"href":"https:\/\/www.europesays.com\/es\/wp-json\/wp\/v2\/posts\/560778","targetHints":{"allow":["GET"]}}],"collection":[{"href":"https:\/\/www.europesays.com\/es\/wp-json\/wp\/v2\/posts"}],"about":[{"href":"https:\/\/www.europesays.com\/es\/wp-json\/wp\/v2\/types\/post"}],"author":[{"embeddable":true,"href":"https:\/\/www.europesays.com\/es\/wp-json\/wp\/v2\/users\/2"}],"replies":[{"embeddable":true,"href":"https:\/\/www.europesays.com\/es\/wp-json\/wp\/v2\/comments?post=560778"}],"version-history":[{"count":0,"href":"https:\/\/www.europesays.com\/es\/wp-json\/wp\/v2\/posts\/560778\/revisions"}],"wp:featuredmedia":[{"embeddable":true,"href":"https:\/\/www.europesays.com\/es\/wp-json\/wp\/v2\/media\/560779"}],"wp:attachment":[{"href":"https:\/\/www.europesays.com\/es\/wp-json\/wp\/v2\/media?parent=560778"}],"wp:term":[{"taxonomy":"category","embeddable":true,"href":"https:\/\/www.europesays.com\/es\/wp-json\/wp\/v2\/categories?post=560778"},{"taxonomy":"post_tag","embeddable":true,"href":"https:\/\/www.europesays.com\/es\/wp-json\/wp\/v2\/tags?post=560778"}],"curies":[{"name":"wp","href":"https:\/\/api.w.org\/{rel}","templated":true}]}}