{"id":560861,"date":"2026-05-20T09:24:09","date_gmt":"2026-05-20T09:24:09","guid":{"rendered":"https:\/\/www.europesays.com\/es\/560861\/"},"modified":"2026-05-20T09:24:09","modified_gmt":"2026-05-20T09:24:09","slug":"marta-gonzalez-corro-medico-el-colesterol-alto-no-te-mide-el-riesgo-cardiovascular-lo-que-tienes-que-pedir-en-tu-analitica-es-esto-el-mundo","status":"publish","type":"post","link":"https:\/\/www.europesays.com\/es\/560861\/","title":{"rendered":"Marta Gonz\u00e1lez-Corr\u00f3, m\u00e9dico: &quot;El colesterol alto no te mide el riesgo cardiovascular; lo que tienes que pedir en tu anal\u00edtica es esto&quot; &#8211; El Mundo"},"content":{"rendered":"<ol>\n<li><a href=\"https:\/\/news.google.com\/rss\/articles\/CBMijgFBVV95cUxQUEt6b2FnSFpQYllQZGZqZWVIY0h4OWxCbGtWMGlKRTlwUUEwT2FTMF94OWJSOXlsQzBwSVVqYUN2VnV4ZXBYdEZ1end2c2x6WVJSdnJiM1VWWHc1ZURBWDRWOU03Si0yaS1TcGxzUDJXVjBKWWhpU3VVZGNkdVc4X0RGR3lsRHNYTE9pR1Z3?oc=5\" target=\"_blank\" rel=\"nofollow noopener\">Marta Gonz\u00e1lez-Corr\u00f3, m\u00e9dico: \u00abEl colesterol alto no te mide el riesgo cardiovascular; lo que tienes que pedir en tu anal\u00edtica es esto\u00bb<\/a>&nbsp;&nbsp;El Mundo<\/li>\n<li><a href=\"https:\/\/news.google.com\/rss\/articles\/CBMikAFBVV95cUxPWFlobmZoUjVxY1JRNENNajU3b1VjSVRNRGQxbjQ5M2NSNTVacXo3ZS1WNGxrdWJVc1lNVzNpc0hGQlJiUzhtLTFsLUgwY0dyTTR1NEs3cE1LYS0xcHZrSEwwWmxXQ09NMEVMZzJYbE93SEV1S0hQT1JuZ1o4WmFrV3d5Y3BVOXota0owMTNnSTY?oc=5\" target=\"_blank\" rel=\"nofollow noopener\">Marta Gonz\u00e1lez, hepat\u00f3loga: \u00abSin un h\u00edgado feliz no podemos tener buena salud porque filtra absolutamente todo lo que comemos\u00bb<\/a>&nbsp;&nbsp;Men&#8217;s Health<\/li>\n<li><a href=\"https:\/\/news.google.com\/rss\/articles\/CBMirAJBVV95cUxPcjJiX0c2MGxrY0xqeXRhenBiZV9JcnoyQ2g4LXZQWC1tUnJhQk9MSGlkTnpPcXJsWkNTRzkycEFQM3pUODJmeGNpeGoxZHh4aFBtZ0tYM19GbEZBRG1iblVzQ2pNWWY1Q2o4TEliUXprYmQ5S2xYVWQ3SlVVSVZQQnRSY1pCc0N1cTBObFFUUlg2enhRck9VQ0NMeXlHdDk0ZnJ3SjhxVmJScDRnbUEzZUFyb1diM2xBQTRTZVBuTGxiU1pVblRuRDgtWXh2b3FDY25XOUJ4VE5vSVFGanNCTHU2YTREUlBrdC11OG5RNVNpTVNDd2MzWWxDenRjVFkzQV9FUFhzNWMxc1k0dVoybktkSXQ3ZmYwZC1lZzhDVFY2OGZVZVRpR2ZCSGM?oc=5\" target=\"_blank\" rel=\"nofollow noopener\">Marta Gonz\u00e1lez-Corr\u00f3, especialista en Nutrici\u00f3n: \u00abSi tomas un paracetamol, conviene acompa\u00f1arlo con una N-acetilciste\u00edna\u00bb<\/a>&nbsp;&nbsp;La Voz de Galicia<\/li>\n<li><a href=\"https:\/\/news.google.com\/rss\/articles\/CBMi9AFBVV95cUxQOEVOektzYndDQUk1dFNsd2pqcm1RVm53bWNyX0tGU1JiSHFVSXhSYlNHSjJjX1FNTUlmbnhsc3JaX1R5NngwWVd2WkRfNDNrdWJXamFDbWNBUXRxUHlHZFNxQWMxWjhSZFFNSDgtSUt1ZEdEdWVmOE5RRTRIWlNBRU5JSHBWRlBGNEx5eU5nSEYwZ05RRy13VmpZdXZOS0o1ZFRFWFR4blFTNF9EcWtHWl9jVHplRktOZThQWVVpSUgzeXdRQ2lYRHB3YWxxeExyaHFWRk1lZlhaYloyVEdwUGV4dGUyZ1RZa2psYXhOMk5ERzBI0gH0AUFVX3lxTE9GVkxfNjdOM25NM0o0QkROTnB6TkFUbTRaYzBaZjM3UmFpRXZjNGM2UE1LYUdyQWFBd2EwZnJvMTdWRTZSRHM4ZkZYSmo3UlRnN2NGM2tSLUZ6V2JVam5CSGVuUGJTNlVDY3ZqMTVJNWtUaWJPSU5hRDV1dE5xRkZiOWFnZkFxOThmQnFMOVVsOGV3WjRwMVZBN2dMOFNPR2JoX3Z2N0VpaHhHOFBaMFZuSGY3V3VKd2l0V2tlT0pxRk5TNUNOTDFMaHh6UVVUTnhad21kM2dHSFBvWWtxcVE0QUtVQVVmUHRLd1QyWTY2SFFneHI?oc=5\" target=\"_blank\" rel=\"nofollow noopener\">La funci\u00f3n oculta del intestino y del h\u00edgado en la inflamaci\u00f3n de bajo grado y su afecci\u00f3n en el cuerpo humano<\/a>&nbsp;&nbsp;LaSexta<\/li>\n<li><a href=\"https:\/\/news.google.com\/rss\/articles\/CBMi2wFBVV95cUxNRUdzY2lmTlFfT1BSdXBxSTFUZTIwMDd5ZmVYdWNKLXY5d29Ra21yemdpX1djcW5nVlAzbHQyRW1aVVRfdURlcmpZUXJoSndZc080ZGZmaENVWGg2Sk9ucHNUeDlKRjhhQ1I4TzNPOGo1cXU3S3ZJRnhKRnV3bFhzdFM5V1M5LWRORUV4LUNWYUtqVHliZU9Vd0xOd1Rrb3NHVkVlNWJxVU5XV2paSnVnTmdJSlROdXNkTUsyWm11SzI5TmQ3NWZOQTloekVoRW9wSHRxZlkxRjdwS0HSAe8BQVVfeXFMT0c3SEVZNFphOHB1NnREalowYXFpOGNYbVNmb2hIbTBDU3F2anBidktxNG1Xdk9TWFNOYlhNSFdTZU81b0NPQmZ2dVNqYUVaZXRBVUplR3ppbU9kRFVZcWVTNTR2OXhqakw0ZUk0a2E1VGFBb1JFLUl5N2RTS2gzUkZJSXh5WlVzdm5yWW1MY0hwejBkWnJJN20zNmZRdjlOTndvYmZCaUc5TGRsT2ptSmxEOFlwd3JwODZwbnUxSUR6LVRQRWF2V2pZc1h4NWdRSWlaZ2JVX3BOZTNWN1lHZmVpb2Q2djZWMGxGTndmUms?oc=5\" target=\"_blank\" rel=\"nofollow noopener\">Marta Gonz\u00e1lez-Corr\u00f3, m\u00e9dica: \u201cEl estr\u00e9s oxidativo y la inflamaci\u00f3n pueden da\u00f1ar las c\u00e9lulas hep\u00e1ticas\u201d<\/a>&nbsp;&nbsp;Diario AS<\/li>\n<\/ol>\n","protected":false},"excerpt":{"rendered":"Marta Gonz\u00e1lez-Corr\u00f3, m\u00e9dico: \u00abEl colesterol alto no te mide el riesgo cardiovascular; lo que tienes que pedir en&hellip;\n","protected":false},"author":2,"featured_media":560862,"comment_status":"","ping_status":"","sticky":false,"template":"","format":"standard","meta":{"footnotes":""},"categories":[92],"tags":[3214,21247,4251,13439,7763,25,24,7900,165,166,23,11066],"class_list":["post-560861","post","type-post","status-publish","format-standard","has-post-thumbnail","category-salud","tag-alimentacion","tag-alimentacion-saludable","tag-bienestar","tag-dieta-saludable","tag-dietas","tag-es","tag-espana","tag-estilo-de-vida","tag-health","tag-salud","tag-spain","tag-yodona-vida-saludable"],"share_on_mastodon":{"url":"https:\/\/pubeurope.com\/@es\/116606184131194709","error":""},"_links":{"self":[{"href":"https:\/\/www.europesays.com\/es\/wp-json\/wp\/v2\/posts\/560861","targetHints":{"allow":["GET"]}}],"collection":[{"href":"https:\/\/www.europesays.com\/es\/wp-json\/wp\/v2\/posts"}],"about":[{"href":"https:\/\/www.europesays.com\/es\/wp-json\/wp\/v2\/types\/post"}],"author":[{"embeddable":true,"href":"https:\/\/www.europesays.com\/es\/wp-json\/wp\/v2\/users\/2"}],"replies":[{"embeddable":true,"href":"https:\/\/www.europesays.com\/es\/wp-json\/wp\/v2\/comments?post=560861"}],"version-history":[{"count":0,"href":"https:\/\/www.europesays.com\/es\/wp-json\/wp\/v2\/posts\/560861\/revisions"}],"wp:featuredmedia":[{"embeddable":true,"href":"https:\/\/www.europesays.com\/es\/wp-json\/wp\/v2\/media\/560862"}],"wp:attachment":[{"href":"https:\/\/www.europesays.com\/es\/wp-json\/wp\/v2\/media?parent=560861"}],"wp:term":[{"taxonomy":"category","embeddable":true,"href":"https:\/\/www.europesays.com\/es\/wp-json\/wp\/v2\/categories?post=560861"},{"taxonomy":"post_tag","embeddable":true,"href":"https:\/\/www.europesays.com\/es\/wp-json\/wp\/v2\/tags?post=560861"}],"curies":[{"name":"wp","href":"https:\/\/api.w.org\/{rel}","templated":true}]}}