{"id":560907,"date":"2026-05-20T10:09:50","date_gmt":"2026-05-20T10:09:50","guid":{"rendered":"https:\/\/www.europesays.com\/es\/560907\/"},"modified":"2026-05-20T10:09:50","modified_gmt":"2026-05-20T10:09:50","slug":"barbara-lennie-y-aitana-sanchez-gijon-radiantes-chicas-almodovar-en-su-esperada-reaparicion-sobre-la-alfombra-roja-del-festival-de-cannes","status":"publish","type":"post","link":"https:\/\/www.europesays.com\/es\/560907\/","title":{"rendered":"B\u00e1rbara Lennie y Aitana S\u00e1nchez-Gij\u00f3n, radiantes &#8216;chicas Almod\u00f3var&#8217; en su esperada reaparici\u00f3n sobre la alfombra roja del Festival de Cannes"},"content":{"rendered":"<p id=\"e1svg_MFWjso\" data-wc=\"141\">El <strong>Festival de Cannes 2026<\/strong> contin\u00faa consolid\u00e1ndose como el gran escaparate internacional donde <a class=\"hm-link ho-link\" href=\"https:\/\/www.hola.com\/moda\/20260511900412\/festival-de-cannes-actrices-espanolas-previo-2026\/\" rel=\"noopener nofollow\" target=\"_blank\" data-mrf-recirculation=\"article-body-link\">cine, celebridades y moda se fusionan con m\u00e1s fuerza que nunca<\/a>. A medida que avanzan las jornadas en la Croisette, la alfombra roja del Palais des Festivals deja algunos de los looks m\u00e1s virales, teatrales y sofisticados de la temporada: desde el impactante vestido con cristales y una capa que recuerda a los antiguos reyes de Sharon Stone hasta el dise\u00f1o inspirado en una pintura floral flamenca de Cate Blanchett, pasando por el romanticismo et\u00e9reo de Daisy Edgar-Jones y el volumen fucsia con lazo XL de Demi Moore. En esta edici\u00f3n del certamen cinematogr\u00e1fico \u2014que adem\u00e1s cuenta con una destacada presencia espa\u00f1ola en competici\u00f3n oficial gracias a Pedro Almod\u00f3var, Rodrigo Sorogoyen y &#8216;Los Javis&#8217;\u2014 las grandes estrellas internacionales est\u00e1n transformando cada aparici\u00f3n en un aut\u00e9ntico desfile de estilo<\/p>\n<p>153<\/p>\n<p>  <img src=\"https:\/\/www.europesays.com\/es\/wp-content\/uploads\/2026\/05\/deae4e1a67cd-gettyimages-2277155794.jpg\"   width=\"682\" height=\"1024\" loading=\"lazy\" decoding=\"async\" alt=\"Media Image\" fetchpriority=\"auto\" class=\"image ho-image\"\/>\u00a9 Getty Images<\/p>\n<p> Aitana S\u00e1nchez-Gij\u00f3n<\/p>\n<p id=\"eOJG5mGTrW\">La ic\u00f3nica actriz espa\u00f1ola, que reaparece sobre la alfombra roja despu\u00e9s de pasar unas semanas complicadas tras perder a su madre, se ha mimetizado con la alfombra roja gracias a un fabuloso dise\u00f1o de Carolina Herrera, un vestido de escote palabra de honor, cuerpo entallado y falda de tul estilo princesa hasta los tobillos.<\/p>\n<p>253<\/p>\n<p>  <img src=\"https:\/\/www.europesays.com\/es\/wp-content\/uploads\/2026\/05\/eeaa320d4dfb-gettyimages-2277134933.jpg\"   width=\"1080\" height=\"1800\" loading=\"lazy\" decoding=\"async\" alt=\"Media Image\" fetchpriority=\"auto\" class=\"image ho-image\"\/>\u00a9 Getty Images<\/p>\n<p> B\u00e1rbara Lennie<\/p>\n<p id=\"eKmqKyKwUc\">Tambi\u00e9n era muy esperado el regreso de B\u00e1rbara, puesto que hace apenas un par de semanas conocimos su separaci\u00f3n de Diego Postigo, con quien llevaba diez a\u00f1os de relaci\u00f3n. La actriz desfil\u00f3 ante las c\u00e1maras de la mano de Pedro Almod\u00f3var con un original look en tono crudo decorado con pedrer\u00eda y plumas perteneciente a la colecci\u00f3n Primavera\/Verano 2026 de Chanel<\/p>\n<p>353<\/p>\n<p>  <img src=\"https:\/\/www.europesays.com\/es\/wp-content\/uploads\/2026\/05\/4e122642084e-gettyimages-2277155341.jpg\"   width=\"682\" height=\"1024\" loading=\"lazy\" decoding=\"async\" alt=\"Media Image\" fetchpriority=\"auto\" class=\"image ho-image\"\/>\u00a9 Gettty Images<\/p>\n<p> Milena Smit<\/p>\n<p id=\"emUk1At4RR\">Fiel a su estilo misterioso, seductor y con un punto dark, la actriz lo ha apostado todo al negro con un look de Tom Ford por Haider Ackermann, un vestido entallado y brillante con efecto corsetero y fular al cuello a juego. Para rematar, joyas de diamantes y esmeraldas de Bvlgari.\u00a0<\/p>\n<p>453<\/p>\n<p>  <img src=\"https:\/\/www.europesays.com\/es\/wp-content\/uploads\/2026\/05\/d3bc2fe9afd6-gettyimages-2277136570.jpg\"   width=\"682\" height=\"1024\" loading=\"lazy\" decoding=\"async\" alt=\"Media Image\" fetchpriority=\"auto\" class=\"image ho-image\"\/>\u00a9 Getty Images<\/p>\n<p> Nieves \u00c1lvarez<\/p>\n<p id=\"eTg72n2Tgl\">La modelo, que debuta como actriz, ha elegido un vestido negro de efecto wet con escotazo de alto infarto, un imponente dise\u00f1o de Giorgio Armani Priv\u00e9 al que ha sumado espectaculares joyas de Bvlgari.<\/p>\n<p>653<\/p>\n<p>  <img src=\"https:\/\/www.europesays.com\/es\/wp-content\/uploads\/2026\/05\/c33880de320f-u609756154.jpg\"   width=\"682\" height=\"1024\" loading=\"lazy\" decoding=\"async\" alt=\"Sharon Stone en la alfombra roja del Festival de Cannes. \" fetchpriority=\"auto\" class=\"image ho-image\"\/>\u00a9 GTRES<\/p>\n<p> Sharon Stone<\/p>\n<p id=\"eBC9P2FEyEz7\">En su aparici\u00f3n para el estreno mundial de Fjords, la actriz se mostr\u00f3 de lo m\u00e1s sonriente con un vestido palabra de honor con pedrer\u00eda y una capa a juego. El dise\u00f1o pertenece a la colecci\u00f3n de alta costura 2026 de la firma londinense Miss Sohee. La parte delantera del vestido destacaba por un panel con silueta de reloj de arena en color lavanda, adornado con bordados florales y cristales brillantes.\u00a0<\/p>\n<p id=\"edXNSqQ6WYnR\">\u00a0<\/p>\n<p>753<\/p>\n<p>  <img src=\"https:\/\/www.europesays.com\/es\/wp-content\/uploads\/2026\/05\/2e67c8059e32-u609756009.jpg\"   width=\"682\" height=\"1024\" loading=\"lazy\" decoding=\"async\" alt=\"Georgina en la alfombra roja del Festival de Cannes. \" fetchpriority=\"auto\" class=\"image ho-image\"\/>\u00a9 GTRES<\/p>\n<p> Georgina Rodr\u00edguez<\/p>\n<p id=\"eWjep_WxTZUz\">La prometida de Cristiano Ronaldo ha sido una de las asistentes VIP al pase de la pel\u00edcula Fjord. Para la ocasi\u00f3n, ha confiado en una de sus siluetas favoritas: vestido con escote palabra de honor, cuerpo estilo corpi\u00f1o y corte ajustado hasta la cadera. Se trata de una creaci\u00f3n confeccionada en encaje de color topo que, tanto por el tejido como por el patr\u00f3n, nos ha recordado al vestido que llev\u00f3 en su debut en el Festival de Venecia, en 2018. Ha lucido joyas de Chopard.<\/p>\n<p>853<\/p>\n<p>  <img src=\"https:\/\/www.europesays.com\/es\/wp-content\/uploads\/2026\/05\/05cf5b574ef0-u609756115.jpg\"   width=\"682\" height=\"1024\" loading=\"lazy\" decoding=\"async\" alt=\"Daisy Edgar-Jones en la alfombra roja de l Festival de Cannes. \" fetchpriority=\"auto\" class=\"image ho-image\"\/>\u00a9 GTRES<\/p>\n<p> Daisy Edgar-Jones<\/p>\n<p id=\"efTl5Dpkx4Vk\">La actriz ha asistido a la premiere\u00a0de Fjord\u00a0en el enclave del Festival de Cine de Cannes y ha brillado en la alfombra roja con un vestido et\u00e9reo en color nude\u00a0con un sinf\u00edn de cristales y lentejuelas.\u00a0<\/p>\n<p>953<\/p>\n<p>  <img src=\"https:\/\/www.europesays.com\/es\/wp-content\/uploads\/2026\/05\/d36c2d191b7f-u609756157.jpg\"   width=\"682\" height=\"1024\" loading=\"lazy\" decoding=\"async\" alt=\"Carla Bruni en la alfombra roja de l Festival de Cannes. \" fetchpriority=\"auto\" class=\"image ho-image\"\/>\u00a9 GTRES<\/p>\n<p> Carla Bruni<\/p>\n<p id=\"eQNKGNy-0pnI\">La ex primera dama francesa volvi\u00f3 a pisar la alfombra roja con un vestido en terciopelo negro con hombreras y manga larga con un pronunciado y favorecedor escote en V, completado con un cintur\u00f3n de piel, unos zapatos de tac\u00f3n y la elegancia de la cola.\u00a0<\/p>\n<p>1053<\/p>\n<p>  <img src=\"https:\/\/www.europesays.com\/es\/wp-content\/uploads\/2026\/05\/2ef5961c274a-u609756184-sofia-carson.jpg\"   width=\"866\" height=\"1024\" loading=\"lazy\" decoding=\"async\" alt=\"Sofia Carson en la alfombra roja del Festival de Cannes. \" fetchpriority=\"auto\" class=\"image ho-image\"\/>\u00a9 GTRES<\/p>\n<p> Sofia Carson<\/p>\n<p id=\"ekf0JxXWFkBI\">Un vestido rosa de princesa con delicados volantes y una larga cola es lo que ha necesitado la actriz Sofia Carson para brillar en la alfombra roja de la premiere de Fjord.<\/p>\n<p>1153<\/p>\n<p>  <img src=\"https:\/\/www.europesays.com\/es\/wp-content\/uploads\/2026\/05\/f7b11d96b7cd-u609756068.jpg\"   width=\"682\" height=\"1024\" loading=\"lazy\" decoding=\"async\" alt=\"Demi Moore en la alfombra roja de l Festival de Cannes. \" fetchpriority=\"auto\" class=\"image ho-image\"\/>\u00a9 GTRES<\/p>\n<p> Demi Moore<\/p>\n<p id=\"eJ4HfrxgTraX\">La actriz ha lucido un vestido de Gucci que ya vimos en la colecci\u00f3n Cruise 2027, presentada en Nueva York. Un dise\u00f1o asim\u00e9trico con efecto plumaje de un solo hombro. Demi lo combina con unos pantalones de sastre y unas gafas maxi tipo m\u00e1scara, que le dan a\u00fan m\u00e1s car\u00e1cter al look. Lo completa todo con collares de diamantes y esmeraldas.<\/p>\n<p>1253<\/p>\n<p>  <img src=\"https:\/\/www.europesays.com\/es\/wp-content\/uploads\/2026\/05\/7d2024e34c49-gettyimages-2276804587.jpg\"   width=\"683\" height=\"1024\" loading=\"lazy\" decoding=\"async\" alt=\"Cate Blanchett en la alfombra roja del Festival de Cannes 2026.\" fetchpriority=\"auto\" class=\"image ho-image\"\/>\u00a9 Getty Images<\/p>\n<p> Cate Blanchett<\/p>\n<p id=\"eRNrzeVTd3ku\">La actriz ganadora de dos premios \u00d3scar asisti\u00f3 al estreno de Garance\u00a0luciendo un look de la colecci\u00f3n ready-to-wear de oto\u00f1o 2026 de Givenchy, la cual debut\u00f3 en marzo como parte de la Semana de la Moda de Par\u00eds. Cate llev\u00f3 un vestido de espalda descubierta pintado, bordado, deshilachado y con flecos, dise\u00f1ado por la directora creativa Sarah Burton. Los elementos florales evocaban una \u00abpintura floral flamenca\u00bb, seg\u00fan la rese\u00f1a de la colecci\u00f3n escrita por Miles Socha.<\/p>\n<p>1353<\/p>\n<p>  <img src=\"https:\/\/www.europesays.com\/es\/wp-content\/uploads\/2026\/05\/914d0b4d1f2d-u609701188.jpg\"   width=\"682\" height=\"1024\" loading=\"lazy\" decoding=\"async\" alt=\"Carla Bruni en la alfombra roja del Festival de Cannes 2026.\" fetchpriority=\"auto\" class=\"image ho-image\"\/>\u00a9 GTRES<\/p>\n<p> Carla Bruni<\/p>\n<p id=\"edS5NZyy26Sn\">El estampado blanco y negro de inspiraci\u00f3n cebra realza el vestido que Carla Bruni ha elegido lucir en la alfombra roja del Festival de Cannes para el estreno de la pel\u00edcula Garance. Un espectacular dise\u00f1o de Roberto Cavalli por Fausto Puglisi. El vestido lucido por la ex primera dama destaca por un pronunciado escote con un lazo justo debajo, mientras que la falda, rematada con una larga cola, crea un efecto esc\u00e9nico. Para elevar el look, Carla ha brillado con un collar de esmeraldas de Chopard.<\/p>\n<p>1453<\/p>\n<p>  <img src=\"https:\/\/www.europesays.com\/es\/wp-content\/uploads\/2026\/05\/4139bec687cf-u609701185-bella-hadid.jpg\"   width=\"690\" height=\"1024\" loading=\"lazy\" decoding=\"async\" alt=\"Bella Hadid en la alfombra roja del Festival de Cannes 2026.\" fetchpriority=\"auto\" class=\"image ho-image\"\/>\u00a9 GTRES<\/p>\n<p> Bella Hadid<\/p>\n<p id=\"edxcwcec-JdR\">La modelo pis\u00f3 la alfombra roja como una princesa de cuento, vestida de Prada y con joyas de Chopard. El dise\u00f1o destaca por su color azul empolvado, un cuerpo tipo cors\u00e9 con peque\u00f1os cristales y un elegante corte midi. \u00a0<\/p>\n<p>1553<\/p>\n<p>  <img src=\"https:\/\/www.europesays.com\/es\/wp-content\/uploads\/2026\/05\/84b4bacf6f10-u609701164.jpg\"   width=\"682\" height=\"1024\" loading=\"lazy\" decoding=\"async\" alt=\"Julianne Moore en la alfombra roja del Festival de Cannes 2026.\" fetchpriority=\"auto\" class=\"image ho-image\"\/>\u00a9 GTRES<\/p>\n<p> Julianne Moore<\/p>\n<p id=\"eqnQBjuEIryp\">La actriz apost\u00f3 por la elegancia atemporal de un vestido rojo hecho a medida por Bottega Veneta para el Festival de Cannes, donde desfil\u00f3 por la alfombra roja con motivo del estreno de la pel\u00edcula Garance. Julianne Moore complet\u00f3 este dise\u00f1o con escote barco luciendo joyas de diamantes firmadas por Messika.<\/p>\n<p>1653<\/p>\n<p>  <img src=\"https:\/\/www.europesays.com\/es\/wp-content\/uploads\/2026\/05\/84f51d832729-u609701194.jpg\"   width=\"645\" height=\"1024\" loading=\"lazy\" decoding=\"async\" alt=\"Alicia Vikander en la alfombra roja del Festival de Cannes 2026.\" fetchpriority=\"auto\" class=\"image ho-image\"\/>\u00a9 GTRES<\/p>\n<p> Alicia Vikander<\/p>\n<p id=\"eJIWQZ_7kxdh\">Junto a Michael Fasbender, la actriz ha posado en la alfombra roja de Cannes con un vestido minimalista de Louis Vuitton, para asistir a la premiere\u00a0de Hope.<\/p>\n<p>1753<\/p>\n<p>  <img src=\"https:\/\/www.europesays.com\/es\/wp-content\/uploads\/2026\/05\/37ec8cd37422-u609701171.jpg\"   width=\"682\" height=\"1024\" loading=\"lazy\" decoding=\"async\" alt=\"Chiara Ferragni en la alfombra roja del Festival de Cannes 2026.\" fetchpriority=\"auto\" class=\"image ho-image\"\/>\u00a9 GTRES<\/p>\n<p> Chiara Ferragni<\/p>\n<p id=\"eIaqYJYRzIfL\">La influencer\u00a0y empresaria italiana apost\u00f3 por Roberto Cavalli Archive por Fausto Puglisi durante el estreno de Garance\u00a0en la 79.\u00aa edici\u00f3n del Festival de Cine de Cannes. El look cuenta con un precioso vestido bordado enteramente a mano con motivos naturales y florales, inspirados en las pinturas buc\u00f3licas de Pompeya. El intrincado bordado se realza con hilos, lentejuelas, cristales y p\u00e9talos moldeados t\u00e9rmicamente que crean un efecto tridimensional, mientras que una banda de terciopelo verde pespunteada acent\u00faa la silueta.<\/p>\n<p>1853<\/p>\n<p>  <img src=\"https:\/\/www.europesays.com\/es\/wp-content\/uploads\/2026\/05\/47921c39555f-u609612178.jpg\"   width=\"818\" height=\"1024\" loading=\"lazy\" decoding=\"async\" alt=\"Demi Moore en la alfombra roja del Festival de Cannes 2026.\" fetchpriority=\"auto\" class=\"image ho-image\"\/>\u00a9 GTRES<\/p>\n<p> Demi Moore<\/p>\n<p id=\"eCp3lslQumS9\">Demi Moore llev\u00f3 el volumen al extremo el s\u00e1bado en Cannes durante el estreno de Paper Tiger, al que asisti\u00f3 con un dise\u00f1o rosa fucsia de Mati\u00e8res F\u00e9cales. Esta semana, la actriz ya hab\u00eda lucido dos looks igual de espectaculares: la pulida sastrer\u00eda francesa de Jacquemus y el dramatismo rojo de Demna para Gucci. Sin embargo, para esta ocasi\u00f3n apost\u00f3 por una propuesta m\u00e1s arriesgada, un dise\u00f1o caracterizado por sus bajos deshilachados, un volumen descomunal y un trasfondo conceptual inspirado en la riqueza, el poder y los excesos.<\/p>\n<p id=\"evuv9r4-fvCc\">\u00a0<\/p>\n<p>1953<\/p>\n<p>  <img src=\"https:\/\/www.europesays.com\/es\/wp-content\/uploads\/2026\/05\/02dae48e3e79-u609612199.jpg\"   width=\"682\" height=\"1024\" loading=\"lazy\" decoding=\"async\" alt=\"Cate Blanchett en la alfombra roja del Festival de Cannes 2026.\" fetchpriority=\"auto\" class=\"image ho-image\"\/>\u00a9 GTRES<\/p>\n<p> Cate Blanchett<\/p>\n<p id=\"eYkxS75juf1e\">La actriz ha vuelto a pisar la alfombra roja para asistir al estreno de Paper Tiger. El terciopelo siempre ha transmitido una especie de melancol\u00eda aristocr\u00e1tica, pero en esta ocasi\u00f3n evocaba m\u00e1s bien a una hero\u00edna g\u00f3tica sumergida en un mito moderno. El alma del look era un espectacular cuello plisado hecho a mano que estallaba alrededor de su escote, recordando a un cuervo en pleno vuelo. Un detalle que transform\u00f3 el vestido de elegante a puramente dram\u00e1tico. El look se complet\u00f3 \u00fanicamente con el anillo Infini, un earcuff\u00a0y unos pendientes de la colecci\u00f3n de Alta Joyer\u00eda de Louis Vuitton.<\/p>\n<p>2053<\/p>\n<p>  <img src=\"https:\/\/www.europesays.com\/es\/wp-content\/uploads\/2026\/05\/e9edc9ded513-u609612179.jpg\"   width=\"682\" height=\"1024\" loading=\"lazy\" decoding=\"async\" alt=\"Barbara Palvin en la alfombra roja del Festival de Cannes 2026.\" fetchpriority=\"auto\" class=\"image ho-image\"\/>\u00a9 GTRES<\/p>\n<p> Barbara Palvin<\/p>\n<p id=\"e5jKLMEJRFx4\">Una radiante y embarazada Barbara Palvin apost\u00f3 por la elegancia et\u00e9rea con un vestido fluido en tono crema de Ella Mae, caracterizado por sus delicados drapeados y unas rom\u00e1nticas mangas ca\u00eddas que dejaban los hombros al descubierto. Las ondas ligeramente desenfadadas de la modelo y su maquillaje natural realzaron el aire de ensue\u00f1o del look. El corpi\u00f1o texturizado y la falda vaporosa confirieron al conjunto un aire de inspiraci\u00f3n vintage\u00a0que logr\u00f3 destacar entre los vestidos m\u00e1s estructurados de la noche.<\/p>\n<p>2153<\/p>\n<p>  <img src=\"https:\/\/www.europesays.com\/es\/wp-content\/uploads\/2026\/05\/479051b4fa5b-gettyimages-2276074977.jpg\"   width=\"682\" height=\"1024\" loading=\"lazy\" decoding=\"async\" alt=\"Kristen Stewart en la alfombra roja del Festival de Cannes 2026.\" fetchpriority=\"auto\" class=\"image ho-image\"\/>\u00a9 Getty Images<\/p>\n<p> Kristen Stewart<\/p>\n<p id=\"eV-WvKf1ygnt\">Hubo que esperar hasta las doce de la noche para ver por fin a Kristen Stewart, que lleg\u00f3 a Cannes para defender la nueva pel\u00edcula de Quentin Dupieux, Full Phil, presentada fuera de competici\u00f3n. Para este estreno mundial en la Croisette, como era de esperar, la actriz eligi\u00f3 a Chanel, firma de la que es su emblem\u00e1tica embajadora. En esta ocasi\u00f3n ha optado por un vestido largo en tonos rojo y negro. El dise\u00f1o pertenece a la colecci\u00f3n oto\u00f1o-invierno 2026-2027, presentada el pasado mes de marzo bajo la nave del Grand Palais.<\/p>\n<p>2253<\/p>\n<p>  <img src=\"https:\/\/www.europesays.com\/es\/wp-content\/uploads\/2026\/05\/009020889c2c-u609525154.jpg\"   width=\"682\" height=\"1024\" loading=\"lazy\" decoding=\"async\" alt=\"Romee Strijd en la alfombra roja del Festival de Cannes 2026.\" fetchpriority=\"auto\" class=\"image ho-image\"\/>\u00a9 GTRES<\/p>\n<p> Romee Strijd<\/p>\n<p id=\"ejVvPFfrD-me\">La modelo neerlandesa, que fue uno de los \u00e1ngeles de Victoria&#8217;s Secret m\u00e1s reconocidos, ha pisado la alfombra roja con un vestido vaporoso azul celeste, de escote bardot, confeccionado en gasa y protagonizado por un cuerpo drapeado. El dise\u00f1o se ha adornado con joyas de Chopard.<\/p>\n<p>2353<\/p>\n<p>  <img src=\"https:\/\/www.europesays.com\/es\/wp-content\/uploads\/2026\/05\/3e8367fbfc2c-gettyimages-2276239527.jpg\"   width=\"682\" height=\"1024\" loading=\"lazy\" decoding=\"async\" alt=\"Diane Kruger\" fetchpriority=\"auto\" class=\"image ho-image\"\/>\u00a9 Getty Images<\/p>\n<p> Diane Kruger<\/p>\n<p id=\"eDVNxguuW8aI\">En el estreno de Fatherland, la actriz alemana apost\u00f3 por un minivestido asim\u00e9trico con brocados y una dram\u00e1tica capa verde que anudaba en su cuello.<\/p>\n<p>2453<\/p>\n<p>  <img src=\"https:\/\/www.europesays.com\/es\/wp-content\/uploads\/2026\/05\/a4ffa450700a-gettyimages-2276240330.jpg\"   width=\"682\" height=\"1024\" loading=\"lazy\" decoding=\"async\" alt=\"Demi Moore\" fetchpriority=\"auto\" class=\"image ho-image\"\/>\u00a9 Getty Images<\/p>\n<p> Demi Moore<\/p>\n<p id=\"e3WUSVn_yIw2\">Para el estreno de Fatherland, la actriz estadounidense impact\u00f3 con un vestido rojo de escote vanguardista.<\/p>\n<p>2553<\/p>\n<p>  <img src=\"https:\/\/www.europesays.com\/es\/wp-content\/uploads\/2026\/05\/ea613fa1b91f-gettyimages-2276240855.jpg\"   width=\"682\" height=\"1024\" loading=\"lazy\" decoding=\"async\" alt=\"Sara Sampaio\" fetchpriority=\"auto\" class=\"image ho-image\"\/>\u00a9 Getty Images<\/p>\n<p> Sara Sampaio<\/p>\n<p id=\"ekKIby93XhOA\">La actriz y modelo portuguesa tampoco quiso perderse el estreno de Fatherland. Para la ocasi\u00f3n, apost\u00f3 por la tendencia nupcial con un vestido de tul blanco, con escote palabra de honor y falda voluminosa.<\/p>\n<p>2653<\/p>\n<p>  <img src=\"https:\/\/www.europesays.com\/es\/wp-content\/uploads\/2026\/05\/d4725420e8ad-gettyimages-2275566695.jpg\"   width=\"682\" height=\"1024\" loading=\"lazy\" decoding=\"async\" alt=\" El debut de Charles Leclerc y su mujer y los mejores looks del Festival de Cannes 2026\" fetchpriority=\"auto\" class=\"image ho-image\"\/>\u00a9 Getty Images<\/p>\n<p> Alexandra Saint Mleux y Charles Leclerc<\/p>\n<p id=\"eLUzyP9d9no9\">El piloto de F\u00f3rmula 1 y la empresaria e influencer se casaron en una preciosa ceremonia de pel\u00edcula en el Principado de M\u00f3naco el pasado 28 de febrero, d\u00eda en el que la francesa luci\u00f3 <a class=\"hm-link ho-link\" href=\"https:\/\/www.hola.com\/novias\/20260302886923\/alexandra-saint-mleux-vestido-novia-charles-leclerc-boda\/\" data-mrf-recirculation=\"article-body-link\" rel=\"nofollow noopener\" target=\"_blank\">un vestido de novia en encaje con bordados de flores, mariposas y lentejuelas<\/a>. Esta alfombra roja es, por tanto, la primera que desfilan como marido y mujer, y para la ocasi\u00f3n ella se enfund\u00f3 en un dise\u00f1o Primavera\/Verano 2026 de Paolo Sebastian, misma firma que la acompa\u00f1\u00f3 en su boda, y joyas de Messika. \u00c9l visti\u00f3 un esmoquin cl\u00e1sico de Giorgio Armani.<\/p>\n<p>2753<\/p>\n<p>  <img src=\"https:\/\/www.europesays.com\/es\/wp-content\/uploads\/2026\/05\/4d6537002e2c-gettyimages-2275461924.jpg\"   width=\"1080\" height=\"1800\" loading=\"lazy\" decoding=\"async\" alt=\"Demi Moore\" fetchpriority=\"auto\" class=\"image ho-image\"\/>\u00a9 Getty Images<\/p>\n<p> Demi Moore<\/p>\n<p id=\"eFPETwqvfZ9WC\">La actriz y miembro del jurado opt\u00f3 para el segundo d\u00eda de alfombra roja por un vestido et\u00e9reo en color malva con larga cola de jirones, que acompa\u00f1\u00f3 de grandes pendientes de diamantes de Chopard.<\/p>\n<p>2853<\/p>\n<p>  <img src=\"https:\/\/www.europesays.com\/es\/wp-content\/uploads\/2026\/05\/f08eceed8f9c-gettyimages-2276037379.jpg\"   width=\"682\" height=\"1024\" loading=\"lazy\" decoding=\"async\" alt=\"Gillian Anderson \" fetchpriority=\"auto\" class=\"image ho-image\"\/>\u00a9 Getty Images<\/p>\n<p> Gillian Anderson<\/p>\n<p id=\"eCoJxoJcSDd33\">La actriz estadounidense durante el estreno de La vie d\u2019une femme apost\u00f3 por un vestido blanco con bandas de cristales y perlas enmarcando el pecho, de Miu Miu. Adem\u00e1s, llev\u00f3 joyas de Chaumet: el nuevo anillo y pendientes Soir de F\u00eate, combinados con la nueva pulsera Amour d\u00b4Aigrette de la colecci\u00f3n Jos\u00e9phine).<\/p>\n<p>2953<\/p>\n<p id=\"ezLTZWw9Ezl0P\">\u00a0<\/p>\n<p>  <img src=\"https:\/\/www.europesays.com\/es\/wp-content\/uploads\/2026\/05\/c14d73d41d1f-gettyimages-2276036369.jpg\"   width=\"692\" height=\"1024\" loading=\"lazy\" decoding=\"async\" alt=\"Sara Sampaio\" fetchpriority=\"auto\" class=\"image ho-image\"\/>\u00a9 Getty Images<\/p>\n<p> Sara Sampaio<\/p>\n<p id=\"ejZ48Iis9jmmY\">La actriz y modelo portuguesa luci\u00f3 un vestido blanco con efecto escamas en color blanco de Waad Aloqaili, que se entallaba a la perfecci\u00f3n a su figura. Lo complemento con joyas de Messika.<\/p>\n<p>3053<\/p>\n<p>  <img src=\"https:\/\/www.europesays.com\/es\/wp-content\/uploads\/2026\/05\/5663d79b4540-gettyimages-2276038408.jpg\"   width=\"682\" height=\"1024\" loading=\"lazy\" decoding=\"async\" alt=\"Anna Mouglalis\" fetchpriority=\"auto\" class=\"image ho-image\"\/>\u00a9 Getty Images<\/p>\n<p> Anna Mouglalis<\/p>\n<p id=\"e9sn-mscQBG83\">La actriz y modelo francesa se decant\u00f3 por un innovador vestido midi, de Chanel (colecci\u00f3n Alta Costura Primavera\/Verano 2026).<\/p>\n<p>3153<\/p>\n<p>  <img src=\"https:\/\/www.europesays.com\/es\/wp-content\/uploads\/2026\/05\/5099bfb83eb0-gettyimages-2276036399.jpg\"   width=\"682\" height=\"1024\" loading=\"lazy\" decoding=\"async\" alt=\"Hande Ercel\" fetchpriority=\"auto\" class=\"image ho-image\"\/>\u00a9 Getty Images<\/p>\n<p> Hande Ercel<\/p>\n<p id=\"eNXP1x-_hoXUW\">La actriz y modelo turca opt\u00f3 en el segundo d\u00eda de Cannes por un vestido con escote fantas\u00eda, de Sophie Couture; que realz\u00f3 con el collar Gemma Superlative en oro rosa, piedras preciosas de colores y diamantes marrones, de Pomellato.<\/p>\n<p>3253<\/p>\n<p>  <img src=\"https:\/\/www.europesays.com\/es\/wp-content\/uploads\/2026\/05\/d9457a4b641f-gettyimages-2276039516.jpg\"   width=\"694\" height=\"1024\" loading=\"lazy\" decoding=\"async\" alt=\"Ruth Negga\" fetchpriority=\"auto\" class=\"image ho-image\"\/>\u00a9 Getty Images<\/p>\n<p> Ruth Negga<\/p>\n<p id=\"e2d5MBxy1aeBw\">La actriz de Etiop\u00eda, parte del jurado, luci\u00f3 un vestido negro con volante en la cintura, de Saint Laurent. Lo acompa\u00f1\u00f3 de joyas de esmeraldas y diamantes de Chopard.<\/p>\n<p>3353<\/p>\n<p id=\"eJB5vPM2qAR2V\">\u00a0<\/p>\n<p>  <img src=\"https:\/\/www.europesays.com\/es\/wp-content\/uploads\/2026\/05\/ad8fa3a09da0-gettyimages-2275841402.jpg\"   width=\"682\" height=\"1024\" loading=\"lazy\" decoding=\"async\" alt=\"Demi Moore\" fetchpriority=\"auto\" class=\"image ho-image\"\/>\u00a9 Getty Images<\/p>\n<p> Demi Moore<\/p>\n<p id=\"eRtKUeHznOMVe\">La actriz estadounidense, una de la integrantes del jurado de esta edici\u00f3n, brillo con un dise\u00f1o de Jacquemus que combin\u00f3 con joyas de Chopard, entre las que destacaba su impresionante gargantilla.\u00a0<\/p>\n<p>3453<\/p>\n<p>  <img src=\"https:\/\/www.europesays.com\/es\/wp-content\/uploads\/2026\/05\/8a93440baa48-gettyimages-2275829463.jpg\"   width=\"682\" height=\"1024\" loading=\"lazy\" decoding=\"async\" alt=\"Kelly Rutherford\" fetchpriority=\"auto\" class=\"image ho-image\"\/>\u00a9 Getty Images<\/p>\n<p> Kelly Rutherford<\/p>\n<p id=\"eOB28oMG3oewK\">La actriz estadounidense llev\u00f3 un vestido negro texturizado, con escote a la caja y manga larga, de Giorgio Armani. Lo realz\u00f3 con joyas de Alta Joyer\u00eda de Damiani: collar Gioia del Mare en oro blanco, diamantes y turmalinas Paraiba, combinado con pendientes y anillos Mimosa en oro blanco y diamantes.<\/p>\n<p>3553<\/p>\n<p>  <img src=\"https:\/\/www.europesays.com\/es\/wp-content\/uploads\/2026\/05\/bca2e728038a-gettyimages-2275827426.jpg\"   width=\"682\" height=\"1024\" loading=\"lazy\" decoding=\"async\" alt=\"Poppy Delevingne\" fetchpriority=\"auto\" class=\"image ho-image\"\/>\u00a9 Getty Images<\/p>\n<p> Poppy Delevingne<\/p>\n<p id=\"eRml6Jxw9SRLU\">El color negro tambi\u00e9n fue la tendencia que eligi\u00f3 la modelo brit\u00e1nica. Sin embargo, rompi\u00f3 la sobriedad al decantarse por un vestido aterciopelado con detalles transparentes y gui\u00f1os lenceros, de John Galliano para Dior (colecci\u00f3n Alta Costura Oto\u00f1o\/Invierno 2007-2008). Lo realz\u00f3 con joyas de Chopard.<\/p>\n<p>3653<\/p>\n<p>  <img src=\"https:\/\/www.europesays.com\/es\/wp-content\/uploads\/2026\/05\/91d04125f624-gettyimages-2275832366.jpg\"   width=\"707\" height=\"1024\" loading=\"lazy\" decoding=\"async\" alt=\"Jane Fonda\" fetchpriority=\"auto\" class=\"image ho-image\"\/>\u00a9 Mike Marsland\/WireImage<\/p>\n<p> Jane Fonda<\/p>\n<p id=\"ebS70Ypcf90RD\">Para la ceremonia inaugural, la actriz estadounidense volvi\u00f3 a ser ejemplo de glamour con un vestido largo de lentejuelas negras, de Gucci; que acompa\u00f1aba de un colgante impresionante de diamantes y piedra aguamarina de 46,34 quilates en talla cabuj\u00f3n oval, de Pomellato.<\/p>\n<p>3753<\/p>\n<p id=\"et9p3LLeXtzeJ\">\u00a0<\/p>\n<p>  <img src=\"https:\/\/www.europesays.com\/es\/wp-content\/uploads\/2026\/05\/2fca8ac5277c-gettyimages-2275835478.jpg\"   width=\"781\" height=\"1024\" loading=\"lazy\" decoding=\"async\" alt=\"Heidi Klum\" fetchpriority=\"auto\" class=\"image ho-image\"\/>\u00a9 Getty Images<\/p>\n<p> Heidi Klum<\/p>\n<p id=\"e3khpIfNu3xei\">\u00a0Muy buc\u00f3lica, la supermodelo alemana y presentadora de televisi\u00f3n opt\u00f3 por un vestido amarillo adornado con una gran flor en el pecho, de Elie Saab (colecci\u00f3n Alta Costura Oto\u00f1o\/Invierno 2025-2026).<\/p>\n<p>3853<\/p>\n<p>  <img src=\"https:\/\/www.europesays.com\/es\/wp-content\/uploads\/2026\/05\/3999e757f73e-gettyimages-2275846197.jpg\"   width=\"682\" height=\"1024\" loading=\"lazy\" decoding=\"async\" alt=\"Carlos Sainz Jr. and Rebecca Donaldson\" fetchpriority=\"auto\" class=\"image ho-image\"\/>\u00a9 Getty Images<\/p>\n<p> Carlos Sainz Jr. y Rebecca Donaldson<\/p>\n<p id=\"eIKj2F72rRBin\">Siempre a juego, el piloto espa\u00f1ol de automovilismo y la supermodelo escocesa derrocharon glamour con dise\u00f1os de Giorgio Armani; un esmoquin y un vestido, respectivamente. Ella, adem\u00e1s, llev\u00f3 bolso de Bvlgari.<\/p>\n<p>3953<\/p>\n<p>  <img src=\"https:\/\/www.europesays.com\/es\/wp-content\/uploads\/2026\/05\/cca574296920-gettyimages-2275835952.jpg\"   width=\"682\" height=\"1024\" loading=\"lazy\" decoding=\"async\" alt=\"Maika Monroe\" fetchpriority=\"auto\" class=\"image ho-image\"\/>\u00a9 Getty Images<\/p>\n<p> Maika Monroe<\/p>\n<p id=\"elIWOYgQ4kCV5\">En la apertura del festival, la actriz estadounidense luci\u00f3 un vestido de lentejuelas plateadas, anchos tirantes, escote redondo y espalda descubierta, de Ashi Studio.<\/p>\n<p>4053<\/p>\n<p>  <img src=\"https:\/\/www.europesays.com\/es\/wp-content\/uploads\/2026\/05\/9a8e65861c25-gettyimages-2275844849.jpg\"   width=\"682\" height=\"1024\" loading=\"lazy\" decoding=\"async\" alt=\"Joan Collins\" fetchpriority=\"auto\" class=\"image ho-image\"\/>\u00a9 Getty Images<\/p>\n<p> Joan Collins<\/p>\n<p id=\"ehroEF63Rnxma\">La actriz brit\u00e1nica record\u00f3 el estilo ochentero que le lanz\u00f3 a la fama con la serie Dinast\u00eda gracioas a su vestido con pronunciados vol\u00famenes, una creaci\u00f3n hecha a medida de St\u00e9phane Rolland.<\/p>\n<p>4153<\/p>\n<p>  <img src=\"https:\/\/www.europesays.com\/es\/wp-content\/uploads\/2026\/05\/adb74271a88c-gettyimages-2275845423.jpg\"   width=\"682\" height=\"1024\" loading=\"lazy\" decoding=\"async\" alt=\"Emma Thynn\" fetchpriority=\"auto\" class=\"image ho-image\"\/>\u00a9 Getty Images<\/p>\n<p> Emma Thynn<\/p>\n<p id=\"ezp2hOb69e24T\">La modelo brit\u00e1nica, marquesa de Bath, luci\u00f3 un vestido negro con gran abertura en la falda y un escote coraz\u00f3n que permiti\u00f3 mostrar con todo su esplendor un impresionante collar de esmeraldas de Chopard.<\/p>\n<p>4253<\/p>\n<p>  <img src=\"https:\/\/www.europesays.com\/es\/wp-content\/uploads\/2026\/05\/d3f8168e93b6-gettyimages-2275301653.jpg\"   width=\"682\" height=\"1024\" loading=\"lazy\" decoding=\"async\" alt=\"Uma Jammeh\" fetchpriority=\"auto\" class=\"image ho-image\"\/>\u00a9 Getty Images<\/p>\n<p> Uma Jammeh<\/p>\n<p id=\"ec2aQ7K8Yshag\">La modelo brit\u00e1nica deslumbr\u00f3 con un impresionante vestido con largos flecos de cristal y pedrer\u00eda.<\/p>\n<p>4353<\/p>\n<p>  <img src=\"https:\/\/www.europesays.com\/es\/wp-content\/uploads\/2026\/05\/e4417a2a0f02-gettyimages-2275847103.jpg\"   width=\"682\" height=\"1024\" loading=\"lazy\" decoding=\"async\" alt=\"James Franco and Izabel Pakzad\" fetchpriority=\"auto\" class=\"image ho-image\"\/>\u00a9 Getty Images<\/p>\n<p> James Franco e Izabel Pakzad<\/p>\n<p id=\"elBmHXkjmn4Yo\">\u00a0Otra pareja muy coordinada fueron los actores estadounidenses James Franco e Izabel Pakzad. \u00c9l se decant\u00f3 por un esmoquin de Giorgio Armani con pajarita y ella, por un vestido satinado de estilo lencero.<\/p>\n<p>4453<\/p>\n<p>  <img src=\"https:\/\/www.europesays.com\/es\/wp-content\/uploads\/2026\/05\/633bb1bfae52-gettyimages-2275830386.jpg\"   width=\"682\" height=\"1024\" loading=\"lazy\" decoding=\"async\" alt=\"Nadine Nassib Njeim\" fetchpriority=\"auto\" class=\"image ho-image\"\/>\u00a9 Getty Images<\/p>\n<p> Nadine Nassib Njeim<\/p>\n<p id=\"ekd7HAb9_MZgb\">La actriz del L\u00edbano opt\u00f3 por un elegante vestido de terciopelo negro con escote coraz\u00f3n y lazo en la cintura, de Giorgio Armani Priv\u00e9.<\/p>\n<p>4553<\/p>\n<p>  <img src=\"https:\/\/www.europesays.com\/es\/wp-content\/uploads\/2026\/05\/8ca56daa1b15-gettyimages-2275827056.jpg\"   width=\"682\" height=\"1024\" loading=\"lazy\" decoding=\"async\" alt=\"Caroline Daur\" fetchpriority=\"auto\" class=\"image ho-image\"\/>\u00a9 Getty Images<\/p>\n<p> Caroline Daur<\/p>\n<p id=\"e5qhHjKHiT-dI\">La influencer alemana luci\u00f3 una impresionante creaci\u00f3n con falda texturizada en tres colores, de Roksanda (colecci\u00f3n Primavera\/Verano 2026). Este dise\u00f1o ya se lo vimos a la actriz irlandesa Jessie Buckley en el 2025 BFI London Film Fetival en octubre del a\u00f1o pasado.<\/p>\n<p>4653<\/p>\n<p>  <img src=\"https:\/\/www.europesays.com\/es\/wp-content\/uploads\/2026\/05\/92ce4da1ed22-gettyimages-2275837625.jpg\"   width=\"683\" height=\"1024\" loading=\"lazy\" decoding=\"async\" alt=\"Ludivine Sagnier\" fetchpriority=\"auto\" class=\"image ho-image\"\/>\u00a9 Getty Images<\/p>\n<p> Ludivine Sagnier<\/p>\n<p id=\"evEPQGIK6LkeA\">La actriz francesa apost\u00f3 todo al blanco con un vestido de Giorgio Armani, que jugaba con los vol\u00famenes.<\/p>\n<p>4753<\/p>\n<p>  <img src=\"https:\/\/www.europesays.com\/es\/wp-content\/uploads\/2026\/05\/eeab666a9b38-gettyimages-2275825013.jpg\"   width=\"682\" height=\"1024\" loading=\"lazy\" decoding=\"async\" alt=\"Th\u00e9odore Pellerin\" fetchpriority=\"auto\" class=\"image ho-image\"\/>\u00a9 Getty Images<\/p>\n<p> Th\u00e9odore Pellerin<\/p>\n<p id=\"eqvdUL3W3ke61\">El actor canadiense llev\u00f3 un traje con chaqueta cruzada, que estaba hecho a medida y firmaba Loewe. Lo acompa\u00f1\u00f3 de joyas de Boucheron.<\/p>\n<p>4853<\/p>\n<p>  <img src=\"https:\/\/www.europesays.com\/es\/wp-content\/uploads\/2026\/05\/7e4d0bca2dd8-gettyimages-2275828070.jpg\"   width=\"682\" height=\"1024\" loading=\"lazy\" decoding=\"async\" alt=\"Toheeb Jimoh\" fetchpriority=\"auto\" class=\"image ho-image\"\/>\u00a9 Getty Images<\/p>\n<p> Toheeb Jimoh<\/p>\n<p id=\"egWnYpKKuCLa4\">El actor brit\u00e1nico llev\u00f3 una chaqueta esmoquin cruzada en color negro con solapa de chal y pantalones a juego, camisa de popelina de algod\u00f3n, pajarita negra de seda y botines\u00a0Chelsea LV Agent de cuero. Todo, de Louis Vuitton.<\/p>\n<p>4953<\/p>\n<p>  <img src=\"https:\/\/www.europesays.com\/es\/wp-content\/uploads\/2026\/05\/b0fffae8f841-gettyimages-2275316378.jpg\"   width=\"682\" height=\"1024\" loading=\"lazy\" decoding=\"async\" alt=\"Philippine Leroy-Beaulieu\" fetchpriority=\"auto\" class=\"image ho-image\"\/>\u00a9 Getty Images<\/p>\n<p> Philippine Leroy-Beaulieu<\/p>\n<p id=\"e88Xa6k4yMZRn\">La actriz francesa, que llevaba un vestido morado con volantes de Saint Laurent, luci\u00f3 en primicia pieza de la nueva colecci\u00f3n de Alta Joyer\u00eda 2026 de Pomellato: un collar tipo chocker semirr\u00edgido con 21 turmalinas Para\u00edba en talla pera, pendientes largos a juego y anillo coordinado.<\/p>\n<p>5053<\/p>\n<p>  <img src=\"https:\/\/www.europesays.com\/es\/wp-content\/uploads\/2026\/05\/98394af3bb77-gettyimages-2275837738.jpg\"   width=\"682\" height=\"1024\" loading=\"lazy\" decoding=\"async\" alt=\"Ana\u00efs Demoustier\" fetchpriority=\"auto\" class=\"image ho-image\"\/>\u00a9 Getty Images<\/p>\n<p> Ana\u00efs Demoustier<\/p>\n<p id=\"eTrc1_qm35-Vj\">Junto con su vestido floral, la actriz francesa llev\u00f3 joyas de Pomellato: collar de Alta Joyer\u00eda con un diamante amarillo de 12 quilates en talla brillante antigua, enmarcado en una cadena; anillo de la colecci\u00f3n Nudo y anillo de la colecci\u00f3n Catene.<\/p>\n<p>5153<\/p>\n<p>  <img src=\"https:\/\/www.europesays.com\/es\/wp-content\/uploads\/2026\/05\/4a93af66e9c6-gettyimages-2275843992.jpg\"   width=\"1080\" height=\"1800\" loading=\"lazy\" decoding=\"async\" alt=\"Laura Wandel\" fetchpriority=\"auto\" class=\"image ho-image\"\/>\u00a9 Getty Images<\/p>\n<p> Laura Wandel<\/p>\n<p id=\"e27m0DRnIIY_U\">La directora de cine y guionista belga, parte del jurado, llev\u00f3 en la inauguraci\u00f3n un vestido blanco de tul con cuello sat\u00e9n negro, de Dior.<\/p>\n<p>5253<\/p>\n<p>  <img src=\"https:\/\/www.europesays.com\/es\/wp-content\/uploads\/2026\/05\/a019811d648d-gettyimages-2275843992.jpg\"   width=\"1080\" height=\"1800\" loading=\"lazy\" decoding=\"async\" alt=\"Ruth Negga\" fetchpriority=\"auto\" class=\"image ho-image\"\/>\u00a9 Getty Images<\/p>\n<p> Ruth Negga<\/p>\n<p id=\"e4hEQtCgnxVN0\">La actriz et\u00edope llev\u00f3 un vestido de Alta Costura de Dior en sat\u00e9n verde, con incrustaciones de encaje negro. Lo realz\u00f3 con joyas de Chopard y plataformas de Ren\u00e9 Caovilla.<\/p>\n<p id=\"eCpb52isBaAI1\">\u00a0<\/p>\n<p>5353<\/p>\n<p>  <img src=\"https:\/\/www.europesays.com\/es\/wp-content\/uploads\/2026\/05\/9bec2c037bc4-gettyimages-2275839548.jpg\"   width=\"682\" height=\"1024\" loading=\"lazy\" decoding=\"async\" alt=\"Vimala Pons\" fetchpriority=\"auto\" class=\"image ho-image\"\/>\u00a9 Getty Images<\/p>\n<p> Vimala Pons<\/p>\n<p id=\"er0RDXwEJ2Jpb\">La actriz india apost\u00f3 por un vestido de tercipelo azul claro con manga larga, hombros realzados y escote profundo, de Louis Vuitton. De la misma firma eran sus sandalias plateadas y sus joyas de las colecciones de Alta Joyer\u00eda: anillo Idylle, anillo Tumbler y pendientes de oro blanco y diamantes.<\/p>\n","protected":false},"excerpt":{"rendered":"El Festival de Cannes 2026 contin\u00faa consolid\u00e1ndose como el gran escaparate internacional donde cine, celebridades y moda se&hellip;\n","protected":false},"author":2,"featured_media":560908,"comment_status":"","ping_status":"","sticky":false,"template":"","format":"standard","meta":{"footnotes":""},"categories":[174],"tags":[1024,5520,22404,7671,255,4490,108245,253,146,147,25,24,256,54055,22403,1023,338,23],"class_list":["post-560907","post","type-post","status-publish","format-standard","has-post-thumbnail","category-famosos","tag-actualidad-moda","tag-aitana-sanchez-gijon","tag-alfombra-roja","tag-barbara-lennie","tag-celebrities","tag-demi-moore","tag-diane-kruger","tag-discover","tag-entertainment","tag-entretenimiento","tag-es","tag-espana","tag-famosos","tag-festival-de-cannes","tag-mejores-looks","tag-moda","tag-portada","tag-spain"],"share_on_mastodon":{"url":"https:\/\/pubeurope.com\/@es\/116606367752203981","error":""},"_links":{"self":[{"href":"https:\/\/www.europesays.com\/es\/wp-json\/wp\/v2\/posts\/560907","targetHints":{"allow":["GET"]}}],"collection":[{"href":"https:\/\/www.europesays.com\/es\/wp-json\/wp\/v2\/posts"}],"about":[{"href":"https:\/\/www.europesays.com\/es\/wp-json\/wp\/v2\/types\/post"}],"author":[{"embeddable":true,"href":"https:\/\/www.europesays.com\/es\/wp-json\/wp\/v2\/users\/2"}],"replies":[{"embeddable":true,"href":"https:\/\/www.europesays.com\/es\/wp-json\/wp\/v2\/comments?post=560907"}],"version-history":[{"count":0,"href":"https:\/\/www.europesays.com\/es\/wp-json\/wp\/v2\/posts\/560907\/revisions"}],"wp:featuredmedia":[{"embeddable":true,"href":"https:\/\/www.europesays.com\/es\/wp-json\/wp\/v2\/media\/560908"}],"wp:attachment":[{"href":"https:\/\/www.europesays.com\/es\/wp-json\/wp\/v2\/media?parent=560907"}],"wp:term":[{"taxonomy":"category","embeddable":true,"href":"https:\/\/www.europesays.com\/es\/wp-json\/wp\/v2\/categories?post=560907"},{"taxonomy":"post_tag","embeddable":true,"href":"https:\/\/www.europesays.com\/es\/wp-json\/wp\/v2\/tags?post=560907"}],"curies":[{"name":"wp","href":"https:\/\/api.w.org\/{rel}","templated":true}]}}