{"id":561210,"date":"2026-05-20T14:01:15","date_gmt":"2026-05-20T14:01:15","guid":{"rendered":"https:\/\/www.europesays.com\/es\/561210\/"},"modified":"2026-05-20T14:01:15","modified_gmt":"2026-05-20T14:01:15","slug":"los-accionistas-del-sevilla-esperan-el-desenlace-de-la-venta-mientras-el-dinero-sigue-sin-aparecer","status":"publish","type":"post","link":"https:\/\/www.europesays.com\/es\/561210\/","title":{"rendered":"Los accionistas del Sevilla esperan el desenlace de la venta mientras el dinero sigue sin aparecer"},"content":{"rendered":"<p style=\"\">El proceso de venta del Sevilla FC sigue su curso y antes de que finalice el mes el acuerdo debe rubricarse. Fuentes de la negociaci\u00f3n confirman a ABC que este pasado lunes los abogados de ambas partes estuvieron en el estadio Ram\u00f3n S\u00e1nchez-Pizju\u00e1n revisaron  &#8230; el <strong>libro de acciones para comprobar las que est\u00e1n libres de cargas<\/strong>. 73.000 de ellas lo est\u00e1n, mientras que el resto de las que se incluyen en la compra tienen el compromiso de liberarse a la firma de los contratos. Por lo que, en este aspecto, no hay ning\u00fan tipo de problema.<\/p>\n<p class=\"v-d-p\" style=\"\">Esta firma de papeles est\u00e1 fijada para el viernes 29 de mayo (antes de que expire la LOI), pero a estas alturas del proceso <strong>hay un aspecto que a los accionistas del Sevilla les inquieta y es el dinero de la compra<\/strong>. Si en un primer momento se estipul\u00f3 que la totalidad del dinero deber\u00eda ser abonado al completo en el momento de la r\u00fabrica, los accionistas han querido poner facilidades y han aceptado un <strong>aplazamiento del pago<\/strong> que quedar\u00eda de la siguiente forma. Un pago inicial del 60% en el momento de la firma del contrato, es decir, el viernes 29 de mayo. Un 30% durante el primer a\u00f1o y el 10 restante durante el segundo a\u00f1o. <\/p>\n<p class=\"v-a-t\">\nRamos necesita un aval del dinero para poder cerrar el acuerdo y enviarlo al CSD\n<\/p>\n<p class=\"v-d-p\" style=\"\">De otro lado, Ramos a\u00fan no ha presentado ning\u00fan aval por el dinero de la compra. Es por esto que se teme que Sergio Ramos y Five Eleven Capital no tenga a\u00fan avalada la totalidad del dinero que necesita para cerrar el acuerdo y que est\u00e9n siguiendo con la operaci\u00f3n hacia delante mientras lo siguen buscando. No obstante, el camero es consciente de que <strong>necesita este aval del dinero para poder cerrar el acuerdo y enviarlo al CSD<\/strong>, que ser\u00e1 el que d\u00e9 el visto bueno a la venta. Es por esto que los m\u00e1ximos accionistas involucrados en la operaci\u00f3n tienen ciertos recelos ante esta situaci\u00f3n. <\/p>\n<p class=\"v-d-p\" style=\"\">M\u00e1s a\u00fan teniendo en cuenta que, seg\u00fan las fuentes anteriormente citadas, los accionistas han accedido a <strong>asumir el 80% de las p\u00e9rdidas de este ejercicio<\/strong>, esto significa que el precio final por acci\u00f3n es menor. Al principio de las negociaciones, se hablaba de que s\u00f3lo iban a asumir las p\u00e9rdidas hasta el 31 de enero, pero han accedido a este punto por su disposici\u00f3n a vender y cerrar este asunto lo antes posible.<\/p>\n","protected":false},"excerpt":{"rendered":"El proceso de venta del Sevilla FC sigue su curso y antes de que finalice el mes el&hellip;\n","protected":false},"author":2,"featured_media":561211,"comment_status":"","ping_status":"","sticky":false,"template":"","format":"standard","meta":{"footnotes":""},"categories":[268],"tags":[10599,6364,168,534,25,24,280,282,979,1171,281,23,167,39477],"class_list":["post-561210","post","type-post","status-publish","format-standard","has-post-thumbnail","category-futbol","tag-accionistas","tag-compra","tag-deportes","tag-dinero","tag-es","tag-espana","tag-football","tag-futbol","tag-llegue","tag-sevilla","tag-soccer","tag-spain","tag-sports","tag-temen"],"share_on_mastodon":{"url":"https:\/\/pubeurope.com\/@es\/116607273324091528","error":""},"_links":{"self":[{"href":"https:\/\/www.europesays.com\/es\/wp-json\/wp\/v2\/posts\/561210","targetHints":{"allow":["GET"]}}],"collection":[{"href":"https:\/\/www.europesays.com\/es\/wp-json\/wp\/v2\/posts"}],"about":[{"href":"https:\/\/www.europesays.com\/es\/wp-json\/wp\/v2\/types\/post"}],"author":[{"embeddable":true,"href":"https:\/\/www.europesays.com\/es\/wp-json\/wp\/v2\/users\/2"}],"replies":[{"embeddable":true,"href":"https:\/\/www.europesays.com\/es\/wp-json\/wp\/v2\/comments?post=561210"}],"version-history":[{"count":0,"href":"https:\/\/www.europesays.com\/es\/wp-json\/wp\/v2\/posts\/561210\/revisions"}],"wp:featuredmedia":[{"embeddable":true,"href":"https:\/\/www.europesays.com\/es\/wp-json\/wp\/v2\/media\/561211"}],"wp:attachment":[{"href":"https:\/\/www.europesays.com\/es\/wp-json\/wp\/v2\/media?parent=561210"}],"wp:term":[{"taxonomy":"category","embeddable":true,"href":"https:\/\/www.europesays.com\/es\/wp-json\/wp\/v2\/categories?post=561210"},{"taxonomy":"post_tag","embeddable":true,"href":"https:\/\/www.europesays.com\/es\/wp-json\/wp\/v2\/tags?post=561210"}],"curies":[{"name":"wp","href":"https:\/\/api.w.org\/{rel}","templated":true}]}}