{"id":561224,"date":"2026-05-20T14:10:18","date_gmt":"2026-05-20T14:10:18","guid":{"rendered":"https:\/\/www.europesays.com\/es\/561224\/"},"modified":"2026-05-20T14:10:18","modified_gmt":"2026-05-20T14:10:18","slug":"la-reina-letizia-apuesta-todo-al-rojo-en-la-entrega-de-los-premios-de-periodismo-parlamentario","status":"publish","type":"post","link":"https:\/\/www.europesays.com\/es\/561224\/","title":{"rendered":"La Reina Letizia apuesta todo al rojo en la entrega de los premios de periodismo parlamentario"},"content":{"rendered":"<p style=\"\">El rojo parece haberse convertido en uno de los colores de la temporada. Si a comienzos de la semana <a href=\"https:\/\/www.abc.es\/estilo\/moda\/vestido-300-euros-yolanda-diaz-llevado-china-20260519100802-nt.html\" target=\"_self\" data-voc-vtm-id=\"in-text-traffic\" title=\"Yolanda D\u00edaz\" data-mrf-link=\"www.abc.es\" rel=\"nofollow noopener\">Yolanda D\u00edaz<\/a> apostaba por un dise\u00f1o de <strong>Roberto Verino<\/strong> en su viaje oficial a China, ahora es la Reina Letizia quien apuesta por este  &#8230; color en vestido, zapatos y complementos componiendo un estilismo que lo apuesta todo al rojo con gran acierto. <\/p>\n<p class=\"v-d-p\" style=\"\">La Reina, acompa\u00f1ada por el presidente del Senado, <strong>Pedro Roll\u00e1n,<\/strong> hac\u00eda entrega esta ma\u00f1ana de los premios \u00abLuis Carandell\u00bb de periodismo parlamentario 2025 en el Antiguo Sal\u00f3n de Sesiones del Senado. Los galardonados en esta XV edici\u00f3n han reca\u00eddo en <strong>Paloma Cervilla<\/strong>, en la categor\u00eda de Parlamentarismo, y<strong> H\u00e9ctor Esteban Garc\u00eda<\/strong>, en la categor\u00eda de Territorialidad. Unos premios que reconocen la labor informativa, el inter\u00e9s divulgativo y la originalidad de la obra, as\u00ed como la labor en pro de la democracia, el parlamentarismo, la pluralidad informativa, la dimensi\u00f3n territorial de la C\u00e1mara Alta y la perspectiva de g\u00e9nero.<\/p>\n<p>Los detalles del estilismo rojo de la Reina Letizia.<\/p>\n<p>(Gtres)<\/p>\n<p class=\"v-d-p\" style=\"\"><strong>Do\u00f1a Letizia<\/strong> acaparaba una vez m\u00e1s todas las miradas al recuperar de su armario un vestido de <strong>Adolfo Dom\u00ednguez<\/strong> de corte evas\u00e9. La prenda, confeccionada en un tejido fluido, destaca por su silueta estructurada. Con mangas cortas cuenta con una cintura marcada y el vuelo de su falta crea un efecto de movimiento sutil al caminar que resulta de lo m\u00e1s favorecedor. <\/p>\n<p class=\"v-d-p\" style=\"\">Unos salones de punta cuadrada y tac\u00f3n ancho de <strong>Magrit<\/strong>, as\u00ed como un cl\u00e1sico clutch de ante rojo de la firma <strong>Menbur<\/strong> han complementado a la perfecci\u00f3n este look monocolor. <\/p>\n","protected":false},"excerpt":{"rendered":"El rojo parece haberse convertido en uno de los colores de la temporada. Si a comienzos de la&hellip;\n","protected":false},"author":2,"featured_media":561225,"comment_status":"","ping_status":"","sticky":false,"template":"","format":"standard","meta":{"footnotes":""},"categories":[91],"tags":[304,146,36,147,25,24,11644,107465,2151,532,10717,2978,23],"class_list":["post-561224","post","type-post","status-publish","format-standard","has-post-thumbnail","category-entretenimiento","tag-apuesta","tag-entertainment","tag-entrega","tag-entretenimiento","tag-es","tag-espana","tag-letizia","tag-parlamentario","tag-periodismo","tag-premios","tag-reina","tag-rojo","tag-spain"],"share_on_mastodon":{"url":"https:\/\/pubeurope.com\/@es\/116607308695520445","error":""},"_links":{"self":[{"href":"https:\/\/www.europesays.com\/es\/wp-json\/wp\/v2\/posts\/561224","targetHints":{"allow":["GET"]}}],"collection":[{"href":"https:\/\/www.europesays.com\/es\/wp-json\/wp\/v2\/posts"}],"about":[{"href":"https:\/\/www.europesays.com\/es\/wp-json\/wp\/v2\/types\/post"}],"author":[{"embeddable":true,"href":"https:\/\/www.europesays.com\/es\/wp-json\/wp\/v2\/users\/2"}],"replies":[{"embeddable":true,"href":"https:\/\/www.europesays.com\/es\/wp-json\/wp\/v2\/comments?post=561224"}],"version-history":[{"count":0,"href":"https:\/\/www.europesays.com\/es\/wp-json\/wp\/v2\/posts\/561224\/revisions"}],"wp:featuredmedia":[{"embeddable":true,"href":"https:\/\/www.europesays.com\/es\/wp-json\/wp\/v2\/media\/561225"}],"wp:attachment":[{"href":"https:\/\/www.europesays.com\/es\/wp-json\/wp\/v2\/media?parent=561224"}],"wp:term":[{"taxonomy":"category","embeddable":true,"href":"https:\/\/www.europesays.com\/es\/wp-json\/wp\/v2\/categories?post=561224"},{"taxonomy":"post_tag","embeddable":true,"href":"https:\/\/www.europesays.com\/es\/wp-json\/wp\/v2\/tags?post=561224"}],"curies":[{"name":"wp","href":"https:\/\/api.w.org\/{rel}","templated":true}]}}