{"id":56135,"date":"2025-08-18T17:24:11","date_gmt":"2025-08-18T17:24:11","guid":{"rendered":"https:\/\/www.europesays.com\/es\/56135\/"},"modified":"2025-08-18T17:24:11","modified_gmt":"2025-08-18T17:24:11","slug":"geeks-y-tech-lovers-vibraron-durante-el-galaxy-unpacked-de-los-nuevos-foldables-samsung-newsroom-latinoamerica","status":"publish","type":"post","link":"https:\/\/www.europesays.com\/es\/56135\/","title":{"rendered":"Geeks y tech lovers vibraron durante el Galaxy Unpacked de los nuevos foldables \u2013 Samsung Newsroom Latinoam\u00e9rica"},"content":{"rendered":"<p>                            Samsung Latinoam\u00e9rica invit\u00f3 a amantes de la tecnolog\u00eda e influencers a compartir el lanzamiento, juntos y en tiempo real, y participar en el concurso del mejor comentarista de la transmisi\u00f3n.  En esta diversi\u00f3n digital result\u00f3 ganador el costarricense Eduardo Alfaro, de Tecnobinaria<\/p>\n<p><img loading=\"lazy\" decoding=\"async\" class=\"aligncenter wp-image-27719\" src=\"https:\/\/www.europesays.com\/es\/wp-content\/uploads\/2025\/08\/Galaxy-Z-Fold7-First-Plane.jpg\" alt=\"\" width=\"1000\" height=\"563\"  \/><\/p>\n<p>\u00a0<\/p>\n<p>La pasi\u00f3n por la tecnolog\u00eda se sinti\u00f3 al m\u00e1ximo durante el Galaxy Unpacked de Samsung, transmitido en vivo desde Nueva York el 9 de julio. \u00a1Y la emoci\u00f3n trascendi\u00f3 fronteras! Samsung Latinoam\u00e9rica reuni\u00f3 a un selecta comunidad de geeks, tecno lovers, personas expertas en el tema e influencers para disfrutar juntos, en tiempo real, el lanzamiento de sus nuevos dispositivos y al final, premiar al m\u00e1s destacado por su participaci\u00f3n.\u00a0\u00a0 La transmisi\u00f3n fue una verdadera diversi\u00f3n digital: buen humor,\u00a0 camarader\u00eda, expectativas y sobre todo much\u00edsima interacci\u00f3n.<\/p>\n<p>\u00a0<\/p>\n<p>En este segundo gran evento insignia del a\u00f1o, la marca volvi\u00f3 a romper los esquemas con la presentaci\u00f3n del <a href=\"https:\/\/www.samsung.com\/latin\/mobile\/?cid=latin_ow_affiliate_newsroom_mx-geral_launch_none_article_none_none\" target=\"_blank\" rel=\"noopener nofollow\">Galaxy Z Fold7, Galaxy Z Flip7, Galaxy Z Flip7 FE, Galaxy Watch8 y Galaxy Watch8 Classic<\/a>. Una revoluci\u00f3n para los fans de la innovaci\u00f3n y los dispositivos m\u00f3viles .Y, como era de esperarse, los invitados de toda la regi\u00f3n \u2013desde Costa Rica hasta Uruguay, pasando por Ecuador, El Salvador, Guatemala, Honduras, Nicaragua, Panam\u00e1, Paraguay, Puerto Rico, Rep\u00fablica Dominicana y Venezuela\u2013 respondieron al llamado con la pasi\u00f3n que los caracteriza.<\/p>\n<p>\u00a0<\/p>\n<p><img loading=\"lazy\" decoding=\"async\" class=\"aligncenter wp-image-27721\" src=\"https:\/\/www.europesays.com\/es\/wp-content\/uploads\/2025\/08\/Galaxy-Z-Flip7-e1755532775643.jpg\" alt=\"\" width=\"705\" height=\"1024\"  \/><\/p>\n<p>\u00a0<\/p>\n<p>Todos hicieron suyo el Unpacked. Cada uno, de forma remota, desde su espacio digital, narraron con entusiasmo las incidencias del lanzamiento. Stories de Instagram, hilos en X, an\u00e1lisis en Facebook y TikTok, GIFs\u00a0 y comentarios.\u00a0 Hicieron alarde de sus habilidades online para narrar la aparici\u00f3n de los Galaxy plegables ante la mirada virtual de infinidad de personas en el mundo.\u00a0\u00a0 Las reacciones no se hicieron esperar: \u201c\u00a1Incre\u00edble lo que trae el Fold7!\u201d, \u201cEl Flip7 FE est\u00e1 a otro nivel\u201d, \u201c\u00a1Es precioso el Watch8 Classic!\u201d, se le\u00eda mientras la comunidad tech compart\u00eda informaci\u00f3n fresca y detallada minuto a minuto.<\/p>\n<p>\u00a0<\/p>\n<p><img loading=\"lazy\" decoding=\"async\" class=\"wp-image-27720 size-full\" src=\"https:\/\/www.europesays.com\/es\/wp-content\/uploads\/2025\/08\/Tecnobinaria.jpg\" alt=\"\" width=\"799\" height=\"444\"  \/><\/p>\n<p class=\"wp-caption-text\">\u25b2 Eduardo Alfaro impresion\u00f3 con su narraci\u00f3n detallada en vivo de los anuncios del Galaxy Unpacked<\/p>\n<p>\u00a0<\/p>\n<p>Uno de los protagonistas indiscutibles fue el techblogger costarricense Eduardo Alfaro, quien est\u00e1 al frente del medio digital <a href=\"https:\/\/www.instagram.com\/tecnobinaria_?igsh=MXE1djVvaGx3dWtyeQ==\" target=\"_blank\" rel=\"noopener nofollow\">Tecnobinaria<\/a>. Este creador de contenidos y tech lover se llev\u00f3 el premio al mejor participante del concurso por su originalidad, claridad y la precisi\u00f3n de sus posteos. Tradujo al espa\u00f1ol, de manera acertada y r\u00e1pida, los anuncios y novedades, facilitando a toda la comunidad de la regi\u00f3n los datos clave de los dispositivos. \u00a1Alfaro demostr\u00f3 que es un crack!<\/p>\n<p>\u00a0<\/p>\n<p>El entusiasmo entre los asistentes fue contagioso: se not\u00f3 en cada story, cada post y cada an\u00e1lisis. Porque vivir un Unpacked de Samsung no es s\u00f3lo mirar un lanzamiento: es interactuar, debatir y emocionarse de un evento tan esperado. Samsung siempre reconoce la pasi\u00f3n de esos voceros digitales y por eso celebra la respuesta entusiasta de todos ellos.\u00a0 As\u00ed se disfruta un Unpacked, \u00a1entre amigos!<\/p>\n<p>                        <script async src=\"\/\/www.instagram.com\/embed.js\"><\/script><\/p>\n","protected":false},"excerpt":{"rendered":"Samsung Latinoam\u00e9rica invit\u00f3 a amantes de la tecnolog\u00eda e influencers a compartir el lanzamiento, juntos y en tiempo&hellip;\n","protected":false},"author":2,"featured_media":11718,"comment_status":"","ping_status":"","sticky":false,"template":"","format":"standard","meta":{"footnotes":""},"categories":[81],"tags":[119,123,124,25,24,24155,2899,24156,24157,117,121,122,23,118,120],"class_list":{"0":"post-56135","1":"post","2":"type-post","3":"status-publish","4":"format-standard","5":"has-post-thumbnail","7":"category-ciencia-y-tecnologia","8":"tag-ciencia","9":"tag-ciencia-y-tecnologia","10":"tag-cienciaytecnologia","11":"tag-es","12":"tag-espana","13":"tag-galaxy-unpacked-2025","14":"tag-galaxy-z-flip7","15":"tag-galaxy-z-series-2025","16":"tag-galaxyz-fold7","17":"tag-science","18":"tag-science-and-technology","19":"tag-scienceandtechnology","20":"tag-spain","21":"tag-technology","22":"tag-tecnologia"},"share_on_mastodon":{"url":"","error":""},"_links":{"self":[{"href":"https:\/\/www.europesays.com\/es\/wp-json\/wp\/v2\/posts\/56135","targetHints":{"allow":["GET"]}}],"collection":[{"href":"https:\/\/www.europesays.com\/es\/wp-json\/wp\/v2\/posts"}],"about":[{"href":"https:\/\/www.europesays.com\/es\/wp-json\/wp\/v2\/types\/post"}],"author":[{"embeddable":true,"href":"https:\/\/www.europesays.com\/es\/wp-json\/wp\/v2\/users\/2"}],"replies":[{"embeddable":true,"href":"https:\/\/www.europesays.com\/es\/wp-json\/wp\/v2\/comments?post=56135"}],"version-history":[{"count":0,"href":"https:\/\/www.europesays.com\/es\/wp-json\/wp\/v2\/posts\/56135\/revisions"}],"wp:featuredmedia":[{"embeddable":true,"href":"https:\/\/www.europesays.com\/es\/wp-json\/wp\/v2\/media\/11718"}],"wp:attachment":[{"href":"https:\/\/www.europesays.com\/es\/wp-json\/wp\/v2\/media?parent=56135"}],"wp:term":[{"taxonomy":"category","embeddable":true,"href":"https:\/\/www.europesays.com\/es\/wp-json\/wp\/v2\/categories?post=56135"},{"taxonomy":"post_tag","embeddable":true,"href":"https:\/\/www.europesays.com\/es\/wp-json\/wp\/v2\/tags?post=56135"}],"curies":[{"name":"wp","href":"https:\/\/api.w.org\/{rel}","templated":true}]}}