{"id":56180,"date":"2025-08-18T17:51:08","date_gmt":"2025-08-18T17:51:08","guid":{"rendered":"https:\/\/www.europesays.com\/es\/56180\/"},"modified":"2025-08-18T17:51:08","modified_gmt":"2025-08-18T17:51:08","slug":"dos-policias-abaten-a-un-hombre-que-trato-de-agredirles-con-un-cuchillo-en-una-vivienda-de-ruzafa-noticias-de-la-comunidad-valenciana","status":"publish","type":"post","link":"https:\/\/www.europesays.com\/es\/56180\/","title":{"rendered":"Dos polic\u00edas abaten a un hombre que trat\u00f3 de agredirles con un cuchillo en una vivienda de Ruzafa | Noticias de la Comunidad Valenciana"},"content":{"rendered":"<p class=\"\">Dos agentes del grupo de Seguridad Ciudadana de la Polic\u00eda Nacional han abatido, pasadas las 16.00 horas de este lunes, a un hombre de 46 a\u00f1os que presuntamente hab\u00eda tratado de agredirles con un cuchillo de grandes dimensiones en una vivienda del distrito de Ruzafa, en la ciudad de Valencia. <\/p>\n<p class=\"\">Poco antes, una llamada ha alertado a los agentes de la presencia de un hombre que portaba un arma blanca de grandes dimensiones y que se encontraba amenazando y golpeando la puerta de su vecino. <\/p>\n<p class=\"\">Los agentes se han desplazado hasta el lugar y han llamado a la puerta del presunto autor de los hechos que, seg\u00fan fuentes policiales, les ha abierto y les ha acometido con el cuchillo, por lo que los efectivos se han visto obligados a hacer uso de sus armas. <\/p>\n<p class=\"\">El Centro de Informaci\u00f3n y Coordinaci\u00f3n de Urgencias (CICU) ha movilizado a una unidad SAMU cuyo equipo m\u00e9dico ha realizado sin \u00e9xito maniobras de Reanimaci\u00f3n Cardiopulmonar (RCP) avanzadas y otras t\u00e9cnicas de estabilizaci\u00f3n a la v\u00edctima, que presentaba heridas por arma, seg\u00fan ha informado el CICU. <\/p>\n<p class=\"\">El equipo m\u00e9dico ha confirmado su fallecimiento. Hasta el lugar de los hechos se han desplazado agentes de la Polic\u00eda Cient\u00edfica para la inspecci\u00f3n de la vivienda, seg\u00fan las mismas fuentes policiales. <\/p>\n","protected":false},"excerpt":{"rendered":"Dos agentes del grupo de Seguridad Ciudadana de la Polic\u00eda Nacional han abatido, pasadas las 16.00 horas de&hellip;\n","protected":false},"author":2,"featured_media":56181,"comment_status":"","ping_status":"","sticky":false,"template":"","format":"standard","meta":{"footnotes":""},"categories":[5],"tags":[24176,17,18,242,25,24,13,14,11,19,20,9,10,15,16,11739,23,257,12,21,22,235,432],"class_list":{"0":"post-56180","1":"post","2":"type-post","3":"status-publish","4":"format-standard","5":"has-post-thumbnail","7":"category-titulares","8":"tag-armas-blancas","9":"tag-breaking-news","10":"tag-breakingnews","11":"tag-comunidad-valenciana","12":"tag-es","13":"tag-espana","14":"tag-featured-news","15":"tag-featurednews","16":"tag-headlines","17":"tag-latest-news","18":"tag-latestnews","19":"tag-news","20":"tag-noticias","21":"tag-noticias-destacadas","22":"tag-noticiasdestacadas","23":"tag-policia-nacional","24":"tag-spain","25":"tag-sucesos","26":"tag-titulares","27":"tag-ultimas-noticias","28":"tag-ultimasnoticias","29":"tag-valencia","30":"tag-violencia"},"share_on_mastodon":{"url":"","error":""},"_links":{"self":[{"href":"https:\/\/www.europesays.com\/es\/wp-json\/wp\/v2\/posts\/56180","targetHints":{"allow":["GET"]}}],"collection":[{"href":"https:\/\/www.europesays.com\/es\/wp-json\/wp\/v2\/posts"}],"about":[{"href":"https:\/\/www.europesays.com\/es\/wp-json\/wp\/v2\/types\/post"}],"author":[{"embeddable":true,"href":"https:\/\/www.europesays.com\/es\/wp-json\/wp\/v2\/users\/2"}],"replies":[{"embeddable":true,"href":"https:\/\/www.europesays.com\/es\/wp-json\/wp\/v2\/comments?post=56180"}],"version-history":[{"count":0,"href":"https:\/\/www.europesays.com\/es\/wp-json\/wp\/v2\/posts\/56180\/revisions"}],"wp:featuredmedia":[{"embeddable":true,"href":"https:\/\/www.europesays.com\/es\/wp-json\/wp\/v2\/media\/56181"}],"wp:attachment":[{"href":"https:\/\/www.europesays.com\/es\/wp-json\/wp\/v2\/media?parent=56180"}],"wp:term":[{"taxonomy":"category","embeddable":true,"href":"https:\/\/www.europesays.com\/es\/wp-json\/wp\/v2\/categories?post=56180"},{"taxonomy":"post_tag","embeddable":true,"href":"https:\/\/www.europesays.com\/es\/wp-json\/wp\/v2\/tags?post=56180"}],"curies":[{"name":"wp","href":"https:\/\/api.w.org\/{rel}","templated":true}]}}