{"id":561885,"date":"2026-05-20T22:42:15","date_gmt":"2026-05-20T22:42:15","guid":{"rendered":"https:\/\/www.europesays.com\/es\/561885\/"},"modified":"2026-05-20T22:42:15","modified_gmt":"2026-05-20T22:42:15","slug":"mandragora-negra-amplia-aun-mas-la-pluralidad-del-cba","status":"publish","type":"post","link":"https:\/\/www.europesays.com\/es\/561885\/","title":{"rendered":"Mandr\u00e1gora Negra ampl\u00eda a\u00fan m\u00e1s la pluralidad del CBA"},"content":{"rendered":"<p style=\"\">Mandr\u00e1gora Negra es uno de los grupos locales con mayor trayectoria. M\u00e1s de 20 a\u00f1os avalan el recorrido de una banda que naci\u00f3 en 2004  &#8230; en los locales de ensayo del culo de saco de la trasera de Juan Arana y fue creciendo, ganando prestigio, buscando buenas oportunidades de conciertos y llevando sus discos a mercados tan dispares como M\u00e9xico o Jap\u00f3n. <\/p>\n<p class=\"v-d-p\" style=\"\">Mandr\u00e1gora Negra, con su n\u00facleo irundarra (el cantante Moi, el bajista y manager Maxi y el guitarrista Pasku), aterriza el s\u00e1bado, 21.00 horas sobre el escenario de la Sala Irun Zuzenean del CBA. All\u00ed van a presentar las canciones de su nuevo disco, reci\u00e9n salido del horno el d\u00eda 7 de este mes de mayo acompa\u00f1adas de otras de las que les han dado fama en estas m\u00e1s de dos d\u00e9cadas.<\/p>\n<p>\n\u00abLa &#8216;Play&#8217;, fuera del local\u00bb\n<\/p>\n<p class=\"v-d-p\" style=\"\">Puede que Mandr\u00e1gora Negra no goce de la fama de otros grupos locales, pero su trayectoria no s\u00f3lo es larga. Se ha construido un nombre respetado en su mundo musical a base de trabajo y de hacer las cosas bien. Para haber dado el salto a otro nivel les falt\u00f3 m\u00e1s el contexto adecuado, \u00abporque oportunidades tuvimos, por ejemplo, de ir a tocar a Chile y a M\u00e9xico, pero ten\u00edamos nuestros trabajos y no todos pod\u00edamos afrontar algo as\u00ed\u00bb, explica Maxi Fructuoso, que entr\u00f3 en 2009 como bajista y asumiendo labores de manager. \u00abMoi siempre dice que la banda en realidad, empez\u00f3 ah\u00ed porque yo entr\u00e9 con la condici\u00f3n de que se trabajara seriamente, que grab\u00e1ramos discos, que hici\u00e9ramos conciertos. Fui un poco el malo porque llegu\u00e9 y dije, &#8216;la Play, fuera del local y el sof\u00e1, fuera del local&#8217;\u00bb, recuerda ahora con una sonrisa.<\/p>\n<ul class=\"v-cmp-flg__u\">\n<li class=\"v-cmp-flg__l\">\n<ul class=\"v-u\">\n<li class=\"v-u__l\">\n<p class=\"v-u__p\">\nLa banda.<br \/>\nMandr\u00e1gora Negra la forman &#8216;Moi&#8217; Montero (voz), Maxi Fructuoso (bajo), Antonio J. Garc\u00eda Ib\u00e1\u00f1ez (guitarra), Pasku (guitarra), Garci (bater\u00eda)<\/p>\n<p>El concierto.<\/p>\n<p>Este s\u00e1bado, 21.00 horas, en el CBA. Entradas a 16,45 euros (10,80 la bonificada), disponibles en irun.org\/entradas<\/p>\n<p>La m\u00fasica.<\/p>\n<p>Estilo power metal, dentro del heavy metal. El grupo acaba de publicar, el pasado d\u00eda 7, &#8216;Guerrero inmortal&#8217;, su cuarto disco de estudio.<\/p>\n<\/li>\n<li class=\"v-u__l\">\n<p class=\"v-u__p\">\nEl concierto.<br \/>\nEste s\u00e1bado, 21.00 horas, en el CBA. Entradas a 16,45 euros (10,80 la bonificada), disponibles en irun.org\/entradas\n<\/p>\n<\/li>\n<li class=\"v-u__l\">\n<p class=\"v-u__p\">\nLa m\u00fasica.<br \/>\nEstilo power metal, dentro del heavy metal. El grupo acaba de publicar, el pasado d\u00eda 7, &#8216;Guerrero inmortal&#8217;, su cuarto disco de estudio.\n<\/p>\n<\/li>\n<\/ul>\n<\/li>\n<\/ul>\n<p class=\"v-d-p\" style=\"\">Detr\u00e1s han venido muchos a\u00f1os de girar por Espa\u00f1a, \u00abtambi\u00e9n hemos tocado en Francia\u00bb, sin dejar de agarrarse a lo de casa, \u00absanmarciales, Caf\u00e9 Irun, fiestas de Anaka&#8230;\u00bb. El nuevo disco, desde que sali\u00f3, lo han hecho sonar en \u00c1vila, M\u00e9rida y Le\u00f3n y detr\u00e1s de Irun vendr\u00e1n Alicante, Granada, Palencia, Pamplona, Vitoria, Bilbao, Zaragoza y \u00abvarios conciertos m\u00e1s cerrados pero que no podemos anunciar\u00bb.<\/p>\n","protected":false},"excerpt":{"rendered":"Mandr\u00e1gora Negra es uno de los grupos locales con mayor trayectoria. M\u00e1s de 20 a\u00f1os avalan el recorrido&hellip;\n","protected":false},"author":2,"featured_media":561886,"comment_status":"","ping_status":"","sticky":false,"template":"","format":"standard","meta":{"footnotes":""},"categories":[170],"tags":[19363,108359,146,147,25,24,6334,184,185,24635,40340,23],"class_list":["post-561885","post","type-post","status-publish","format-standard","has-post-thumbnail","category-musica","tag-amplia","tag-cba","tag-entertainment","tag-entretenimiento","tag-es","tag-espana","tag-mandragora","tag-music","tag-musica","tag-negra","tag-pluralidad","tag-spain"],"share_on_mastodon":{"url":"https:\/\/pubeurope.com\/@es\/116609322153009170","error":""},"_links":{"self":[{"href":"https:\/\/www.europesays.com\/es\/wp-json\/wp\/v2\/posts\/561885","targetHints":{"allow":["GET"]}}],"collection":[{"href":"https:\/\/www.europesays.com\/es\/wp-json\/wp\/v2\/posts"}],"about":[{"href":"https:\/\/www.europesays.com\/es\/wp-json\/wp\/v2\/types\/post"}],"author":[{"embeddable":true,"href":"https:\/\/www.europesays.com\/es\/wp-json\/wp\/v2\/users\/2"}],"replies":[{"embeddable":true,"href":"https:\/\/www.europesays.com\/es\/wp-json\/wp\/v2\/comments?post=561885"}],"version-history":[{"count":0,"href":"https:\/\/www.europesays.com\/es\/wp-json\/wp\/v2\/posts\/561885\/revisions"}],"wp:featuredmedia":[{"embeddable":true,"href":"https:\/\/www.europesays.com\/es\/wp-json\/wp\/v2\/media\/561886"}],"wp:attachment":[{"href":"https:\/\/www.europesays.com\/es\/wp-json\/wp\/v2\/media?parent=561885"}],"wp:term":[{"taxonomy":"category","embeddable":true,"href":"https:\/\/www.europesays.com\/es\/wp-json\/wp\/v2\/categories?post=561885"},{"taxonomy":"post_tag","embeddable":true,"href":"https:\/\/www.europesays.com\/es\/wp-json\/wp\/v2\/tags?post=561885"}],"curies":[{"name":"wp","href":"https:\/\/api.w.org\/{rel}","templated":true}]}}