{"id":56213,"date":"2025-08-18T18:13:08","date_gmt":"2025-08-18T18:13:08","guid":{"rendered":"https:\/\/www.europesays.com\/es\/56213\/"},"modified":"2025-08-18T18:13:08","modified_gmt":"2025-08-18T18:13:08","slug":"peinado-imputa-un-nuevo-delito-a-begona-gomez-y-la-cita-de-nuevo-a-declarar","status":"publish","type":"post","link":"https:\/\/www.europesays.com\/es\/56213\/","title":{"rendered":"Peinado imputa un nuevo delito a Bego\u00f1a G\u00f3mez y la cita de nuevo a declarar"},"content":{"rendered":"<p style=\"\">El juez Juan Carlos Peinado ha acordado citar de nuevo en septiembre a <a href=\"https:\/\/www.abc.es\/noticias\/begona-gomez-fernandez\/\" title=\"www.abc.es\" data-voc-vtm-id=\"in-text-traffic\" data-mrf-link=\"www.abc.es\" rel=\"nofollow noopener\" target=\"_blank\">Bego\u00f1a G\u00f3mez<\/a>, esposa del presidente del Gobierno, y a su asesora de La Moncloa, Cristina \u00c1lvarez, por <strong>un delito de malversaci\u00f3n de caudales p\u00fablicos <\/strong>o efectos p\u00fablicos. Ser\u00e1 la cuarta vez  &#8230; que se siente frente a frente con el magistrado. <\/p>\n<p class=\"voc-p\" style=\"\">De esta manera, el magistrado, en un auto al que ha tenido acceso ABC, suma un nuevo delito para Bego\u00f1a G\u00f3mez, a la que ya investigaba por tr\u00e1fico de influencias, corrupci\u00f3n en los negocios, apropiaci\u00f3n indebida e intrusismo laboral.<\/p>\n<p class=\"voc-p\" style=\"\">Seg\u00fan explica en su resoluci\u00f3n, el juez se apoya en un auto de la Audiencia Provincial de Madrid de 12 de junio que apuntaba en sus fundamentos jur\u00eddicos que se deb\u00eda determinar qu\u00e9 indicios de responsabilidad se le pod\u00edan imputar a la asistente de Bego\u00f1a G\u00f3mez, y conminaba a Peinado a centrarse \u00aben si (\u00c1lvarez) se sobrepas\u00f3 en el desempe\u00f1o de las funciones p\u00fablicas que le fueron encomendadas para favorecer el plan delictivo de la investigada (Bego\u00f1a G\u00f3mez) en el delito de tr\u00e1fico de influencias\u00bb.<\/p>\n<p class=\"voc-p\" style=\"\">El tribunal quer\u00eda conocer si hubo as\u00ed una \u00abdesviaci\u00f3n de medios p\u00fablicos puestos indebidamente al servicio de intereses particulares o estrictamente privados\u00bb. Y, dado que acota las funciones del cargo de la asistente \u00aben la gesti\u00f3n de la agenda, del correo, de dar soporte de seguridad y protocolo en cualquier desplazamiento, reuni\u00f3n o intervenci\u00f3n de la mujer del presidente del Gobierno\u00bb consider\u00f3 \u00abimprescindible\u00bb  la medida consistente en conocer el registro de llamadas entrantes y salientes y los concretos destinatarios de los dispositivos de la asesora. <\/p>\n<p class=\"voc-p\" style=\"\">La Sala, recuerda Peinado en este nuevo auto, tambi\u00e9n pon\u00eda ejemplos de esa posible actividad de la asistente que se alejar\u00eda de sus cometidos oficiales. As\u00ed se\u00f1alaba que el exvicerrector de Relaciones Institucionales de la Universidad Complutense de Madrid (UCM) Juan Carlos Doadrio dijo en su testifical que ten\u00eda \u00abmuchos correos con Bego\u00f1a G\u00f3mez y su asistenta Cristina \u00c1lvarez, a\u00f1adiendo que \u00e9sta \u00faltima era la persona de confianza ya que siempre la acompa\u00f1aba cuando iba a la universidad, siendo ella la receptora de los correos\u00bb.<\/p>\n<p class=\"voc-p\" style=\"\">Para el tribunal, \u00e9ste y otro ejemplos podr\u00edan suponer \u00abuna clara desviaci\u00f3n del cumplimiento de su funci\u00f3n como personal eventual de la Administraci\u00f3n\u00bb y a\u00f1ad\u00eda a esto que otro dato importante es que ambas eran amigas antes de que \u00c1lvarez fuera nombrada para ese cargo de confianza. \u00ab(Esto) podr\u00eda suponer una desviaci\u00f3n de recursos p\u00fablicos en favor de intereses privados, y lo que es m\u00e1s importante, ofrecidos dentro de una estructura institucionalizada de poder que sirve para reforzar una indudable influencia como es la Presidencia Del Gobierno\u00bb, explicaba el tribunal.<\/p>\n<p class=\"voc-p\" style=\"\">Tras citar literalmente el auto de la Secci\u00f3n 23 de la Audiencia Provincial de Madrid, Peinado indica que ahora es \u00abprocedente citar en calidad de investigadas, por el supuesto delito de malversaci\u00f3n de caudales o efectos p\u00fablicos a Cristina \u00c1lvarez y a Bego\u00f1a G\u00f3mez\u00bb. Y se\u00f1ala para la primera declaraci\u00f3n el pr\u00f3ximo 10 de septiembre  a las 11.00 horas, y un d\u00eda m\u00e1s tarde, a las 10.30 horas, a la esposa de Pedro S\u00e1nchez.<\/p>\n<p>\nLa pieza separada\n<\/p>\n<p class=\"voc-p\" style=\"\">Las imputa este nuevo delito en el marco de la pieza separada de la causa 08\/2025 que abri\u00f3 en marzo de este a\u00f1o y en la que imput\u00f3 por malversaci\u00f3n al actual delegado del Gobierno en Madrid, Francisco Mart\u00edn, por su puesto de responsabilidad en La Moncloa en el tiempo en el que se contrat\u00f3 a \u00c1lvarez.<\/p>\n<p class=\"voc-p\" style=\"\">En esa misma pieza fue en la que tom\u00f3 declaraci\u00f3n en calidad de testigo en abril al ministro de la Presidencia, Justicia y Relaciones con las Cortes, F\u00e9lix Bola\u00f1os, dado que en el tiempo de la contrataci\u00f3n de la asistente era secretario general de la Presidencia.  <\/p>\n<p class=\"voc-p\" style=\"\">Cabe recordar que tras su declaraci\u00f3n, el juez elev\u00f3 exposici\u00f3n razonada al Tribunal Supremo en la que apuntaba que era oportuno investigarle dados los \u00abindicios razonables, s\u00f3lidos y cualificados\u00bb para imputarle un delito de falso testimonio y otro de malversaci\u00f3n de caudales, algo que el Alto Tribunal rechaz\u00f3. <\/p>\n","protected":false},"excerpt":{"rendered":"El juez Juan Carlos Peinado ha acordado citar de nuevo en septiembre a Bego\u00f1a G\u00f3mez, esposa del presidente&hellip;\n","protected":false},"author":2,"featured_media":56214,"comment_status":"","ping_status":"","sticky":false,"template":"","format":"standard","meta":{"footnotes":""},"categories":[8],"tags":[7421,17,18,7716,3637,4652,25,24,13,14,4190,11,24183,19,20,9,10,15,16,524,24182,23,12,21,22],"class_list":{"0":"post-56213","1":"post","2":"type-post","3":"status-publish","4":"format-standard","5":"has-post-thumbnail","7":"category-espana","8":"tag-begona","9":"tag-breaking-news","10":"tag-breakingnews","11":"tag-cita","12":"tag-declarar","13":"tag-delito","14":"tag-es","15":"tag-espana","16":"tag-featured-news","17":"tag-featurednews","18":"tag-gomez","19":"tag-headlines","20":"tag-imputa","21":"tag-latest-news","22":"tag-latestnews","23":"tag-news","24":"tag-noticias","25":"tag-noticias-destacadas","26":"tag-noticiasdestacadas","27":"tag-nuevo","28":"tag-peinado","29":"tag-spain","30":"tag-titulares","31":"tag-ultimas-noticias","32":"tag-ultimasnoticias"},"share_on_mastodon":{"url":"","error":""},"_links":{"self":[{"href":"https:\/\/www.europesays.com\/es\/wp-json\/wp\/v2\/posts\/56213","targetHints":{"allow":["GET"]}}],"collection":[{"href":"https:\/\/www.europesays.com\/es\/wp-json\/wp\/v2\/posts"}],"about":[{"href":"https:\/\/www.europesays.com\/es\/wp-json\/wp\/v2\/types\/post"}],"author":[{"embeddable":true,"href":"https:\/\/www.europesays.com\/es\/wp-json\/wp\/v2\/users\/2"}],"replies":[{"embeddable":true,"href":"https:\/\/www.europesays.com\/es\/wp-json\/wp\/v2\/comments?post=56213"}],"version-history":[{"count":0,"href":"https:\/\/www.europesays.com\/es\/wp-json\/wp\/v2\/posts\/56213\/revisions"}],"wp:featuredmedia":[{"embeddable":true,"href":"https:\/\/www.europesays.com\/es\/wp-json\/wp\/v2\/media\/56214"}],"wp:attachment":[{"href":"https:\/\/www.europesays.com\/es\/wp-json\/wp\/v2\/media?parent=56213"}],"wp:term":[{"taxonomy":"category","embeddable":true,"href":"https:\/\/www.europesays.com\/es\/wp-json\/wp\/v2\/categories?post=56213"},{"taxonomy":"post_tag","embeddable":true,"href":"https:\/\/www.europesays.com\/es\/wp-json\/wp\/v2\/tags?post=56213"}],"curies":[{"name":"wp","href":"https:\/\/api.w.org\/{rel}","templated":true}]}}