{"id":56219,"date":"2025-08-18T18:16:08","date_gmt":"2025-08-18T18:16:08","guid":{"rendered":"https:\/\/www.europesays.com\/es\/56219\/"},"modified":"2025-08-18T18:16:08","modified_gmt":"2025-08-18T18:16:08","slug":"la-becerrada-de-penas-pone-el-broche-final-a-la-feria-taurina-de-el-burgo","status":"publish","type":"post","link":"https:\/\/www.europesays.com\/es\/56219\/","title":{"rendered":"La becerrada de pe\u00f1as pone el broche final a la feria taurina de El Burgo"},"content":{"rendered":"<p>            Publicado por<\/p>\n<p>Sandra Guijarro<\/p>\n<p>        Soria<\/p>\n<p class=\"c-detail__info__more\">\n            Creado:<br \/>\n            <a class=\"c-detail__info__more__date\" href=\"https:\/\/www.heraldodiariodesoria.es\/hemeroteca\/250818\/\" rel=\"nofollow noopener\" target=\"_blank\"><br \/>\n                18.08.2025 | 20:10<br \/>\n            <\/a>\n        <\/p>\n<p class=\"c-detail__info__more\">\n            Actualizado:<br \/>\n            18.08.2025 | 20:10\n        <\/p>\n<p class=\"paragraph\">La <b>plaza de toros<\/b> de <b>El Burgo de Osma<\/b> acogi\u00f3 este lunes la tradicional <b>becerrada de pe\u00f1as<\/b>, un festejo que puso el punto final a la <a href=\"https:\/\/www.heraldodiariodesoria.es\/soria\/provincia\/250705\/201273\/curro-diaz-david-galvan-jarocho-cartel-estelar-feria-taurina-burgo.html\" rel=\"nofollow noopener\" target=\"_blank\">feria taurina<\/a> de las fiestas patronales. El evento, convertido ya en una cita imprescindible del programa, volvi\u00f3 a reunir a vecinos y visitantes en torno a un espect\u00e1culo que combina la esencia taurina con el <b>car\u00e1cter festivo y participativo<\/b> de las pe\u00f1as locales.<\/p>\n<p class=\"paragraph\">Cinco agrupaciones \u2014<b>La Amistad, Contraste, Correcaminos, Ahywa y Cu-C\u00fa<\/b>\u2014 se lanzaron al ruedo con sus representantes, acompa\u00f1ados por sus cuadrillas, en una tarde marcada por los disfraces, el humor y la complicidad entre pe\u00f1istas. <b>Mario del R\u00edo<\/b>, de la pe\u00f1a La Amistad, tore\u00f3 junto a <b>V\u00edctor, David y Javier<\/b>. <b>Jos\u00e9 Izquierdo<\/b>, en nombre de Contraste, comparti\u00f3 ruedo con <b>Adri\u00e0, Lucas y Samuel<\/b>. <b>Antonio Gonz\u00e1lez<\/b>, por Correcaminos, estuvo acompa\u00f1ado por <b>V\u00edctor, \u00c1lvaro y \u00d3scar<\/b>. <b>Miguel \u00c1ngel<\/b>, de la pe\u00f1a Ahywa, tore\u00f3 junto a <b>Israel, Abel y Julen<\/b>. Finalmente, <b>El\u00edas Molinero<\/b>, representante de Cu-C\u00fa, lo hizo junto a <b>\u00d3scar, Enrique y Manuel<\/b>. La m\u00fasica en directo corri\u00f3 a cargo de la <b>Asociaci\u00f3n Musical Amigos de El Burgo de Osma<\/b>, que acompa\u00f1\u00f3 cada pase con pasodobles y piezas populares.<\/p>\n<p>            <a href=\"#\" title=\"\"><\/p>\n<p>                    <img loading=\"lazy\" decoding=\"async\" data-index=\"\" width=\"140\" height=\"140\" alt=\"Procesi\u00f3n de San Roque en El Burgo de Osma.\" data-full=\"[object Object]\" data-original=\"[object Object]\" src=\"https:\/\/imagenes.heraldodiariodesoria.es\/files\/related_image\/uploads\/2025\/08\/16\/68a075b102d45.jpeg\" data-full-src=\"https:\/\/www.europesays.com\/es\/wp-content\/uploads\/2025\/08\/68a075b102d45.jpeg\"\/><\/p>\n<p>            <\/a><\/p>\n<p class=\"paragraph\">La jornada comenz\u00f3 por la ma\u00f1ana con<b> dianas floreadas e hinchables<\/b> infantiles en la Plaza Mayor, donde los m\u00e1s peque\u00f1os disfrutaron desde primera hora. Por la noche, estaba previsto que continuase con la actuaci\u00f3n de la <b>orquesta Krypton<\/b>, seguida de una discoteca m\u00f3vil en la Plaza de las Pe\u00f1as.<\/p>\n<p class=\"paragraph\">Este martes, \u00faltimo d\u00eda de fiestas, la programaci\u00f3n incluye<b> juegos gigantes<\/b> de madera en el paseo del colegio, la actuaci\u00f3n del grupo <b>Caf\u00e9 Torero <\/b>y la tradicional <b>caldereta <\/b>popular en la plaza de toros. Tras la comida, todas las pe\u00f1as se reunir\u00e1n para bajar tocando el cancionero popular hasta la Plaza Mayor, donde se cantar\u00e1 el emotivo &#8216;Pobre de m\u00ed&#8217; y se bailar\u00e1 el \u00faltimo <b>Baile de la Rueda<\/b>, que dar\u00e1 paso al cierre definitivo con la <b>orquesta Evasi\u00f3n<\/b>.<\/p>\n","protected":false},"excerpt":{"rendered":"Publicado por Sandra Guijarro Soria Creado: 18.08.2025 | 20:10 Actualizado: 18.08.2025 | 20:10 La plaza de toros de&hellip;\n","protected":false},"author":2,"featured_media":56220,"comment_status":"","ping_status":"","sticky":false,"template":"","format":"standard","meta":{"footnotes":""},"categories":[277],"tags":[373,168,23640,25,24,1389,11589,23,167,625,374,444],"class_list":{"0":"post-56219","1":"post","2":"type-post","3":"status-publish","4":"format-standard","5":"has-post-thumbnail","7":"category-toreo","8":"tag-bullfighting","9":"tag-deportes","10":"tag-el-burgo-de-osma","11":"tag-es","12":"tag-espana","13":"tag-plaza-de-toros","14":"tag-plaza-mayor","15":"tag-spain","16":"tag-sports","17":"tag-tauromaquia","18":"tag-toreo","19":"tag-toros"},"share_on_mastodon":{"url":"","error":""},"_links":{"self":[{"href":"https:\/\/www.europesays.com\/es\/wp-json\/wp\/v2\/posts\/56219","targetHints":{"allow":["GET"]}}],"collection":[{"href":"https:\/\/www.europesays.com\/es\/wp-json\/wp\/v2\/posts"}],"about":[{"href":"https:\/\/www.europesays.com\/es\/wp-json\/wp\/v2\/types\/post"}],"author":[{"embeddable":true,"href":"https:\/\/www.europesays.com\/es\/wp-json\/wp\/v2\/users\/2"}],"replies":[{"embeddable":true,"href":"https:\/\/www.europesays.com\/es\/wp-json\/wp\/v2\/comments?post=56219"}],"version-history":[{"count":0,"href":"https:\/\/www.europesays.com\/es\/wp-json\/wp\/v2\/posts\/56219\/revisions"}],"wp:featuredmedia":[{"embeddable":true,"href":"https:\/\/www.europesays.com\/es\/wp-json\/wp\/v2\/media\/56220"}],"wp:attachment":[{"href":"https:\/\/www.europesays.com\/es\/wp-json\/wp\/v2\/media?parent=56219"}],"wp:term":[{"taxonomy":"category","embeddable":true,"href":"https:\/\/www.europesays.com\/es\/wp-json\/wp\/v2\/categories?post=56219"},{"taxonomy":"post_tag","embeddable":true,"href":"https:\/\/www.europesays.com\/es\/wp-json\/wp\/v2\/tags?post=56219"}],"curies":[{"name":"wp","href":"https:\/\/api.w.org\/{rel}","templated":true}]}}