{"id":56226,"date":"2025-08-18T18:22:07","date_gmt":"2025-08-18T18:22:07","guid":{"rendered":"https:\/\/www.europesays.com\/es\/56226\/"},"modified":"2025-08-18T18:22:07","modified_gmt":"2025-08-18T18:22:07","slug":"mladen-armus-completa-la-plantilla-del-super-agropal-palencia","status":"publish","type":"post","link":"https:\/\/www.europesays.com\/es\/56226\/","title":{"rendered":"Mladen Armus completa la plantilla del S\u00faper Agropal Palencia"},"content":{"rendered":"<p>El S\u00faper Agropal Palencia ha anunciado su \u00faltimo refuerzo para la temporada 2025\/26 con la incorporaci\u00f3n del p\u00edvot Mladen Armus. El interior serbio de  &#8230; 2.08 metros y 28 a\u00f1os llega a Palencia procedente del Rapid Bucarest rumano para completar el juego interior del que dispondr\u00e1 Natxo Lezkano este curso. Cent\u00edmetros para una pintura morada que estaba carente de ese perfil con m\u00e1s envergadura. A priori, podr\u00eda llegar alguna otra incorporaci\u00f3n pese a que la plantilla morada cuenta ya con su decimosegundo integrante. El S\u00faper Agropal dispone de una segunda ficha extracomunitaria de la que podr\u00eda hacer uso a lo largo de la temporada.<\/p>\n<p class=\"v-p\">Mladen Armus llega a Palencia en su primera experiencia en Espa\u00f1a donde debutar\u00e1 en Primera FEB. Disput\u00f3 sus primeras dos temporadas en la NCAA con East Tennessee State Buccaneers con m\u00e1s de treinta partidos en cada una de ellas. En la segunda, promedi\u00f3 8 puntos y 7.7 rebotes en 23.9 minutos por encuentro. Armus continu\u00f3 otras dos campa\u00f1as en la NCAA de la mano de los Boise State Broncos. Sus mejores registros llegaron en su primera temporada al promediar 8.1 puntos y 7.8 rebotes. Durante el verano de 2023 dio el salto a Europa de la mano del Gen\u00e8ve suizo y la temporada pasada form\u00f3 parte del CS Rapid Bucuresti rumano donde promedi\u00f3 14.5 puntos y 9.8 rebotes en 33 encuentros. A toda esta trayectoria se suma que fue internacional con Serbia en el Mundial sub17 de 2015 y disput\u00f3 la Adidas Next Generation Tournament con la cantera del Partizan. <\/p>\n<p class=\"v-p\">Con la llegada de Armus, el S\u00faper Agropal <a href=\"https:\/\/www.elnortedecastilla.es\/palencia\/\" data-voc-vtm-id=\"in-text-traffic\" title=\"Palencia\" data-mrf-link=\"www.elnortedecastilla.es\" rel=\"nofollow noopener\" target=\"_blank\">Palencia<\/a> dar\u00eda a priori la plantilla por cerrada. La intenci\u00f3n del club era formar una plantilla con doce jugadores para competir en Primera FEB, n\u00famero de efectivos al que ha llegado con el p\u00edvot serbio. La composici\u00f3n que liderar\u00e1 Natxo Lezkano estar\u00e1 formada por Alec Wintering, Xabi Oroz e Ingus Jakovi\u010ds en el puesto de base. Tobias Borg, Adam Kunkel y Manu Rodr\u00edguez como escoltas. Mathieu Kamba y \u00c1lvaro Mu\u00f1oz para la demarcaci\u00f3n de alero. La posici\u00f3n m\u00e1s vulnerable ser\u00e1 el &#8216;cuatro&#8217; con Josip Vrankic como \u00fanico especialista para el puesto de ala-p\u00edvot. Para completar el equipo con Mladen Armus, Stephen Ugochukwu y Chema Gonz\u00e1lez como p\u00edvots.<\/p>\n<p class=\"v-p\">El fichaje de Mladen Armus responde a una de las grandes necesidades del S\u00faper Agropal Palencia, cent\u00edmetros en la pintura. Los 2.06m de Chema Gonz\u00e1lez y los 2.01m de Ohochukwu podr\u00edan suponer una debilidad ante interiores de gran envergadura. El p\u00edvot serbio cuenta con un perfil diferente al de los otros dos cincos, algo similar a lo que sucedi\u00f3 la temporada pasada con el fichaje de Lucas Nguessan. <\/p>\n<p class=\"v-p\">Natxo Lezkano ser\u00e1 ahora el encargado de tratar de encajar todas estas piezas y hacer que el equipo compita al m\u00e1ximo nivel esta temporada. Una plantilla algo diferente y que comenz\u00f3 a dise\u00f1arse con Luis Guil. La salida del t\u00e9cnico sevillano para ser t\u00e9cnico ayudante de Scariolo al Real Madrid oblig\u00f3 al conjunto morado a cambiar de planes. La gran apuesta por el regreso de Lezkano trae consigo un reto importante para el de Portugalete. Encajar todas estas piezas, que a priori, no ser\u00e1 una tarea sencilla. Los roles de los jugadores, incluso de los que estaban en Palencia la pasada campa\u00f1a, podr\u00edan variar y ganar o perder protagonismo.<\/p>\n","protected":false},"excerpt":{"rendered":"El S\u00faper Agropal Palencia ha anunciado su \u00faltimo refuerzo para la temporada 2025\/26 con la incorporaci\u00f3n del p\u00edvot&hellip;\n","protected":false},"author":2,"featured_media":56227,"comment_status":"","ping_status":"","sticky":false,"template":"","format":"standard","meta":{"footnotes":""},"categories":[269],"tags":[20536,24185,299,298,9781,168,25,24,24184,6442,1429,23,167,3400],"class_list":{"0":"post-56226","1":"post","2":"type-post","3":"status-publish","4":"format-standard","5":"has-post-thumbnail","7":"category-baloncesto","8":"tag-agropal","9":"tag-armus","10":"tag-baloncesto","11":"tag-basketball","12":"tag-completa","13":"tag-deportes","14":"tag-es","15":"tag-espana","16":"tag-mladen","17":"tag-palencia","18":"tag-plantilla","19":"tag-spain","20":"tag-sports","21":"tag-super"},"share_on_mastodon":{"url":"","error":""},"_links":{"self":[{"href":"https:\/\/www.europesays.com\/es\/wp-json\/wp\/v2\/posts\/56226","targetHints":{"allow":["GET"]}}],"collection":[{"href":"https:\/\/www.europesays.com\/es\/wp-json\/wp\/v2\/posts"}],"about":[{"href":"https:\/\/www.europesays.com\/es\/wp-json\/wp\/v2\/types\/post"}],"author":[{"embeddable":true,"href":"https:\/\/www.europesays.com\/es\/wp-json\/wp\/v2\/users\/2"}],"replies":[{"embeddable":true,"href":"https:\/\/www.europesays.com\/es\/wp-json\/wp\/v2\/comments?post=56226"}],"version-history":[{"count":0,"href":"https:\/\/www.europesays.com\/es\/wp-json\/wp\/v2\/posts\/56226\/revisions"}],"wp:featuredmedia":[{"embeddable":true,"href":"https:\/\/www.europesays.com\/es\/wp-json\/wp\/v2\/media\/56227"}],"wp:attachment":[{"href":"https:\/\/www.europesays.com\/es\/wp-json\/wp\/v2\/media?parent=56226"}],"wp:term":[{"taxonomy":"category","embeddable":true,"href":"https:\/\/www.europesays.com\/es\/wp-json\/wp\/v2\/categories?post=56226"},{"taxonomy":"post_tag","embeddable":true,"href":"https:\/\/www.europesays.com\/es\/wp-json\/wp\/v2\/tags?post=56226"}],"curies":[{"name":"wp","href":"https:\/\/api.w.org\/{rel}","templated":true}]}}