{"id":562409,"date":"2026-05-21T07:33:13","date_gmt":"2026-05-21T07:33:13","guid":{"rendered":"https:\/\/www.europesays.com\/es\/562409\/"},"modified":"2026-05-21T07:33:13","modified_gmt":"2026-05-21T07:33:13","slug":"el-barca-ofrecera-la-renovacion-a-ferran-torres","status":"publish","type":"post","link":"https:\/\/www.europesays.com\/es\/562409\/","title":{"rendered":"El Bar\u00e7a ofrecer\u00e1 la renovaci\u00f3n a Ferran Torres"},"content":{"rendered":"<p class=\"ft-text\">Tras perderse el \u00faltimo partido de Liga ante el Betis por unas molestias musculares sin demasiada importancia, <a class=\"ft-link ft-link--decoration\" href=\"https:\/\/www.sport.es\/es\/videos\/barca\/20260520\/flick-podra-contar-frenkie-rashford\/130451768.shtml\" rel=\"nofollow noopener\" target=\"_blank\">Ferran Torres est\u00e1 listo para despedir la temporada de clubes este s\u00e1bado en Mestalla ante el Valencia<\/a>, el equipo en el que se form\u00f3. Despu\u00e9s, gozar\u00e1 de unos pocos d\u00edas de descanso antes de incorporarse a la concentraci\u00f3n de la selecci\u00f3n espa\u00f1ola para jugar el Mundial de Estados Unidos, Canad\u00e1 y M\u00e9xico. Este lunes, su nombre aparecer\u00e1 en la lista de convocados de Luis De la Fuente para dicha cita.<\/p>\n<p class=\"ft-text\">El &#8216;Tibur\u00f3n&#8217; se incorporar\u00e1 a la selecci\u00f3n espa\u00f1ola tras haber cuajado una m\u00e1s que notable temporada vestido de azulgrana. Su rendimiento ha sido muy bueno, con 21 goles anotados en 48 partidos y muchos encuentros siendo el delantero centro titular por delante de Robert Lewandowski. A tanta buena noticia, puede Ferran Torres a\u00f1adir una m\u00e1s en un futuro no muy lejano. Y es que <strong>el Bar\u00e7a tiene pensado ofrecerle la renovaci\u00f3n<\/strong>.<\/p>\n<p class=\"ft-text\">El valenciano acaba contrato el 30 de junio del 2027 y, tras la marcha de Robert Lewandowski, tienen claro en la direcci\u00f3n deportiva del Bar\u00e7a que no pueden perder a otro delantero centro a pesar de tener claro que el gran objetivo este verano de Deco no es otro que fichar a un gran goleador. La posici\u00f3n, de todos modos, debe estar bien cubierta y doblada. Con el futbolista que llegue y Ferran Torres, un jugador que se ha ganado con su trabajo y sus goles la confianza de Hansi Flick.<\/p>\n<p><img decoding=\"async\" src=\"https:\/\/www.europesays.com\/es\/wp-content\/uploads\/2026\/05\/b2af6933-d540-49f2-b316-19276bab7f2e_alta-libre-aspect-ratio_default_0_x1000y444.jpg\" width=\"1200\" height=\"800\" alt=\"Ferran Torres celebra su golazo contra el Real Madrid\" class=\"ft-helper-img-rd\" loading=\"lazy\" fetchpriority=\"auto\"\/><\/p>\n<p class=\"ft-helper-fontColor-quaternary ft-helper-fontSize-body-S ft-helper-spacer-t-xxs\">Ferran Torres celebra su golazo contra el Real Madrid  \/ Valent\u00ed Enrich<\/p>\n<p class=\"ft-text\">Ferran Torres lleg\u00f3 al Bar\u00e7a en enero del a\u00f1o 2022 desde el Manchester City por 55 millones de euros y desde entonces ha marcado 65 goles con la camiseta azulgrana, siendo sus cifras y su juego muy importantes en estas dos \u00faltimas temporadas con Flick en el banquillo. Fue, por ejemplo, el m\u00e1ximo goleador en la Copa del Rey del pasado curso, siendo tambi\u00e9n elegido MVP de la final ganada por el Bar\u00e7a ante el Real Madrid en Sevilla.<\/p>\n<p class=\"ft-text\"><a class=\"ft-link ft-link--decoration\" href=\"https:\/\/www.sport.es\/es\/noticias\/barca\/motivos-barca-renovar-ferran-torres-129842703\" rel=\"nofollow noopener\" target=\"_blank\">Por todas estas cosas y tambi\u00e9n por el equilibrio del vestuario, siendo Ferran Torres gran amigo de Pedri, su continuidad en el club es importante<\/a>.<strong> Lo es para el Bar\u00e7a y tambi\u00e9n para el jugador. Se siente muy c\u00f3modo en el Bar\u00e7a y en el vestuario azulgrana y su \u00fanico deseo es ampliar contrato y seguir muchos a\u00f1os en el Spotify Camp Nou<\/strong> a pesar de saber que otros equipos, como el Atl\u00e9tico de Madrid, tambi\u00e9n desear\u00edan contar con sus servicios.<\/p>\n<p class=\"ft-text\">Desde la direcci\u00f3n deportiva todav\u00eda no se han puesto en contacto con los agentes de Ferran Torres, pero tienen pensado hacerlo a lo largo del verano, pues, aunque la norma ha tenido excepciones, la idea de Deco es que los jugadores no entren sin renovar en su \u00faltima temporada de contrato. El &#8216;fair play&#8217; financiero y la masa salarial tambi\u00e9n ser\u00e1n importantes para marcar los tempos del acuerdo.<\/p>\n<p class=\"ft-text\"><strong>Las intenciones del club son bien recibidas tanto por el jugador como por su agente<\/strong>, pues andaban algo mosqueados con los rumores que dec\u00edan que el Bar\u00e7a podr\u00eda poner al valenciano en el mercado este verano. La realidad es que se apuesta por su continuidad.<\/p>\n","protected":false},"excerpt":{"rendered":"Tras perderse el \u00faltimo partido de Liga ante el Betis por unas molestias musculares sin demasiada importancia, Ferran&hellip;\n","protected":false},"author":2,"featured_media":562410,"comment_status":"","ping_status":"","sticky":false,"template":"","format":"standard","meta":{"footnotes":""},"categories":[268],"tags":[2296,168,25,24,27571,23624,280,282,19847,1135,281,23,167,4655],"class_list":["post-562409","post","type-post","status-publish","format-standard","has-post-thumbnail","category-futbol","tag-barca","tag-deportes","tag-es","tag-espana","tag-ferran","tag-ferran-torres","tag-football","tag-futbol","tag-ofrecera","tag-renovacion","tag-soccer","tag-spain","tag-sports","tag-torres"],"share_on_mastodon":{"url":"https:\/\/pubeurope.com\/@es\/116611410748275520","error":""},"_links":{"self":[{"href":"https:\/\/www.europesays.com\/es\/wp-json\/wp\/v2\/posts\/562409","targetHints":{"allow":["GET"]}}],"collection":[{"href":"https:\/\/www.europesays.com\/es\/wp-json\/wp\/v2\/posts"}],"about":[{"href":"https:\/\/www.europesays.com\/es\/wp-json\/wp\/v2\/types\/post"}],"author":[{"embeddable":true,"href":"https:\/\/www.europesays.com\/es\/wp-json\/wp\/v2\/users\/2"}],"replies":[{"embeddable":true,"href":"https:\/\/www.europesays.com\/es\/wp-json\/wp\/v2\/comments?post=562409"}],"version-history":[{"count":0,"href":"https:\/\/www.europesays.com\/es\/wp-json\/wp\/v2\/posts\/562409\/revisions"}],"wp:featuredmedia":[{"embeddable":true,"href":"https:\/\/www.europesays.com\/es\/wp-json\/wp\/v2\/media\/562410"}],"wp:attachment":[{"href":"https:\/\/www.europesays.com\/es\/wp-json\/wp\/v2\/media?parent=562409"}],"wp:term":[{"taxonomy":"category","embeddable":true,"href":"https:\/\/www.europesays.com\/es\/wp-json\/wp\/v2\/categories?post=562409"},{"taxonomy":"post_tag","embeddable":true,"href":"https:\/\/www.europesays.com\/es\/wp-json\/wp\/v2\/tags?post=562409"}],"curies":[{"name":"wp","href":"https:\/\/api.w.org\/{rel}","templated":true}]}}