{"id":56250,"date":"2025-08-18T18:36:09","date_gmt":"2025-08-18T18:36:09","guid":{"rendered":"https:\/\/www.europesays.com\/es\/56250\/"},"modified":"2025-08-18T18:36:09","modified_gmt":"2025-08-18T18:36:09","slug":"la-superficie-quemada-este-ano-es-la-mayor-de-las-tres-ultimas-decadas","status":"publish","type":"post","link":"https:\/\/www.europesays.com\/es\/56250\/","title":{"rendered":"la superficie quemada este a\u00f1o es la mayor de las tres \u00faltimas d\u00e9cadas"},"content":{"rendered":"<p>18\/08\/2025<br \/>\n<br \/><strong><br \/>\nActualizado a las 20:18h.<br \/>\n<\/strong><\/p>\n<p class=\"voc-p\" style=\"\">El a\u00f1o 2022 fue, de entre los m\u00e1s recientes, el peor que se recordaba para los montes espa\u00f1oles. Numerosos incendios como <a href=\"https:\/\/www.abc.es\/sociedad\/marta-del-riego-anta-memoria-arde-20250817180758-nt.html\" target=\"_self\" data-voc-vtm-id=\"in-text-traffic\" title=\"los que afectaron a la Sierra de la Culebra, en Zamora\" rel=\"nofollow noopener\">los que afectaron a la Sierra de la Culebra, en Zamora<\/a>, arrasaron un total de 306.555 hect\u00e1reas, seg\u00fan los datos de Copernicus, el programa de observaci\u00f3n de la Tierra de la Uni\u00f3n Europea. Esa cifra solo se hab\u00eda sido superior en 1994, cuando la superficie quemada ascendi\u00f3 a m\u00e1s de 437.000 hect\u00e1reas, tal como constatan los informes de an\u00e1lisis de incendios forestales del Ministerio de Agricultura.<\/p>\n<p class=\"voc-p\" style=\"\"> Pero la oleada de fuegos que sufre estos d\u00edas nuestro pa\u00eds se acerca cada vez m\u00e1s a la de hace 31 a\u00f1os y supera ya por m\u00e1s de 40.000 hect\u00e1reas a la de 2022, pues la agencia europea apunta que la<a href=\"https:\/\/www.abc.es\/sociedad\/viaje-infierno-espanol-recorrido-entranas-incendios-norte-20250817183257-nt.html\" target=\"_self\" data-voc-vtm-id=\"in-text-traffic\" title=\" superficie destruida por las llamas\" rel=\"nofollow noopener\"> superficie destruida por las llamas<\/a> en lo que va de a\u00f1o ya alcanza las 348.238 hect\u00e1reas, la mayor cifra de su serie hist\u00f3rica, que comienza en 2006, y tambi\u00e9n de las tres \u00faltimas d\u00e9cadas si se toman en consideraci\u00f3n los datos de Agricultura.<\/p>\n<p class=\"voc-p\" style=\"\">Los \u00faltimos datos de Copernicus se\u00f1alan que desde que comenz\u00f3 el a\u00f1o nuestro pa\u00eds ha sufrido 228 incendios. Son menos de la mitad que los que hubo en 2022, cuando se contabilizaron 493 fuegos. Y sin embargo las hect\u00e1reas arrasadas superan ya en m\u00e1s de 40.000 las de ese a\u00f1o. <\/p>\n<p><img decoding=\"async\" id=\"g-datos-incendios-agosto-3-size-S-img\" class=\"g-datos-incendios-agosto-3-size-S-img g-aiImg\" alt=\"\" src=\"https:\/\/static.abc.es\/media\/infografias\/2025\/08\/datos-incendios-agosto-3\/datos-incendios-agosto-3-size-S.jpg?v=1755529138916\"\/><\/p>\n<p class=\"g-pstyle0\">Evoluci\u00f3n de los incendios<\/p>\n<p class=\"g-pstyle0\">en Espa\u00f1a, 2025<\/p>\n<p class=\"g-pstyle1\">Datos de Copernicus \/ EFFIS<\/p>\n<p class=\"g-pstyle1\">a 18 de agosto<\/p>\n<p class=\"g-pstyle1\">Superficie quemada por tama\u00f1o<\/p>\n<p class=\"g-pstyle3\">En hect\u00e1reas<\/p>\n<p class=\"g-pstyle7\">Villamart\u00edn<\/p>\n<p class=\"g-pstyle7\">de Valdeorras<\/p>\n<p class=\"g-pstyle8\">Orense<\/p>\n<p class=\"g-pstyle9\">Las M\u00e9dulas<\/p>\n<p class=\"g-pstyle9\">(Yeres)<\/p>\n<p class=\"g-pstyle10\">Le\u00f3n<\/p>\n<p class=\"g-pstyle7\">Chandrexa<\/p>\n<p class=\"g-pstyle7\">de Queixa<\/p>\n<p class=\"g-pstyle8\">Orense<\/p>\n<p class=\"g-pstyle7\">Comarca<\/p>\n<p class=\"g-pstyle7\">de la Vianay Ver\u00edn<\/p>\n<p class=\"g-pstyle8\">Orense<\/p>\n<p class=\"g-pstyle7\">Monta\u00f1a Palentina<\/p>\n<p class=\"g-pstyle8\">Palencia \/ Le\u00f3n<\/p>\n<p class=\"g-pstyle9\">Parque Nacional de <\/p>\n<p class=\"g-pstyle9\">los Picos de Europa<\/p>\n<p class=\"g-pstyle10\">Le\u00f3n \/ Cantabria<\/p>\n<p class=\"g-pstyle12\">Superficie quemada<\/p>\n<p class=\"g-pstyle12\">acumulada<\/p>\n<p class=\"g-pstyle15\">59.957,16<\/p>\n<p class=\"g-pstyle15\">(media hasta<\/p>\n<p class=\"g-pstyle15\">el 15 de agosto<\/p>\n<p class=\"g-pstyle15\">desde 2006)<\/p>\n<p class=\"g-pstyle18\">Superficie quemada<\/p>\n<p class=\"g-pstyle18\">y n\u00famero de fuegos<\/p>\n<p class=\"g-pstyle18\">en los \u00faltimos 10 a\u00f1os<\/p>\n<p class=\"g-pstyle24\">Infograf\u00eda ABC<\/p>\n<p class=\"g-pstyle17\">JdVelasco, M. Jim\u00e9nez, L. Cano y L. Albor<\/p>\n<p><img decoding=\"async\" id=\"g-datos-incendios-agosto-3-size-M-img\" class=\"g-datos-incendios-agosto-3-size-M-img g-aiImg\" alt=\"\" src=\"https:\/\/static.abc.es\/media\/infografias\/2025\/08\/datos-incendios-agosto-3\/datos-incendios-agosto-3-size-M.jpg?v=1755529140000\"\/><\/p>\n<p class=\"g-pstyle0\">Evoluci\u00f3n de los incendios en Espa\u00f1a, 2025<\/p>\n<p class=\"g-pstyle1\">Datos de Copernicus \/ EFFIS a 18 de agosto<\/p>\n<p class=\"g-pstyle1\">Superficie quemada por tama\u00f1o, en hect\u00e1reas<\/p>\n<p class=\"g-pstyle7\">Villamart\u00edn<\/p>\n<p class=\"g-pstyle7\">de Valdeorras<\/p>\n<p class=\"g-pstyle8\">Orense<\/p>\n<p class=\"g-pstyle7\">Chandrexa<\/p>\n<p class=\"g-pstyle7\">de Queixa<\/p>\n<p class=\"g-pstyle8\">Orense<\/p>\n<p class=\"g-pstyle9\">Parque Nacional de <\/p>\n<p class=\"g-pstyle9\">los Picos de Europa<\/p>\n<p class=\"g-pstyle10\">Le\u00f3n \/ Cantabria<\/p>\n<p class=\"g-pstyle9\">Monta\u00f1a Palentina<\/p>\n<p class=\"g-pstyle10\">Palencia \/ Le\u00f3n<\/p>\n<p class=\"g-pstyle9\">Las M\u00e9dulas (Yeres)<\/p>\n<p class=\"g-pstyle10\">Le\u00f3n<\/p>\n<p class=\"g-pstyle7\">Comarca<\/p>\n<p class=\"g-pstyle7\">de la Viana<\/p>\n<p class=\"g-pstyle7\">y Ver\u00edn<\/p>\n<p class=\"g-pstyle8\">Orense<\/p>\n<p class=\"g-pstyle12\">Superficie quemada<\/p>\n<p class=\"g-pstyle12\">acumulada<\/p>\n<p class=\"g-pstyle11\">59.957,16<\/p>\n<p class=\"g-pstyle11\">(media hasta el 15<\/p>\n<p class=\"g-pstyle11\">de agosto desde 2006)<\/p>\n<p class=\"g-pstyle17\">Superficie quemada y n\u00famero de fuegos<\/p>\n<p class=\"g-pstyle17\">en los \u00faltimos 10 a\u00f1os<\/p>\n<p class=\"g-pstyle21\">Infograf\u00eda ABC: JdVelasco, M. Jim\u00e9nez y L. Albor<\/p>\n<p class=\"g-pstyle22\">Fuente: Copernicus, EFFIS<\/p>\n<p class=\"voc-p\" style=\"\">La situaci\u00f3n es especialmente preocupante en Zamora, Le\u00f3n y Orense. Tambi\u00e9n en Extremadura por el avance del incendio de Jarilla. Hay activos en Espa\u00f1a en estos momentos 40 fuegos, de los que 23 son \u00abespecialmente preocupantes\u00bb, ha afirmado este lunes la ministra para la Transici\u00f3n Ecol\u00f3gica y el Reto Demogr\u00e1fico, Sara Aagesen. <\/p>\n<p class=\"voc-p\" style=\"\">La esperanza est\u00e1 puesta ahora, con el fin de la ola de calor vivida durante estas semanas, en un cambio en las condiciones climatol\u00f3gicas que favorezca la extinci\u00f3n de los fuegos, pues las altas temperaturas de los \u00faltimos d\u00edas -sumadas a la baja humedad y los vientos intensos- han sido el c\u00f3ctel perfecto para el avance del fuego.<\/p>\n<p>\nBajada de temperaturas\n<\/p>\n<p class=\"voc-p\" style=\"\">Pero el descenso de temperaturas que se ha empezado a notar este lunes, salvo en zonas de Alicante y Murcia, donde <a href=\"https:\/\/www.abc.es\/sociedad\/calor-deja-record-458-grados-jerez-frontera-20250818121455-nt.html\" target=\"_self\" data-voc-vtm-id=\"in-text-traffic\" title=\"contin\u00faan los avisos rojos por calor\" rel=\"nofollow noopener\">contin\u00faan los avisos rojos por calor<\/a>, se extender\u00e1 el martes por el resto de la Pen\u00ednsula, lo que ya de por s\u00ed favorecer\u00e1 las condiciones para acabar con el fuego. Pero hay m\u00e1s. Tambi\u00e9n llegan vientos m\u00e1s frescos, asociados a frentes atl\u00e1nticos, que los que ha habido hasta ahora. \u00abEl descenso de temperaturas beneficiar\u00e1 a los incendios m\u00e1s occidentales, as\u00ed como algunas precipitaciones que se dar\u00e1n en Asturias, Galicia, Cantabria e incluso el norte de Le\u00f3n. La humidificaci\u00f3n del ambiente tambi\u00e9n va a favorecer\u00bb las condiciones para hacer frente a las llamas, explica Francisco Mart\u00edn Le\u00f3n, meteor\u00f3logo colaborador de Meteored. Apunta que, sin embargo, en el caso del incendio que asola Extremadura, la \u00fanica ventaja ser\u00e1 la bajada de temperaturas, que \u00abya de por s\u00ed es algo positivo, no solo por los fuegos sino por las personas que luchan contra ellos, como los bomberos\u00bb.<\/p>\n<p class=\"voc-p\" style=\"\">Esas condiciones favorables, prosigue este meteor\u00f3logo, se dar\u00e1n hasta el jueves, pues a partir del viernes subir\u00e1n de nuevo los term\u00f3metros, situaci\u00f3n que se espera que cambie el domingo con la llegada de una dana. Aun as\u00ed, esas temperaturas no ser\u00e1n tan altas como las que ha dejado la primera mitad de agosto.<\/p>\n<p>Reportar un error<\/p>\n","protected":false},"excerpt":{"rendered":"18\/08\/2025 Actualizado a las 20:18h. El a\u00f1o 2022 fue, de entre los m\u00e1s recientes, el peor que se&hellip;\n","protected":false},"author":2,"featured_media":56251,"comment_status":"","ping_status":"","sticky":false,"template":"","format":"standard","meta":{"footnotes":""},"categories":[8],"tags":[24192,17,18,25,24,13,14,11,4342,19,20,23373,9,10,15,16,23,12,21,22],"class_list":{"0":"post-56250","1":"post","2":"type-post","3":"status-publish","4":"format-standard","5":"has-post-thumbnail","7":"category-espana","8":"tag-asolan","9":"tag-breaking-news","10":"tag-breakingnews","11":"tag-es","12":"tag-espana","13":"tag-featured-news","14":"tag-featurednews","15":"tag-headlines","16":"tag-incendios","17":"tag-latest-news","18":"tag-latestnews","19":"tag-mapa","20":"tag-news","21":"tag-noticias","22":"tag-noticias-destacadas","23":"tag-noticiasdestacadas","24":"tag-spain","25":"tag-titulares","26":"tag-ultimas-noticias","27":"tag-ultimasnoticias"},"share_on_mastodon":{"url":"","error":""},"_links":{"self":[{"href":"https:\/\/www.europesays.com\/es\/wp-json\/wp\/v2\/posts\/56250","targetHints":{"allow":["GET"]}}],"collection":[{"href":"https:\/\/www.europesays.com\/es\/wp-json\/wp\/v2\/posts"}],"about":[{"href":"https:\/\/www.europesays.com\/es\/wp-json\/wp\/v2\/types\/post"}],"author":[{"embeddable":true,"href":"https:\/\/www.europesays.com\/es\/wp-json\/wp\/v2\/users\/2"}],"replies":[{"embeddable":true,"href":"https:\/\/www.europesays.com\/es\/wp-json\/wp\/v2\/comments?post=56250"}],"version-history":[{"count":0,"href":"https:\/\/www.europesays.com\/es\/wp-json\/wp\/v2\/posts\/56250\/revisions"}],"wp:featuredmedia":[{"embeddable":true,"href":"https:\/\/www.europesays.com\/es\/wp-json\/wp\/v2\/media\/56251"}],"wp:attachment":[{"href":"https:\/\/www.europesays.com\/es\/wp-json\/wp\/v2\/media?parent=56250"}],"wp:term":[{"taxonomy":"category","embeddable":true,"href":"https:\/\/www.europesays.com\/es\/wp-json\/wp\/v2\/categories?post=56250"},{"taxonomy":"post_tag","embeddable":true,"href":"https:\/\/www.europesays.com\/es\/wp-json\/wp\/v2\/tags?post=56250"}],"curies":[{"name":"wp","href":"https:\/\/api.w.org\/{rel}","templated":true}]}}