{"id":562514,"date":"2026-05-21T08:54:12","date_gmt":"2026-05-21T08:54:12","guid":{"rendered":"https:\/\/www.europesays.com\/es\/562514\/"},"modified":"2026-05-21T08:54:12","modified_gmt":"2026-05-21T08:54:12","slug":"canada-el-mejor-amigo-de-europa","status":"publish","type":"post","link":"https:\/\/www.europesays.com\/es\/562514\/","title":{"rendered":"Canad\u00e1, el mejor amigo de Europa"},"content":{"rendered":"<p class=\"c-paragraph\">El rey Felipe VI visita Canad\u00e1, donde curs\u00f3 sus estudios de COU. Un viaje de car\u00e1cter comercial, <a href=\"https:\/\/www.20minutos.es\/lainformacion\/empresas\/rey-cuerpo-estrechan-lazos-canada-sellan-alianza-ia-indra-como-protagonista_6972911_0.html\" title=\"El Rey y Cuerpo estrechan lazos con Canad\u00e1 y sellan una alianza de IA con Indra como protagonista\" rel=\"nofollow noopener\" target=\"_blank\">organizado por el Ministerio de Econom\u00eda<\/a>, con especial relevancia por la determinaci\u00f3n del primer ministro canadiense de plantar cara a las amenazas de Donald Trump, que califica de matonismo.<b> Desde su llegada al poder, Mark Carney ha intensificado su relaci\u00f3n con Europa<\/b>, de la que dice compartir su manera de mirar al mundo y los principios basados en el Derecho Internacional y el multilateralismo. Una complicidad que ya se sustancia en acuerdos comerciales y de defensa, adem\u00e1s de en su presencia en la \u00faltima cumbre de la Comunidad Pol\u00edtica Europea. Tal es la sinton\u00eda que Francia y Finlandia apuntan incluso la posibilidad de incorporar a Canad\u00e1 como miembro 28 de la UE. La idea gusta a ambos lados del Atl\u00e1ntico.<\/p>\n","protected":false},"excerpt":{"rendered":"El rey Felipe VI visita Canad\u00e1, donde curs\u00f3 sus estudios de COU. Un viaje de car\u00e1cter comercial, organizado&hellip;\n","protected":false},"author":2,"featured_media":562515,"comment_status":"","ping_status":"","sticky":false,"template":"","format":"standard","meta":{"footnotes":""},"categories":[42],"tags":[4420,17,18,3730,700,13,14,11,61,62,63,64,19,20,1684,9,10,15,16,12,21,22,65,66,67],"class_list":["post-562514","post","type-post","status-publish","format-standard","has-post-thumbnail","category-internacional","tag-amigo","tag-breaking-news","tag-breakingnews","tag-canada","tag-europa","tag-featured-news","tag-featurednews","tag-headlines","tag-internacional","tag-international","tag-international-news","tag-internationalnews","tag-latest-news","tag-latestnews","tag-mejor","tag-news","tag-noticias","tag-noticias-destacadas","tag-noticiasdestacadas","tag-titulares","tag-ultimas-noticias","tag-ultimasnoticias","tag-world","tag-world-news","tag-worldnews"],"share_on_mastodon":{"url":"","error":""},"_links":{"self":[{"href":"https:\/\/www.europesays.com\/es\/wp-json\/wp\/v2\/posts\/562514","targetHints":{"allow":["GET"]}}],"collection":[{"href":"https:\/\/www.europesays.com\/es\/wp-json\/wp\/v2\/posts"}],"about":[{"href":"https:\/\/www.europesays.com\/es\/wp-json\/wp\/v2\/types\/post"}],"author":[{"embeddable":true,"href":"https:\/\/www.europesays.com\/es\/wp-json\/wp\/v2\/users\/2"}],"replies":[{"embeddable":true,"href":"https:\/\/www.europesays.com\/es\/wp-json\/wp\/v2\/comments?post=562514"}],"version-history":[{"count":0,"href":"https:\/\/www.europesays.com\/es\/wp-json\/wp\/v2\/posts\/562514\/revisions"}],"wp:featuredmedia":[{"embeddable":true,"href":"https:\/\/www.europesays.com\/es\/wp-json\/wp\/v2\/media\/562515"}],"wp:attachment":[{"href":"https:\/\/www.europesays.com\/es\/wp-json\/wp\/v2\/media?parent=562514"}],"wp:term":[{"taxonomy":"category","embeddable":true,"href":"https:\/\/www.europesays.com\/es\/wp-json\/wp\/v2\/categories?post=562514"},{"taxonomy":"post_tag","embeddable":true,"href":"https:\/\/www.europesays.com\/es\/wp-json\/wp\/v2\/tags?post=562514"}],"curies":[{"name":"wp","href":"https:\/\/api.w.org\/{rel}","templated":true}]}}