{"id":56268,"date":"2025-08-18T18:47:10","date_gmt":"2025-08-18T18:47:10","guid":{"rendered":"https:\/\/www.europesays.com\/es\/56268\/"},"modified":"2025-08-18T18:47:10","modified_gmt":"2025-08-18T18:47:10","slug":"amaral-pone-fin-a-su-polemica-con-bunbury-es-hora-de-que-se-cuente-la-verdad","status":"publish","type":"post","link":"https:\/\/www.europesays.com\/es\/56268\/","title":{"rendered":"Amaral pone fin a su pol\u00e9mica con Bunbury: \u00abEs hora de que se cuente la verdad\u00bb"},"content":{"rendered":"<p><a class=\"v-mdl-ath__fig-a\" href=\"https:\/\/www.elcorreo.com\/autor\/marina-leon-6788.html\" title=\"Marina Le\u00f3n\" rel=\"nofollow noopener\" target=\"_blank\"><br \/>\n<img decoding=\"async\" class=\"v-mdl-ath__img\" src=\"https:\/\/www.europesays.com\/es\/wp-content\/uploads\/2025\/07\/autor-6788-foto-1.jpeg\" alt=\"Marina Le\u00f3n\"\/><br \/>\n<\/a><\/p>\n<p class=\"v-mdl-ath__p v-mdl-ath__p--6\">\nLunes, 18 de agosto 2025, 18:16<\/p>\n<p class=\"v-p\">Eva Amaral lleva casi 20 a\u00f1os recibiendo ataques e insultos en redes sociales por parte de algunos fans de Enrique Bunbury. Y es que durante todo este tiempo hay quienes aseguran que el tema &#8216;Puta desgraciada&#8217; del que fue l\u00edder del grupo &#8216;H\u00e9roes del Silencio&#8217; estaba dedicado a ella por \u00abhaberle traicionado\u00bb. La canci\u00f3n, con versos como \u00abNo conozco a nadie que mienta como t\u00fa \/ Con tanta disciplina, precisi\u00f3n y sinceridad \/ Te ganaste tu lugar con ingeniosa ingenuidad\u00bb, vio la luz en 2006.<\/p>\n<blockquote class=\"twitter-tweet\">\n<p lang=\"es\" dir=\"ltr\">En lugar de venir aqu\u00ed a atacar y contar estupideces porque no le preguntas a <a href=\"https:\/\/twitter.com\/bunburyoficial?ref_src=twsrc%5Etfw\" rel=\"nofollow noopener\" target=\"_blank\">@bunburyoficial<\/a> <br \/>Creemos que es hora de que se cuente la verdad y de paso de que sus seguidores nos dejen en paz.<\/p>\n<p>\u2014 Amaral (@amaraloficial) <a href=\"https:\/\/twitter.com\/amaraloficial\/status\/1956406892252786919?ref_src=twsrc%5Etfw\" rel=\"nofollow noopener\" target=\"_blank\">August 15, 2025<\/a><\/p><\/blockquote>\n<p class=\"v-p\">Tras una <a href=\"https:\/\/www.elcorreo.com\/culturas\/musica\/amaral-vuela-santander-20250803075027-nt.html\" target=\"_blank\" title=\"Amaral tambi\u00e9n vuela en Santander\" data-voc-vtm-id=\"in-text-traffic\" data-mrf-link=\"www.elcorreo.com\" rel=\"nofollow noopener\">actuaci\u00f3n de Amaral<\/a> en C\u00e1diz hace unos d\u00edas, los seguidores de Bunbury hablaron de nuevo sobre el supuesto enfrentamiento entre los cantantes. Desde el perfil oficial de Amaral en X (antes Twitter) han decidido pronunciarse al respecto. \u00abUfff! Hartazgo grande de tanto ataque machista. Igual este hombre deber\u00eda haber parado esto hace tiempo\u00bb, escriben. \u00abBunbury no te dedic\u00f3 eso por ser mujer, fue por dar pu\u00f1aladas por la espalda\u00bb, afirma otro tuitero. \u00abEn lugar de venir aqu\u00ed a atacar y contar estupideces porque no le preguntas a @bunburyoficial Creemos que es hora de que se cuente la verdad y de paso de que sus seguidores nos dejen en paz\u00bb, a\u00f1ade el d\u00fao zaragozano formado por Eva Amaral y Juan Aguirre.<\/p>\n<blockquote class=\"twitter-tweet\">\n<p lang=\"es\" dir=\"ltr\">Aqu\u00ed Bunbury (yo tambi\u00e9n tengo esa revista) cuenta su versi\u00f3n de los hechos y dice que los conciertos de Dylan eran de <a href=\"https:\/\/twitter.com\/amaraloficial?ref_src=twsrc%5Etfw\" rel=\"nofollow noopener\" target=\"_blank\">@amaraloficial<\/a>. Fin. Los que seguimos a Eva y Juan desde 1998 ya lo sab\u00edamos. A ver si 20 a\u00f1os despu\u00e9s desterramos el dichoso y asqueroso bulo. <a href=\"https:\/\/t.co\/u3m27Ru3Qb\" rel=\"nofollow\">https:\/\/t.co\/u3m27Ru3Qb<\/a><\/p>\n<p>\u2014 Laura A (@LauA87) <a href=\"https:\/\/twitter.com\/LauA87\/status\/1957026761931206757?ref_src=twsrc%5Etfw\" rel=\"nofollow noopener\" target=\"_blank\">August 17, 2025<\/a><\/p><\/blockquote>\n<p class=\"v-p\">Una usuaria ha publicado un extracto de una entrevista del cantante en la que le preguntan directamente si la canci\u00f3n est\u00e1 dedicada a Eva Amaral. \u00abNo s\u00e9 cu\u00e1ntas veces me oreguntaron por este tema. Lo contar\u00e9 otra vez, a ver si consigo que se sepa mi versi\u00f3n de los hechos\u00bb, apunta. \u00abEl texto de &#8216;Puta desgraciada&#8217; pertenece a mi \u00e9poca deambulando por Nicaragua. No habla de Eva, ni remotamente\u00bb, cuenta.<\/p>\n<p>Comenta<\/p>\n<p>Reporta un error<\/p>\n<p><script async src=\"https:\/\/platform.twitter.com\/widgets.js\" charset=\"utf-8\"><\/script><\/p>\n","protected":false},"excerpt":{"rendered":"Lunes, 18 de agosto 2025, 18:16 Eva Amaral lleva casi 20 a\u00f1os recibiendo ataques e insultos en redes&hellip;\n","protected":false},"author":2,"featured_media":56269,"comment_status":"","ping_status":"","sticky":false,"template":"","format":"standard","meta":{"footnotes":""},"categories":[174],"tags":[11669,17832,255,24194,146,147,25,24,256,772,1458,1526,1150,23,24195],"class_list":{"0":"post-56268","1":"post","2":"type-post","3":"status-publish","4":"format-standard","5":"has-post-thumbnail","7":"category-famosos","8":"tag-amaral","9":"tag-bunbury","10":"tag-celebrities","11":"tag-cuente","12":"tag-entertainment","13":"tag-entretenimiento","14":"tag-es","15":"tag-espana","16":"tag-famosos","17":"tag-fin","18":"tag-hora","19":"tag-polemica","20":"tag-pone","21":"tag-spain","22":"tag-verdad"},"share_on_mastodon":{"url":"","error":""},"_links":{"self":[{"href":"https:\/\/www.europesays.com\/es\/wp-json\/wp\/v2\/posts\/56268","targetHints":{"allow":["GET"]}}],"collection":[{"href":"https:\/\/www.europesays.com\/es\/wp-json\/wp\/v2\/posts"}],"about":[{"href":"https:\/\/www.europesays.com\/es\/wp-json\/wp\/v2\/types\/post"}],"author":[{"embeddable":true,"href":"https:\/\/www.europesays.com\/es\/wp-json\/wp\/v2\/users\/2"}],"replies":[{"embeddable":true,"href":"https:\/\/www.europesays.com\/es\/wp-json\/wp\/v2\/comments?post=56268"}],"version-history":[{"count":0,"href":"https:\/\/www.europesays.com\/es\/wp-json\/wp\/v2\/posts\/56268\/revisions"}],"wp:featuredmedia":[{"embeddable":true,"href":"https:\/\/www.europesays.com\/es\/wp-json\/wp\/v2\/media\/56269"}],"wp:attachment":[{"href":"https:\/\/www.europesays.com\/es\/wp-json\/wp\/v2\/media?parent=56268"}],"wp:term":[{"taxonomy":"category","embeddable":true,"href":"https:\/\/www.europesays.com\/es\/wp-json\/wp\/v2\/categories?post=56268"},{"taxonomy":"post_tag","embeddable":true,"href":"https:\/\/www.europesays.com\/es\/wp-json\/wp\/v2\/tags?post=56268"}],"curies":[{"name":"wp","href":"https:\/\/api.w.org\/{rel}","templated":true}]}}