{"id":562722,"date":"2026-05-21T11:47:12","date_gmt":"2026-05-21T11:47:12","guid":{"rendered":"https:\/\/www.europesays.com\/es\/562722\/"},"modified":"2026-05-21T11:47:12","modified_gmt":"2026-05-21T11:47:12","slug":"alec-baldwin-rueda-en-la-plaza-del-triunfo-el-sastre-del-rey-estoy-muy-feliz-de-estar-en-granada","status":"publish","type":"post","link":"https:\/\/www.europesays.com\/es\/562722\/","title":{"rendered":"Alec Baldwin rueda en la Plaza del Triunfo &#8216;El sastre del rey&#8217;: \u00abEstoy muy feliz de estar en Granada\u00bb"},"content":{"rendered":"<p><img decoding=\"async\" class=\"v-ath__i\" loading=\"lazy\" src=\"https:\/\/www.europesays.com\/es\/wp-content\/uploads\/2026\/05\/autor-372-foto-4.png\" alt=\"Jos\u00e9 E. Cabrero\"\/><\/p>\n<p>21\/05\/2026<\/p>\n<p>Actualizado a las 13:40h.<\/p>\n<p class=\"v-d-p\" style=\"\">Hay un Mercedes en mitad de la Plaza del Triunfo. Es un coche imponente, uno de esos veh\u00edculos que dicen mucho de su conductor. Al volante hay alguien, una sombra blanca. A su alrededor, decenas de extras vestidos de \u00e9poca, simulando las calles de Casablanca, en Marruecos. <\/p>\n<p class=\"v-d-p\" style=\"\">Entre toda la marabunta, rodeado de c\u00e1maras y micr\u00f3fonos, el director, Pedro Casablanc, da la orden y comienza el rodaje. El tr\u00e1fico se corta y los curiosos se quedan all\u00ed parados, observando con atenci\u00f3n ese peque\u00f1o fragmento de lo que un d\u00eda ser\u00e1 la pel\u00edcula &#8216;El sastre del rey&#8217;. Entonces es cuando la puerta del coche se abre, el tipo de blanco sale con gesto elegante y&#8230; <\/p>\n<p class=\"v-d-p\" style=\"\">\u00ab\u00a1\u00bfEse es Alec Baldwin?!\u00bb. La pregunta, con una profunda extra\u00f1eza, resuena en la plaza granadina. \u00abNo, no puede ser&#8230; c\u00f3mo va a ser Alec Baldwin&#8230;\u00bb. Eso es, pensar\u00eda cualquiera, c\u00f3mo iba a ser ese actor que est\u00e1 entre las c\u00e1maras, en <a href=\"https:\/\/www.ideal.es\/culturas\/entorno-arco-elvira-transforma-casablanca-rodaje-sastre-20260511130135-nt.html\" data-voc-vtm-id=\"in-text-traffic\" title=\"un set de rodaje junto al Arco de Elvira\" data-mrf-link=\"www.ideal.es\" rel=\"nofollow noopener\" target=\"_blank\">un set de rodaje junto al Arco de Elvira<\/a>, el m\u00edtico actor de Hollywood al que hemos visto en, por ejemplo, &#8216;Infiltrados&#8217;, &#8216;Bitelch\u00fas&#8217;, &#8216;La caza del octubre rojo&#8217;, &#8216;La sombra&#8217;&#8230; y &#8216;Torrente, Presidente&#8217;, claro. \u00abQue s\u00ed, mira, que es el pu\u00f1etero Alec Baldwin\u00bb, insisten desde la barrera que separa la calle del rodaje. <\/p>\n<p><img decoding=\"async\" loading=\"lazy\" src=\"https:\/\/www.europesays.com\/es\/wp-content\/uploads\/2026\/05\/alec-baldwin-rodaje-escena-kN1E-U202410355850rXD-650x455@Ideal.jpg\" class=\"v-a-img\" width=\"680\" height=\"478\" alt=\"Baldwin, durante la grabaci\u00f3n de la escena.\" data-voc-vtm-id=\"in-text-traffic\"\/><\/p>\n<p>Baldwin, durante la grabaci\u00f3n de la escena.<\/p>\n<p>(J. E. C.)<\/p>\n<p class=\"v-d-p\" style=\"\">Pedro Casablanc dice \u00abcorten\u00bb y anuncia que ha llegado el momento de tomar un bocadillo. El equipo -muy amplio, hay much\u00edsima gente trabajando aqu\u00ed- se marcha al patio del colegio que hay justo enfrente, a descansar unos minutos. El tipo de blanco, el que conduc\u00eda el Mercedes, se quita el sombrero y se sienta en una sombra a descansar. Y as\u00ed, visto de perfil, ya no hay duda que valga: Alec Baldwin est\u00e1 en Granada. <\/p>\n<p class=\"v-d-p\" style=\"\">Baldwin aprovecha el descanso en el rodaje para mirar un rato el m\u00f3vil. Quiere la casualidad que unos minutos m\u00e1s tarde, aparezca un v\u00eddeo nuevo <a href=\"https:\/\/www.instagram.com\/p\/DYly4dUudNU\/\" data-voc-vtm-id=\"in-text-traffic\" title=\"en su cuenta de Instagram\" data-mrf-link=\"www.instagram.com\" rel=\"nofollow noopener\" target=\"_blank\">en su cuenta de Instagram<\/a>. Est\u00e1 grabado en la habitaci\u00f3n de su hotel, la noche anterior. \u00abEstoy en Granada, rodando la pel\u00edcula &#8216;El sastre del rey&#8217;\u00bb, dice. \u00abEs una ciudad preciosa, un hotel estupendo. Ayer di un paseo para descubrir la ciudad, no la conoc\u00eda. Estoy muy feliz de estar en Granada\u00bb. Luego, tras contar que hace unos d\u00edas estuvo rodando en Australia con Chris Hemsworth, se despide con un \u00abamo Espa\u00f1a, es gloria\u00bb. <\/p>\n<p><img decoding=\"async\" loading=\"lazy\" src=\"https:\/\/www.europesays.com\/es\/wp-content\/uploads\/2026\/05\/alec-baldwin-rodaje-granada (2)-kN1E-U202410355850ddD-650x455@Ideal.jpg\" class=\"v-a-img\" width=\"680\" height=\"478\" alt=\"Baldwin, en el set de 'El sastre del rey'.\" data-voc-vtm-id=\"in-text-traffic\"\/><\/p>\n<p>Baldwin, en el set de &#8216;El sastre del rey&#8217;.<\/p>\n<p>(J. E. C.)<\/p>\n<p>\nUna gran pel\u00edcula\n<\/p>\n<p class=\"v-d-p\" style=\"\">&#8216;El sastre del rey&#8217; es el primer largometraje de Pedro Casablanc, al que estamos m\u00e1s acostumbrados a ver delante de la c\u00e1mara: &#8216;Querer&#8217;, &#8216;Los Farad&#8217;, &#8216;Furia&#8217;&#8230; El film de Casablanc, con tintes autobiogr\u00e1ficos, ya luce espectacular. Al menos visto desde fuera. El despliegue que ha habido en la Plaza del Triunfo estos d\u00edas da una peque\u00f1a muestra del cari\u00f1o y el talento que hay volcados en el proyecto: la escenograf\u00eda, el vestuario, el amplio equipo detr\u00e1s de las c\u00e1maras&#8230; <\/p>\n<p class=\"v-d-p\" style=\"\">Tras Granada, el rodaje de Casablanc dar\u00e1 el salto a D\u00farcal y Las Gabias, donde se espera la participaci\u00f3n de un gran n\u00famero de extras, los que <a href=\"https:\/\/www.ideal.es\/culturas\/cine\/granada-vuelca-casting-serie-epoca-cajero-dentro-20260316122824-nt.html\" data-voc-vtm-id=\"in-text-traffic\" title=\"acudieron a los distintos c\u00e1stings\" data-mrf-link=\"www.ideal.es\" rel=\"nofollow noopener\" target=\"_blank\">acudieron a los distintos c\u00e1stings<\/a> que tuvieron lugar hace unos meses. <\/p>\n<p class=\"v-d-p\" style=\"\">Casablanc hab\u00eda dirigido dos cortos: &#8216;Burbuja&#8217; (2009), junto a Gabriel Olivares, una comedia donde adem\u00e1s ejerc\u00eda como actor; y &#8216;Sacrilegio&#8217; (2023), de tintes hist\u00f3ricos, en torno a un ajuste de cuentas entre bandoleros. <\/p>\n<p><img decoding=\"async\" loading=\"lazy\" src=\"https:\/\/www.europesays.com\/es\/wp-content\/uploads\/2026\/05\/baldwin-efe-italia-kN1E-U202410355850EzE-609x426@Ideal.jpg\" class=\"v-a-img\" alt=\"Baldwin, en el festival de Tur\u00edn.\" data-voc-vtm-id=\"in-text-traffic\" width=\"609\" height=\"426\"\/><\/p>\n<p>Baldwin, en el festival de Tur\u00edn.<\/p>\n<p>(EFE)<\/p>\n<p>Los \u00faltimos a\u00f1os de Alec Baldwin<\/p>\n<p class=\"v-d-p \">\nLos \u00faltimos a\u00f1os de Alec Baldwin han estado marcados por la tragedia. En 2021, en el set de rodaje de &#8216;Rust&#8217;, la directora de fotograf\u00eda Halyna Gutchins recibi\u00f3 un disparo con un rev\u00f3lver que Baldwin utilizaba en los ensayos. Un terrible accidente por el que se le acus\u00f3 al actor de homicidio involuntario, acusaci\u00f3n que la justicia estadounidense desestim\u00f3, por segunda vez, en 2024. Tras el episodio, Baldwin ha ido recuperando su actividad art\u00edstica poco a poco. Entre sus trabajos, destaca su papel en &#8216;Torrente, presidente&#8217;, que fue una de las grandes sorpresas de la pel\u00edcula de Santiago Segura.\n<\/p>\n<p><script async src=\"\/\/www.instagram.com\/embed.js\"><\/script><\/p>\n","protected":false},"excerpt":{"rendered":"21\/05\/2026 Actualizado a las 13:40h. Hay un Mercedes en mitad de la Plaza del Triunfo. Es un coche&hellip;\n","protected":false},"author":2,"featured_media":562723,"comment_status":"","ping_status":"","sticky":false,"template":"","format":"standard","meta":{"footnotes":""},"categories":[174],"tags":[59108,14962,255,146,147,25,24,1141,256,6664,494,1386,5330,7667,65099,23,2886],"class_list":["post-562722","post","type-post","status-publish","format-standard","has-post-thumbnail","category-famosos","tag-alec","tag-baldwin","tag-celebrities","tag-entertainment","tag-entretenimiento","tag-es","tag-espana","tag-estar","tag-famosos","tag-feliz","tag-granada","tag-plaza","tag-rey","tag-rueda","tag-sastre","tag-spain","tag-triunfo"],"share_on_mastodon":{"url":"https:\/\/pubeurope.com\/@es\/116612408744839210","error":""},"_links":{"self":[{"href":"https:\/\/www.europesays.com\/es\/wp-json\/wp\/v2\/posts\/562722","targetHints":{"allow":["GET"]}}],"collection":[{"href":"https:\/\/www.europesays.com\/es\/wp-json\/wp\/v2\/posts"}],"about":[{"href":"https:\/\/www.europesays.com\/es\/wp-json\/wp\/v2\/types\/post"}],"author":[{"embeddable":true,"href":"https:\/\/www.europesays.com\/es\/wp-json\/wp\/v2\/users\/2"}],"replies":[{"embeddable":true,"href":"https:\/\/www.europesays.com\/es\/wp-json\/wp\/v2\/comments?post=562722"}],"version-history":[{"count":0,"href":"https:\/\/www.europesays.com\/es\/wp-json\/wp\/v2\/posts\/562722\/revisions"}],"wp:featuredmedia":[{"embeddable":true,"href":"https:\/\/www.europesays.com\/es\/wp-json\/wp\/v2\/media\/562723"}],"wp:attachment":[{"href":"https:\/\/www.europesays.com\/es\/wp-json\/wp\/v2\/media?parent=562722"}],"wp:term":[{"taxonomy":"category","embeddable":true,"href":"https:\/\/www.europesays.com\/es\/wp-json\/wp\/v2\/categories?post=562722"},{"taxonomy":"post_tag","embeddable":true,"href":"https:\/\/www.europesays.com\/es\/wp-json\/wp\/v2\/tags?post=562722"}],"curies":[{"name":"wp","href":"https:\/\/api.w.org\/{rel}","templated":true}]}}