{"id":562923,"date":"2026-05-21T14:11:12","date_gmt":"2026-05-21T14:11:12","guid":{"rendered":"https:\/\/www.europesays.com\/es\/562923\/"},"modified":"2026-05-21T14:11:12","modified_gmt":"2026-05-21T14:11:12","slug":"isaac-torres-anuncia-un-estricto-cambio-fisico-tras-su-ruptura-con-dana-garcia","status":"publish","type":"post","link":"https:\/\/www.europesays.com\/es\/562923\/","title":{"rendered":"Isaac Torres anuncia un estricto cambio f\u00edsico tras su ruptura con Dana Garc\u00eda"},"content":{"rendered":"<p class=\"c-paragraph\">Isaac Torres, conocido popularmente como Lobo, ha anunciado en sus redes sociales un importante cambio en su rutina diaria con el <b>objetivo de conseguir una transformaci\u00f3n f\u00edsica mucho m\u00e1s dr\u00e1stica<\/b> y tonificada para el verano. El exconcursante de <a href=\"https:\/\/www.20minutos.es\/tags\/temas\/la-isla-de-las-tentaciones.html\" title=\"La isla de las tentaciones\" rel=\"nofollow noopener\" target=\"_blank\">La Isla de las Tentaciones<\/a> est\u00e1 atravesando una nueva etapa personal tras su ruptura con Dana Garc\u00eda.<\/p>\n<p class=\"c-paragraph\">El catal\u00e1n ha decidido renovarse por completo y comenzar lo que \u00e9l mismo ha definido como un \u00abplan de choque\u00bb, una nueva rutina deportiva y alimenticia con la que pretende cambiar de manera dr\u00e1stica. Adem\u00e1s, <b>quiso hacer part\u00edcipes a sus seguidores<\/b> de este proceso compartiendo todos los detalles en redes sociales.<\/p>\n<p class=\"c-paragraph\">Ha sido a trav\u00e9s de una ronda de preguntas y respuestas en Instagram donde Isaac explic\u00f3 que ya se ha puesto en manos de un entrenador personal para <b>iniciar una preparaci\u00f3n f\u00edsica<\/b>. Seg\u00fan ha comentado, el objetivo es lograr un cambio visible antes de las vacaciones de verano.<\/p>\n<p class=\"c-paragraph\">Sin embargo, el influencer ha reconocido que este nuevo reto tambi\u00e9n le est\u00e1 pasando factura f\u00edsicamente. \u00ab<b>No pod\u00e9is imaginaros las agujetas que tengo en las piernas<\/b>\u2026 y en todos lados. Estoy que no me puedo ni mover\u00bb, ha confesado con humor a sus seguidores.<\/p>\n<p>Ruptura con Dana Garc\u00eda<\/p>\n<p class=\"c-paragraph\">La transformaci\u00f3n llega adem\u00e1s en un momento delicado para Isaac Torres tras el final de su relaci\u00f3n con Dana Garc\u00eda. <b>El exconcursante anunci\u00f3 la ruptura tambi\u00e9n a trav\u00e9s de redes sociales<\/b>, aunque evitando entrar en demasiados detalles.<\/p>\n<p class=\"c-paragraph\">Durante la misma din\u00e1mica de preguntas y respuestas, Isaac ha dejado caer c\u00f3mo est\u00e1 afrontando esta nueva etapa sentimental. <b>\u00abLa primera en la frente\u00bb<\/b>, para despu\u00e9s a\u00f1adir: \u00abLa vida, que es muy caprichosa\u00bb.<\/p>\n<p class=\"c-paragraph\">Ahora, centrado en s\u00ed mismo y en sus nuevos objetivos f\u00edsicos, Isaac parece dispuesto a <b>convertir esta etapa de solter\u00eda<\/b> en una oportunidad para reinventarse tanto a nivel personal como f\u00edsico.<\/p>\n","protected":false},"excerpt":{"rendered":"Isaac Torres, conocido popularmente como Lobo, ha anunciado en sus redes sociales un importante cambio en su rutina&hellip;\n","protected":false},"author":2,"featured_media":562924,"comment_status":"","ping_status":"","sticky":false,"template":"","format":"standard","meta":{"footnotes":""},"categories":[171],"tags":[4187,146,147,25,24,10708,11458,23,4655,214,16743],"class_list":["post-562923","post","type-post","status-publish","format-standard","has-post-thumbnail","category-tv","tag-anuncia","tag-entertainment","tag-entretenimiento","tag-es","tag-espana","tag-isaac","tag-lobo","tag-spain","tag-torres","tag-tv","tag-un"],"share_on_mastodon":{"url":"https:\/\/pubeurope.com\/@es\/116612975272042300","error":""},"_links":{"self":[{"href":"https:\/\/www.europesays.com\/es\/wp-json\/wp\/v2\/posts\/562923","targetHints":{"allow":["GET"]}}],"collection":[{"href":"https:\/\/www.europesays.com\/es\/wp-json\/wp\/v2\/posts"}],"about":[{"href":"https:\/\/www.europesays.com\/es\/wp-json\/wp\/v2\/types\/post"}],"author":[{"embeddable":true,"href":"https:\/\/www.europesays.com\/es\/wp-json\/wp\/v2\/users\/2"}],"replies":[{"embeddable":true,"href":"https:\/\/www.europesays.com\/es\/wp-json\/wp\/v2\/comments?post=562923"}],"version-history":[{"count":0,"href":"https:\/\/www.europesays.com\/es\/wp-json\/wp\/v2\/posts\/562923\/revisions"}],"wp:featuredmedia":[{"embeddable":true,"href":"https:\/\/www.europesays.com\/es\/wp-json\/wp\/v2\/media\/562924"}],"wp:attachment":[{"href":"https:\/\/www.europesays.com\/es\/wp-json\/wp\/v2\/media?parent=562923"}],"wp:term":[{"taxonomy":"category","embeddable":true,"href":"https:\/\/www.europesays.com\/es\/wp-json\/wp\/v2\/categories?post=562923"},{"taxonomy":"post_tag","embeddable":true,"href":"https:\/\/www.europesays.com\/es\/wp-json\/wp\/v2\/tags?post=562923"}],"curies":[{"name":"wp","href":"https:\/\/api.w.org\/{rel}","templated":true}]}}