{"id":563008,"date":"2026-05-21T15:22:16","date_gmt":"2026-05-21T15:22:16","guid":{"rendered":"https:\/\/www.europesays.com\/es\/563008\/"},"modified":"2026-05-21T15:22:16","modified_gmt":"2026-05-21T15:22:16","slug":"soy-consciente-de-que-mis-dias-estan-contados-rod-stewart-hablo-sobre-su-retiro-definitivo","status":"publish","type":"post","link":"https:\/\/www.europesays.com\/es\/563008\/","title":{"rendered":"\u201cSoy consciente de que mis d\u00edas est\u00e1n contados\u201d: Rod Stewart habl\u00f3 sobre su retiro definitivo"},"content":{"rendered":"<p>Rod Stewart anuncia oficialmente su \u00faltima gira internacional y pone fecha a su retiro de los escenarios<\/p>\n<p class=\"paragraph\"><b>El adi\u00f3s de Rod Stewart: la leyenda del rock anuncia su \u00faltima gira<\/b>. Con una agenda todav\u00eda activa y fechas ya comprometidas fuera de Reino Unido, el m\u00fasico brit\u00e1nico comunic\u00f3 que pondr\u00e1 fin a sus presentaciones en vivo tras una \u00faltima etapa de conciertos prevista para <b>2027<\/b>.<\/p>\n<p class=\"paragraph\"><a href=\"https:\/\/www.infobae.com\/tag\/rod-stewart\/\" target=\"_blank\" rel=\"noreferrer nofollow noopener\" title=\"https:\/\/www.infobae.com\/tag\/rod-stewart\/\">Rod Stewart<\/a>, de <b>81 a\u00f1os<\/b>, explic\u00f3 en una entrevista con TalkSport que el cierre de su carrera en directo llegar\u00e1 despu\u00e9s de completar su calendario pendiente y concretar su despedida en su pa\u00eds, con una \u00faltima gira a\u00fan por detallarse en fechas y ciudades.<\/p>\n<p><img alt=\"Rod Stewart cerrar\u00e1 su carrera en vivo tras completar m\u00e1s de 20 fechas en Estados Unidos y su actuaci\u00f3n en Rock in Rio Lisboa (REUTERS\/Jack Taylor\/Pool)\" class=\"global-image\" decoding=\"async\" fetchpriority=\"low\" height=\"2736\" loading=\"lazy\" src=\"https:\/\/www.europesays.com\/es\/wp-content\/uploads\/2026\/05\/XFNMTLR2ENEIRFL2XORWCZCW7U.JPG\" width=\"4096\"\/>Rod Stewart cerrar\u00e1 su carrera en vivo tras completar m\u00e1s de 20 fechas en Estados Unidos y su actuaci\u00f3n en Rock in Rio Lisboa (REUTERS\/Jack Taylor\/Pool)<\/p>\n<p class=\"paragraph\">El cantante mantuvo presentaciones programadas en <b>Estados Unidos<\/b> a lo largo de <b>2026<\/b>, con m\u00e1s de <b>20<\/b> fechas previstas antes de concentrar el tramo final del tour en territorio brit\u00e1nico.<\/p>\n<p class=\"paragraph\">En esa agenda tambi\u00e9n figur\u00f3 su participaci\u00f3n en <b>Rock in Rio Lisboa<\/b>, donde actuar\u00e1 el <b>27 de junio<\/b> en el \u201cLegends Day\u201d junto a <b>Cyndi Lauper<\/b>, <b>Shaggy<\/b> y <b>4 Non Blondes<\/b>, seg\u00fan la programaci\u00f3n difundida por el festival.<\/p>\n<p><img alt=\"Rod Stewart\" class=\"global-image\" decoding=\"async\" fetchpriority=\"low\" height=\"1080\" loading=\"lazy\" src=\"https:\/\/www.europesays.com\/es\/wp-content\/uploads\/2026\/05\/UKOKXBC6Z5DJPDI22ZXRDFSCIE.jpg\" width=\"1920\"\/>El m\u00fasico brit\u00e1nico confirm\u00f3 que su despedida incluir\u00e1 una \u00faltima gira por Reino Unido en 2027, tras cumplir compromisos actuales (Matt Licari\/Invision\/AP)<\/p>\n<p class=\"paragraph\">Aunque Stewart no public\u00f3 todav\u00eda el cronograma completo de su \u00faltima gira en Reino Unido, adelant\u00f3 que incluir\u00e1 escenarios de gran capacidad. Entre los recintos que mencion\u00f3 estuvo el <b>O2 de Londres<\/b>, uno de los principales espacios para conciertos en la capital brit\u00e1nica.<\/p>\n<p class=\"paragraph\">El m\u00fasico plante\u00f3 que esa etapa ser\u00e1 su despedida de los grandes recintos, en una definici\u00f3n que apunta al final de su actividad en vivo en el circuito masivo.<\/p>\n<p><img alt=\"Rod Stewart\" class=\"global-image\" decoding=\"async\" fetchpriority=\"low\" height=\"1080\" loading=\"lazy\" src=\"https:\/\/www.europesays.com\/es\/wp-content\/uploads\/2026\/05\/BO3VNN2ORBHHRF2WCVBFFF6OEA.jpg\" width=\"1920\"\/>El artista reafirm\u00f3 que su retiro fue programado y reflexionado, evitando una salida apresurada de los escenarios del rock internacional (REUTERS\/Maja Smiejkowska)<\/p>\n<p class=\"paragraph\">En la entrevista con TalkSport, Stewart sintetiz\u00f3 su plan con una frase directa: \u201cDespu\u00e9s estar\u00e9 girando por Reino Unido el a\u00f1o que viene, haciendo el <b>O2<\/b>, y probablemente eso ser\u00e1 todo, creo\u201d.<\/p>\n<p class=\"paragraph\">En el mismo intercambio, el cantante desliz\u00f3 un comentario en tono de broma sobre qu\u00e9 har\u00e1 despu\u00e9s de su \u00faltima gira: \u201cTendr\u00e9 que hacer algo nuevo, ir m\u00e1s seguido a su programa quiz\u00e1\u201d, dijo, en referencia al espacio radial en el que habl\u00f3 del tema.<\/p>\n<p><img alt=\"Rod Stewart act\u00faa durante el concierto ben\u00e9fico FireAid el jueves 30 de enero de 2025 en Intuit Dome en Inglewood, California. (Foto Jordan Strauss\/Invision\/AP)\" class=\"global-image\" decoding=\"async\" fetchpriority=\"low\" height=\"1080\" loading=\"lazy\" src=\"https:\/\/www.europesays.com\/es\/wp-content\/uploads\/2026\/05\/X3XRGSMFXRFTHACSQQWRR26XC4.jpg\" width=\"1920\"\/>En entrevistas recientes, Stewart argument\u00f3 que la edad y el deseo de nuevas actividades lo impulsaron a tomar esta decisi\u00f3n  (Foto Jordan Strauss\/Invision\/AP)<\/p>\n<p class=\"paragraph\">Stewart sostuvo que se siente con energ\u00eda, pero admiti\u00f3 que la edad influy\u00f3 en su decisi\u00f3n de cerrar su etapa como artista de giras. \u201cSoy consciente de que mis d\u00edas est\u00e1n contados, pero no tengo miedo\u201d, afirm\u00f3.<\/p>\n<p class=\"paragraph\">El m\u00fasico tambi\u00e9n expres\u00f3 que pretende aprovechar los pr\u00f3ximos a\u00f1os con una actitud positiva. En ese marco, present\u00f3 el retiro como una decisi\u00f3n tomada a tiempo, no como una salida precipitada, y remarc\u00f3 que quiere mantener actividades y proyectos fuera de la exigencia f\u00edsica de los escenarios.<\/p>\n<p><img alt=\"Soccer Football - Scottish Premiership - Celtic v St Mirren - Celtic Park, Glasgow, Scotland, Britain - May 17, 2025 Singer Rod Stewart is seen in the stands before the match REUTERS\/Scott Heppell\" class=\"global-image\" decoding=\"async\" fetchpriority=\"low\" height=\"1080\" loading=\"lazy\" src=\"https:\/\/www.europesays.com\/es\/wp-content\/uploads\/2026\/05\/QQF4WVSGAJGQHHTZS2SQFAZO2I.jpg\" width=\"1920\"\/>En 2024, Rod Stewart ya hab\u00eda adelantado que no har\u00eda m\u00e1s giras mundiales, aunque aclar\u00f3 que seguir\u00eda activo en otros proyectos musicales (REUTERS\/Scott Heppell)<\/p>\n<p class=\"paragraph\">Durante <b>2024<\/b>, Stewart ya hab\u00eda dicho que no realizar\u00eda m\u00e1s giras mundiales a gran escala. En ese momento, sin embargo, puntualiz\u00f3 que \u201cno ten\u00eda ning\u00fan deseo de retirarse\u201d, una diferencia relevante frente al anuncio posterior sobre el final de sus actuaciones en vivo.<\/p>\n<p class=\"paragraph\">En esa misma l\u00ednea, el artista describi\u00f3 su estado f\u00edsico con una declaraci\u00f3n que subray\u00f3 su continuidad laboral: \u201cMe encanta lo que hago y hago lo que me encanta. Estoy en forma, tengo toda la cabeza llena de pelo y puedo correr 100 metros en <b>18 segundos<\/b> a la alegre edad de <b>79 a\u00f1os<\/b>\u201d.<\/p>\n<p><img alt=\"Rod Stewart 1978\" class=\"global-image\" decoding=\"async\" fetchpriority=\"low\" height=\"1079\" loading=\"lazy\" src=\"https:\/\/www.europesays.com\/es\/wp-content\/uploads\/2026\/05\/SKWC4Y42NVCS5BWNL3OEXRXOJU.jpg\" width=\"1920\"\/>Con m\u00e1s de seis d\u00e9cadas de trayectoria, Stewart deja un legado de \u00e9xito tanto con Faces, The Jeff Beck Group y su carrera como solista<\/p>\n<p class=\"paragraph\">Con una carrera de m\u00e1s de <b>seis d\u00e9cadas<\/b>, Rod Stewart construy\u00f3 un perfil que combin\u00f3 trabajo en bandas y \u00e9xito como solista. Entre sus etapas m\u00e1s citadas figuran sus participaciones en <b>Faces<\/b> y <b>The Jeff Beck Group<\/b>, adem\u00e1s de su trayectoria posterior al frente de su propio repertorio.<\/p>\n<p class=\"paragraph\">Con la \u00faltima gira prevista para <b>2027<\/b> como punto final, Stewart encamina una despedida que apunta a cerrar su etapa en vivo sin dejar de cumplir los compromisos ya pautados.<\/p>\n","protected":false},"excerpt":{"rendered":"Rod Stewart anuncia oficialmente su \u00faltima gira internacional y pone fecha a su retiro de los escenarios El&hellip;\n","protected":false},"author":2,"featured_media":563009,"comment_status":"","ping_status":"","sticky":false,"template":"","format":"standard","meta":{"footnotes":""},"categories":[170],"tags":[32245,231,3118,5797,146,147,25,24,406,184,185,28655,23],"class_list":["post-563008","post","type-post","status-publish","format-standard","has-post-thumbnail","category-musica","tag-anniversaries","tag-arts","tag-arts-culture-entertainment","tag-culture","tag-entertainment","tag-entretenimiento","tag-es","tag-espana","tag-europe","tag-music","tag-musica","tag-royals","tag-spain"],"share_on_mastodon":{"url":"https:\/\/pubeurope.com\/@es\/116613254578174877","error":""},"_links":{"self":[{"href":"https:\/\/www.europesays.com\/es\/wp-json\/wp\/v2\/posts\/563008","targetHints":{"allow":["GET"]}}],"collection":[{"href":"https:\/\/www.europesays.com\/es\/wp-json\/wp\/v2\/posts"}],"about":[{"href":"https:\/\/www.europesays.com\/es\/wp-json\/wp\/v2\/types\/post"}],"author":[{"embeddable":true,"href":"https:\/\/www.europesays.com\/es\/wp-json\/wp\/v2\/users\/2"}],"replies":[{"embeddable":true,"href":"https:\/\/www.europesays.com\/es\/wp-json\/wp\/v2\/comments?post=563008"}],"version-history":[{"count":0,"href":"https:\/\/www.europesays.com\/es\/wp-json\/wp\/v2\/posts\/563008\/revisions"}],"wp:featuredmedia":[{"embeddable":true,"href":"https:\/\/www.europesays.com\/es\/wp-json\/wp\/v2\/media\/563009"}],"wp:attachment":[{"href":"https:\/\/www.europesays.com\/es\/wp-json\/wp\/v2\/media?parent=563008"}],"wp:term":[{"taxonomy":"category","embeddable":true,"href":"https:\/\/www.europesays.com\/es\/wp-json\/wp\/v2\/categories?post=563008"},{"taxonomy":"post_tag","embeddable":true,"href":"https:\/\/www.europesays.com\/es\/wp-json\/wp\/v2\/tags?post=563008"}],"curies":[{"name":"wp","href":"https:\/\/api.w.org\/{rel}","templated":true}]}}