{"id":563063,"date":"2026-05-21T16:09:26","date_gmt":"2026-05-21T16:09:26","guid":{"rendered":"https:\/\/www.europesays.com\/es\/563063\/"},"modified":"2026-05-21T16:09:26","modified_gmt":"2026-05-21T16:09:26","slug":"el-senor-de-los-anillos-las-dos-torres-vuelve-al-cine-este-fin-de-semana","status":"publish","type":"post","link":"https:\/\/www.europesays.com\/es\/563063\/","title":{"rendered":"&#8216;El Se\u00f1or de los Anillos: las dos torres&#8217; vuelve al cine este fin de semana"},"content":{"rendered":"<p>Las celebraciones por el <a href=\"https:\/\/www.larazon.es\/tecnologia-consumo\/series\/toda-trilogia-senor-anillos-vuelve-cine-mayo-forma-escalonada-su-25%C2%BA-aniversario_2026042069e64813f106942d528c28b0.html\" rel=\"nofollow noopener\" target=\"_blank\">25\u00ba. aniversario del estreno<\/a> de la trilog\u00eda de El Se\u00f1or de los Anillos <b>de Peter Jackson<\/b> se han adelantado, pues en realidad deber\u00edamos esperar hasta el <b>19 de diciembre<\/b> de este 2026 para llevarlas a cabo, pero no nos vamos a quejar por <b>haber vuelto ya al cine<\/b> a disfrutarla.<\/p>\n<p><a href=\"https:\/\/www.larazon.es\/tecnologia-consumo\/series\/senor-anillos-comunidad-anillo-se-reestrena-hoy-cines-solo-dias_202605156a06fec5b5b06629961126c7.html\" rel=\"nofollow noopener\" target=\"_blank\">Lo hicimos el pasado fin de semana<\/a> con El Se\u00f1or de los Anillos: la Comunidad del Anillo, reestrenada el 15 de mayo, y <b>lo haremos tambi\u00e9n estos d\u00edas<\/b> gracias a Las dos torres, que <b>contin\u00faa con las aventuras de Frodo<\/b> y compa\u00f1\u00eda solo que con nuevos peligros.<\/p>\n<p>Porque <b>desde este viernes 22 de mayo<\/b> y hasta el domingo 24, dependiendo de cada cadena de cines y de la programaci\u00f3n concreta de cada sala, podremos <b>volver a disfrutar en pantalla grande<\/b> de El Se\u00f1or de los Anillos: las dos torres, la segunda entrega de una de las trilog\u00edas m\u00e1s importantes de la historia del cine fant\u00e1stico. Incluso <b>habr\u00e1 salas que alargar\u00e1n su proyecci\u00f3n<\/b> hasta el mi\u00e9rcoles o jueves de la semana pr\u00f3xima.<\/p>\n<p>La Comunidad se separa<\/p>\n<p>La pel\u00edcula <b>retomar\u00e1 la historia<\/b> justo donde termin\u00f3 La Comunidad del Anillo, con la disoluci\u00f3n del grupo y la separaci\u00f3n de sus protagonistas. <b>Por un lado, Frodo y Sam<\/b> contin\u00faan su viaje hacia Mordor acompa\u00f1ados ahora por Gollum, mientras <b>Aragorn, Legolas y Gimli<\/b> intentan rescatar a Merry y Pippin tras el ataque de los uruk-hai.<\/p>\n<p>Adem\u00e1s y al igual que ocurri\u00f3 con La Comunidad del Anillo, el reestreno se realizar\u00e1 con las <b>versiones extendidas<\/b> de las pel\u00edculas. Eso significa que veremos <b>cerca de cuatro horas <\/b>de metraje con numerosas escenas adicionales que no llegaron a los cines en 2002 y que para muchos espectadores representan la versi\u00f3n definitiva de la obra.<\/p>\n<p>Versiones<\/p>\n<p>Tambi\u00e9n conviene <b>revisar bien la cartelera<\/b> antes de acudir al cine, pues dependiendo de la sala podremos encontrar <b>sesiones dobladas al castellano<\/b>, en <b>versi\u00f3n original<\/b>\u00a0<b>subtitulada\u00a0<\/b>o incluso alg\u00fan <b>pase puntual en ingl\u00e9s<\/b>. Para quienes quieran completar la experiencia, la pr\u00f3xima semana llegar\u00e1 tambi\u00e9n el turno de El Se\u00f1or de los Anillos: el retorno del rey, que cerrar\u00e1 este <b>regreso escalonado<\/b> <b>de la trilog\u00eda<\/b> a las salas de cine.<\/p>\n","protected":false},"excerpt":{"rendered":"Las celebraciones por el 25\u00ba. aniversario del estreno de la trilog\u00eda de El Se\u00f1or de los Anillos de&hellip;\n","protected":false},"author":2,"featured_media":563064,"comment_status":"","ping_status":"","sticky":false,"template":"","format":"standard","meta":{"footnotes":""},"categories":[169],"tags":[108020,177,56497,146,147,25,24,176,175,64342,23,87113],"class_list":["post-563063","post","type-post","status-publish","format-standard","has-post-thumbnail","category-cine","tag-ciencia-ficciu00f3n","tag-cine","tag-elijah-wood","tag-entertainment","tag-entretenimiento","tag-es","tag-espana","tag-film","tag-movies","tag-peter-jackson","tag-spain","tag-viggo-mortensen"],"share_on_mastodon":{"url":"https:\/\/pubeurope.com\/@es\/116613439026343627","error":""},"_links":{"self":[{"href":"https:\/\/www.europesays.com\/es\/wp-json\/wp\/v2\/posts\/563063","targetHints":{"allow":["GET"]}}],"collection":[{"href":"https:\/\/www.europesays.com\/es\/wp-json\/wp\/v2\/posts"}],"about":[{"href":"https:\/\/www.europesays.com\/es\/wp-json\/wp\/v2\/types\/post"}],"author":[{"embeddable":true,"href":"https:\/\/www.europesays.com\/es\/wp-json\/wp\/v2\/users\/2"}],"replies":[{"embeddable":true,"href":"https:\/\/www.europesays.com\/es\/wp-json\/wp\/v2\/comments?post=563063"}],"version-history":[{"count":0,"href":"https:\/\/www.europesays.com\/es\/wp-json\/wp\/v2\/posts\/563063\/revisions"}],"wp:featuredmedia":[{"embeddable":true,"href":"https:\/\/www.europesays.com\/es\/wp-json\/wp\/v2\/media\/563064"}],"wp:attachment":[{"href":"https:\/\/www.europesays.com\/es\/wp-json\/wp\/v2\/media?parent=563063"}],"wp:term":[{"taxonomy":"category","embeddable":true,"href":"https:\/\/www.europesays.com\/es\/wp-json\/wp\/v2\/categories?post=563063"},{"taxonomy":"post_tag","embeddable":true,"href":"https:\/\/www.europesays.com\/es\/wp-json\/wp\/v2\/tags?post=563063"}],"curies":[{"name":"wp","href":"https:\/\/api.w.org\/{rel}","templated":true}]}}