{"id":563461,"date":"2026-05-21T21:13:26","date_gmt":"2026-05-21T21:13:26","guid":{"rendered":"https:\/\/www.europesays.com\/es\/563461\/"},"modified":"2026-05-21T21:13:26","modified_gmt":"2026-05-21T21:13:26","slug":"la-cancion-mas-alegre-de-radiohead-segun-thom-yorke","status":"publish","type":"post","link":"https:\/\/www.europesays.com\/es\/563461\/","title":{"rendered":"La canci\u00f3n \u00abm\u00e1s alegre\u00bb de Radiohead seg\u00fan Thom Yorke"},"content":{"rendered":"<p class=\"wp-block-paragraph\">La discograf\u00eda de <strong>Radiohead<\/strong> est\u00e1 plagada de cl\u00e1sicos y uno de los m\u00e1s conocidos es \u201c<strong>Idioteque<\/strong>\u201d, del \u00e1lbum <a href=\"https:\/\/indiehoy.com\/indieayer\/20-anos-de-kid-a-el-disco-que-cambio-la-carrera-de-radiohead\/\" target=\"_blank\" rel=\"noreferrer noopener nofollow\">Kid A<\/a>. Para llegar al resultado final, el guitarrista <strong>Jonny<\/strong> <strong>Greenwood<\/strong> intent\u00f3 crear una caja de ritmos utilizando m\u00f3dulos de sintetizador similares a los disponibles en los a\u00f1os 70, con diversos\u00a0componentes para crear y dar forma a los sonidos. Pero cuando sinti\u00f3 que la pista \u00abnecesitaba caos\u00bb, experiment\u00f3 y acudi\u00f3 al sampleo.<\/p>\n<p class=\"wp-block-paragraph\">Greenwood termin\u00f3 grabando unos 50 minutos de improvisaci\u00f3n y se los dio a <strong>Thom<\/strong> <strong>Yorke<\/strong>, quien tom\u00f3 una secuencia corta y la us\u00f3 para escribir la letra de la canci\u00f3n. \u00abParte de ella era simplemente &#8216;\u00bfqu\u00e9?&#8217;, pero luego estaba esta secci\u00f3n de unos 40 segundos de duraci\u00f3n en el medio que era absolutamente genial y simplemente la cort\u00e9\u00bb, cont\u00f3 el brit\u00e1nico.<\/p>\n<p><img loading=\"lazy\" decoding=\"async\" width=\"1200\" height=\"800\" src=\"https:\/\/www.europesays.com\/es\/wp-content\/uploads\/2026\/05\/radiohead-1-2.jpg\" alt=\"Radiohead\" class=\"wp-image-472510\"  \/>Radiohead.<\/p>\n<p>Una pista que transmite alegr\u00eda<\/p>\n<p class=\"wp-block-paragraph\">\u201cIdioteque\u201d no solo es uno de los tracks m\u00e1s destacados de Radiohead (Rolling Stone lo ubic\u00f3 en el puesto 48 de su lista de las \u00ab500 mejores canciones de todos los tiempos\u00bb), sino que, seg\u00fan el propio <a href=\"https:\/\/indiehoy.com\/historias\/5-mejores-canciones-thom-yorke\/\" target=\"_blank\" rel=\"noreferrer noopener nofollow\">Yorke<\/a>, es el \u201cm\u00e1s alegre\u201d. En di\u00e1logo con Select, <strong>el frontman dijo que la pista \u201cfue lo m\u00e1s alegre que escribimos\u201d y que esa alegr\u00eda se desprende de \u00abver que todo funciona\u201d<\/strong>.<\/p>\n<p class=\"wp-block-paragraph\">\u201cCuando lo terminamos, record\u00e9 que siempre quise hacer una melod\u00eda bailable, algo que escuchas cuando vas a un club. Cuando estaba en la universidad, sol\u00eda ir a un club en el que pon\u00edan hip hop, James Brown y cosas as\u00ed. Lo record\u00e9 porque siempre pensaba: &#8216;\u00bfNo ser\u00eda incre\u00edble intentar conseguir esa sensaci\u00f3n, pero tener todas las cosas que te asustan, las im\u00e1genes m\u00e1s preocupantes que puedas tener, y recitarlas en medio del ritmo?'\u00bb, cerr\u00f3 Yorke.<\/p>\n","protected":false},"excerpt":{"rendered":"La discograf\u00eda de Radiohead est\u00e1 plagada de cl\u00e1sicos y uno de los m\u00e1s conocidos es \u201cIdioteque\u201d, del \u00e1lbum&hellip;\n","protected":false},"author":2,"featured_media":563462,"comment_status":"","ping_status":"","sticky":false,"template":"","format":"standard","meta":{"footnotes":""},"categories":[170],"tags":[146,147,25,24,184,185,3529,23,21086],"class_list":["post-563461","post","type-post","status-publish","format-standard","has-post-thumbnail","category-musica","tag-entertainment","tag-entretenimiento","tag-es","tag-espana","tag-music","tag-musica","tag-radiohead","tag-spain","tag-thom-yorke"],"share_on_mastodon":{"url":"https:\/\/pubeurope.com\/@es\/116614635078864745","error":""},"_links":{"self":[{"href":"https:\/\/www.europesays.com\/es\/wp-json\/wp\/v2\/posts\/563461","targetHints":{"allow":["GET"]}}],"collection":[{"href":"https:\/\/www.europesays.com\/es\/wp-json\/wp\/v2\/posts"}],"about":[{"href":"https:\/\/www.europesays.com\/es\/wp-json\/wp\/v2\/types\/post"}],"author":[{"embeddable":true,"href":"https:\/\/www.europesays.com\/es\/wp-json\/wp\/v2\/users\/2"}],"replies":[{"embeddable":true,"href":"https:\/\/www.europesays.com\/es\/wp-json\/wp\/v2\/comments?post=563461"}],"version-history":[{"count":0,"href":"https:\/\/www.europesays.com\/es\/wp-json\/wp\/v2\/posts\/563461\/revisions"}],"wp:featuredmedia":[{"embeddable":true,"href":"https:\/\/www.europesays.com\/es\/wp-json\/wp\/v2\/media\/563462"}],"wp:attachment":[{"href":"https:\/\/www.europesays.com\/es\/wp-json\/wp\/v2\/media?parent=563461"}],"wp:term":[{"taxonomy":"category","embeddable":true,"href":"https:\/\/www.europesays.com\/es\/wp-json\/wp\/v2\/categories?post=563461"},{"taxonomy":"post_tag","embeddable":true,"href":"https:\/\/www.europesays.com\/es\/wp-json\/wp\/v2\/tags?post=563461"}],"curies":[{"name":"wp","href":"https:\/\/api.w.org\/{rel}","templated":true}]}}