{"id":563672,"date":"2026-05-22T00:05:16","date_gmt":"2026-05-22T00:05:16","guid":{"rendered":"https:\/\/www.europesays.com\/es\/563672\/"},"modified":"2026-05-22T00:05:16","modified_gmt":"2026-05-22T00:05:16","slug":"piqueras-reacciona-en-la-revuelta-a-la-tragedia-de-el-rosco-de-pasapalabra-el-programa-sin-el-no-es-lo-mismo","status":"publish","type":"post","link":"https:\/\/www.europesays.com\/es\/563672\/","title":{"rendered":"Piqueras reacciona en &#8216;La Revuelta&#8217; a \u00abla tragedia\u00bb de &#8216;El Rosco&#8217; de &#8216;Pasapalabra&#8217;: \u00abEl programa sin \u00e9l no es lo mismo\u00bb"},"content":{"rendered":"<p class=\"article-text\">\n        Este jueves, <strong>David Broncano<\/strong> aprovechaba la visita de <strong>Pedro Piqueras<\/strong> a <strong>La Revuelta<\/strong> para comentar la noticia del d\u00eda:\u00a0<a href=\"https:\/\/www.eldiario.es\/catalunya\/audiencia-barcelona-condena-antena-3-emitir-rosco-pasapalabra_1_9720436.html\" target=\"_blank\" data-mrf-recirculation=\"links-noticia\" class=\"link\" rel=\"nofollow noopener\">la sentencia<\/a> por parte del <strong>Tribunal Supremo<\/strong> que proh\u00edbe a <strong>Antena 3<\/strong> emitir<strong>\u00a0<\/strong><strong>Pasapalabra\u00a0<\/strong><strong>con &#8216;El Rosco&#8217;. <\/strong>\n    <\/p>\n<p>    <a href=\"https:\/\/www.eldiario.es\/vertele\/noticias\/mediaset-compra-derechos-el-rosco-alejarlo-pasapalabra-jugada-gesto-ano_1_13240571.html\" data-mrf-recirculation=\"saber-mas\" data-dl-event=\"saber-mas\" rel=\"nofollow noopener\" target=\"_blank\"><\/p>\n<p class=\"know-more__title\">Mediaset compra los derechos de &#8216;El Rosco&#8217; para alejarlo de &#8216;Pasapalabra&#8217; con una jugada que se gest\u00f3 hace un a\u00f1o<\/p>\n<p>            <img decoding=\"async\" class=\"lazy\" loading=\"lazy\" data-src=\"https:\/\/static.eldiario.es\/clip\/670e1df2-5c58-4a42-8b6f-b183ab0b18ce_16-9-aspect-ratio_default_0.jpg\" src=\"data:image\/svg+xml,%3Csvg xmlns=\" http:=\"\" viewbox=\"0 0 880 495\" alt=\"Mediaset compra los derechos de 'El Rosco' para alejarlo de 'Pasapalabra' con una jugada que se gest\u00f3 hace un a\u00f1o\"\/><\/p>\n<p>                        <\/a><\/p>\n<p class=\"article-text\">\n        El presentador de<strong> RTVE <\/strong>record\u00f3 que el periodista hab\u00eda disfrutado durante a\u00f1os del concurso como telonero de sus Informativos en Telecinco, por lo que le pidi\u00f3 la opini\u00f3n sobre lo ocurrido: \u201cEs una tragedia,<strong> es un gran programa para tenerlo delante de informativos<\/strong>, yo lo tuve mucho tiempo y <strong>durante ese tiempo fuimos l\u00edderes absolutos<\/strong>, con audiencias del 25%\u201d, expres\u00f3.\n    <\/p>\n<p class=\"article-text\">\n        A la par que Broncano bromeaba con que la tragedia era para Antena 3, \u201c<strong>para nosotros igual est\u00e1 bien<\/strong>\u201d, dijo entre risas y haciendo alusi\u00f3n a la posible subida de audiencia de<strong> La 1<\/strong>, sin competir contra la prueba estrella del concurso.\n    <\/p>\n<p class=\"article-text\">\n        A continuaci\u00f3n, Piqueras a\u00f1adi\u00f3 que <strong>\u201ccuando [el programa] se fue empezamos a perder audiencia\u201d<\/strong>, refiri\u00e9ndose a cuando en 2019 Mediaset se vio obligada a\u00a0<a href=\"https:\/\/www.eldiario.es\/vertele\/noticias\/Mediaset-sentencia-acuerdo-ITV-Fin-Emisiones-Pasapalabra_0_2163683657.html\" target=\"_blank\" data-mrf-recirculation=\"links-noticia\" class=\"link\" rel=\"nofollow noopener\">retirar Pasapalabra de su parrilla tras una sentencia desfavorable del Tribunal Supremo<\/a>. Y Piqueras continu\u00f3 se\u00f1alando que \u201cel programa sin &#8216;El Rosco&#8217; no es lo mismo y creo que en esa casa, que saben lo que vale, intentar\u00e1n hacer algo\u201d.\n    <\/p>\n<blockquote class=\"twitter-tweet\" data-lang=\"es\"><p><a href=\"https:\/\/twitter.com\/X\/status\/2057555780644007965?ref_src=twsrc%5Etfw\" rel=\"nofollow noopener\" target=\"_blank\"><\/p><\/blockquote>\n<p class=\"article-text\">\n        Adem\u00e1s, el periodista record\u00f3 la bajada de audiencia de sus informativos, tras la marcha de Pasapalabra: \u201c<strong>Tardar\u00e1 un tiempo, la inercia har\u00e1 que el informativo se siga viendo, pero luego&#8230; qu\u00e9 te voy a contar\u201d<\/strong>.\n    <\/p>\n<p>    De las conexiones con &#8216;S\u00e1lvame&#8217;, a la caso Zapatero<\/p>\n<p class=\"article-text\">\n        Broncano tambi\u00e9n pregunt\u00f3 a Piqueras sobre sus inolvidables conexiones con <strong>S\u00e1lvame<\/strong>: \u201cEran muy divertidos, pero no eran el precedente l\u00f3gico de un informativo. Recuerdo que con el Covid estaban ellos bailando y yo sal\u00eda contando las v\u00edctimas.<strong> Sonaba tremendo, alguna vez se me not\u00f3 que era fuerte<\/strong>\u201d, record\u00f3.\n    <\/p>\n<p class=\"article-text\">\n        El periodista asegur\u00f3 que los colaboradores del programa le \u201cca\u00edan bien\u201d, lejos de lo que dec\u00edan algunas cr\u00edticas por sus caras. \u201cTen\u00edamos buena relaci\u00f3n. En esa \u00e9poca, Telecinco era una especie de todos a la vez, todos com\u00edamos en el mismo sitio. <strong>Yo pens\u00e9 que no era adecuado, y se meti\u00f3 publicidad, o algo. Fue una buena \u00e9poca<\/strong>\u201d.\n    <\/p>\n<blockquote class=\"twitter-tweet\" data-lang=\"es\"><p><a href=\"https:\/\/twitter.com\/X\/status\/2057553766896021700?ref_src=twsrc%5Etfw\" rel=\"nofollow noopener\" target=\"_blank\"><\/p><\/blockquote>\n<p class=\"article-text\">\n        Durante la charla con Broncano, el invitado tambi\u00e9n habl\u00f3 de la <a href=\"https:\/\/www.eldiario.es\/politica\/claves-imputacion-zapatero-investigacion-defendio-labor-consultoria_1_13231890.html\" target=\"_blank\" data-mrf-recirculation=\"links-noticia\" class=\"link\" rel=\"nofollow noopener\">imputaci\u00f3n de <\/a><a href=\"https:\/\/www.eldiario.es\/politica\/claves-imputacion-zapatero-investigacion-defendio-labor-consultoria_1_13231890.html\" target=\"_blank\" data-mrf-recirculation=\"links-noticia\" class=\"link\" rel=\"nofollow noopener\"><strong>Jos\u00e9 Luis Rodr\u00edguez Zapatero<\/strong><\/a>: \u201cHay una serie de indicios que habr\u00e1 que ver, aun no sabemos lo que va a pasar. Esto es malo, para Zapatero, evidentemente, y es malo para la legislatura, ser\u00e1 bueno para otros&#8230; <strong>la corrupci\u00f3n es lo peor que puede pasarle a la democracia,<\/strong> la corrupci\u00f3n est\u00e1 instalada, por todas partes. Lo que hay que hacer es crear mecanismos de verdad para que no vuelva a pasar\u201d.\n    <\/p>\n<p class=\"article-text\">\n        Finalmente, Piqueras tambi\u00e9n respondi\u00f3 a la pregunta del dinero, sin dar una cifra exacta: \u201cHe ganado mucho m\u00e1s de lo que pensaba cuando era joven. Vengo de una familia humilde, me he pasado la vida trabajando y a mi padre le hubiera encantado ver mi evoluci\u00f3n. <strong>Tampoco estoy forrado, pero no pensaba que iba a tener la facilidad para este tiempo de mi vida\u201d.<\/strong>\n    <\/p>\n<p>    <strong>El conflicto con &#8216;Pasapalabra&#8217; escribe un nuevo cap\u00edtulo<\/strong><\/p>\n<p class=\"article-text\">\n        El\u00a0<strong>Tribunal Supremo\u00a0<\/strong>ha confirmado este jueves la\u00a0<strong>sentencia\u00a0<\/strong>de la\u00a0<strong>Audiencia Provincial de Barcelona<\/strong>, donde se condena a\u00a0<strong>Antena 3<\/strong>\u00a0a\u00a0<strong>dejar de emitir\u00a0<\/strong><strong>Pasapalabra\u00a0<\/strong><strong>con &#8216;El Rosco&#8217;<\/strong>. Conviene destacar que en la resoluci\u00f3n se desestiman los recursos previos presentados por Atresmedia e ITV Studios, determinando que la propiedad intelectual y la titularidad de dicha ronda pertenecen a la productora neerlandesa MC&amp;F.\n    <\/p>\n<p class=\"article-text\">\n        En la sentencia tambi\u00e9n se obliga a \u201c<strong>la retirada del comercio y destrucci\u00f3n de todas las grabaciones<\/strong>\u00a0de cualesquiera programas de televisi\u00f3n u obras audiovisuales que incluyan un juego basado en dicho formato\u201d, as\u00ed como a \u201cla retirada de los circuitos comerciales, la inutilizaci\u00f3n y, en caso necesario, la destrucci\u00f3n de todos los elementos materiales, equipos o instrumentos destinados principalmente a la reproducci\u00f3n, creaci\u00f3n o fabricaci\u00f3n de cualquier programa de televisi\u00f3n u obra audiovisual que incluya &#8216;El Rosco&#8217;\u201d.\n    <\/p>\n<p>    <a href=\"https:\/\/www.eldiario.es\/vertele\/noticias\/tribunal-supremo-confirma-antena-3-no-emitir-rosco-pasapalabra_1_13239465.html\" data-mrf-recirculation=\"saber-mas-abajo\" data-dl-event=\"saber-mas-abajo\" rel=\"nofollow noopener\" target=\"_blank\"><\/p>\n<p class=\"know-more__title\">El Tribunal Supremo obliga a Antena 3 a dejar de emitir &#8216;El Rosco&#8217; de &#8216;Pasapalabra&#8217;<\/p>\n<p>            <img decoding=\"async\" class=\"lazy\" loading=\"lazy\" data-src=\"https:\/\/static.eldiario.es\/clip\/ee3e219c-89a1-43e2-93d1-66320ea1131c_16-9-aspect-ratio_default_0.jpg\" src=\"data:image\/svg+xml,%3Csvg xmlns=\" http:=\"\" viewbox=\"0 0 880 495\" alt=\"El Tribunal Supremo obliga a Antena 3 a dejar de emitir 'El Rosco' de 'Pasapalabra'\"\/><\/p>\n<p>                        <\/a><\/p>\n<p class=\"article-text\">\n        El alto tribunal reconoce que &#8216;El Rosco&#8217; es una\u00a0<strong>obra protegida por la propiedad intelectual al ser un formato televisivo<\/strong>\u00a0desarrollado, estructurado y con suficiente complejidad, no una idea inicial o general. Se abre un nuevo episodio en esta turbulenta historia, con Mediaset guardando bajo el brazo un acuerdo completamente inesperado. Queda por ver cu\u00e1l es la hoja de ruta prevista y si finalmente las aguas terminan calm\u00e1ndose tras a\u00f1os de batalla judicial.\n    <\/p>\n<p>                                        <script async src=\"https:\/\/platform.twitter.com\/widgets.js\" charset=\"utf-8\"><\/script><\/p>\n","protected":false},"excerpt":{"rendered":"Este jueves, David Broncano aprovechaba la visita de Pedro Piqueras a La Revuelta para comentar la noticia del&hellip;\n","protected":false},"author":2,"featured_media":563673,"comment_status":"","ping_status":"","sticky":false,"template":"","format":"standard","meta":{"footnotes":""},"categories":[5],"tags":[17,18,25,24,13,14,11,19,20,9,689,10,15,16,4284,25407,2145,6461,528,48852,23,12,13077,21,22],"class_list":["post-563672","post","type-post","status-publish","format-standard","has-post-thumbnail","category-titulares","tag-breaking-news","tag-breakingnews","tag-es","tag-espana","tag-featured-news","tag-featurednews","tag-headlines","tag-latest-news","tag-latestnews","tag-news","tag-no","tag-noticias","tag-noticias-destacadas","tag-noticiasdestacadas","tag-pasapalabra","tag-piqueras","tag-programa","tag-reacciona","tag-revuelta","tag-rosco","tag-spain","tag-titulares","tag-tragedia","tag-ultimas-noticias","tag-ultimasnoticias"],"share_on_mastodon":{"url":"https:\/\/pubeurope.com\/@es\/116615310411636153","error":""},"_links":{"self":[{"href":"https:\/\/www.europesays.com\/es\/wp-json\/wp\/v2\/posts\/563672","targetHints":{"allow":["GET"]}}],"collection":[{"href":"https:\/\/www.europesays.com\/es\/wp-json\/wp\/v2\/posts"}],"about":[{"href":"https:\/\/www.europesays.com\/es\/wp-json\/wp\/v2\/types\/post"}],"author":[{"embeddable":true,"href":"https:\/\/www.europesays.com\/es\/wp-json\/wp\/v2\/users\/2"}],"replies":[{"embeddable":true,"href":"https:\/\/www.europesays.com\/es\/wp-json\/wp\/v2\/comments?post=563672"}],"version-history":[{"count":0,"href":"https:\/\/www.europesays.com\/es\/wp-json\/wp\/v2\/posts\/563672\/revisions"}],"wp:featuredmedia":[{"embeddable":true,"href":"https:\/\/www.europesays.com\/es\/wp-json\/wp\/v2\/media\/563673"}],"wp:attachment":[{"href":"https:\/\/www.europesays.com\/es\/wp-json\/wp\/v2\/media?parent=563672"}],"wp:term":[{"taxonomy":"category","embeddable":true,"href":"https:\/\/www.europesays.com\/es\/wp-json\/wp\/v2\/categories?post=563672"},{"taxonomy":"post_tag","embeddable":true,"href":"https:\/\/www.europesays.com\/es\/wp-json\/wp\/v2\/tags?post=563672"}],"curies":[{"name":"wp","href":"https:\/\/api.w.org\/{rel}","templated":true}]}}