{"id":563788,"date":"2026-05-22T01:42:13","date_gmt":"2026-05-22T01:42:13","guid":{"rendered":"https:\/\/www.europesays.com\/es\/563788\/"},"modified":"2026-05-22T01:42:13","modified_gmt":"2026-05-22T01:42:13","slug":"decimo-ano-de-marta-munoz-como-profesional-y-una-sensacion-de-madurez","status":"publish","type":"post","link":"https:\/\/www.europesays.com\/es\/563788\/","title":{"rendered":"D\u00e9cimo a\u00f1o de Marta Mu\u00f1oz como profesional y una sensaci\u00f3n de madurez"},"content":{"rendered":"<p>D\u00e9cima temporada de Marta Mu\u00f1oz como jugadora profesional.Ya ha comenzado el curso para la jugadora abulense y lo hace en este inicio con buenas sensaciones, f\u00edsicas, mentales y personales. \u00abMentalmente me siento m\u00e1s madura\u00bb reconoce Marta, que ya prepara su pr\u00f3xima cita del Santander Golf Tour, en Alava. Primeros pasos de un 2026 al que le pide \u00abseguir disfrutando\u00bb de este deporte y, a mayores, ese triunfo que sumar a su palmar\u00e9s y que lleva buscando desde hace tiempo.\u00a0<\/p>\n<p>\u00abMe encuentro muy bien.Ha sido un invierno en el que hemos entrenado mucho. Me siento muy s\u00f3lida jugando, nada que ver con lo del a\u00f1o pasado. T\u00e9cnicamente me veo en el mejor punto de toda mi carrera deportiva, f\u00edsicamente me siento muy fuerte\u00bb.A ello suma ya su experiencia, sus tablas en el circuito profesional. \u00abEs mi d\u00e9cimo a\u00f1o y creo que mentalmente me veo madura en el campo. S\u00f3lo queda que lleguen los resultados\u00bb. Se la nota contenta a la jugadora abulense en estos primeros esbozos de la temporada 2026. Lo comenz\u00f3 con el Mediterr\u00e1neo Golf, un &#8216;birdie challengue&#8217; del Santander Golf Tour . Un torneo \u00aben el que me centr\u00e9 m\u00e1s en el juego que en los resultados\u00bb. De Castell\u00f3n a Marruecos para seguir por A Coru\u00f1a, en el Golf Xaz, de nuevo un Santander Golf Tour, donde\u00a0 ya firm\u00f3 un noveno puesto. En l\u00edneas generales, satisfecha con el arranque que tendr\u00e1 su prolongaci\u00f3n en Alava con una nueva prueba del Santander Golf Tour.\u00a0<\/p>\n<p>Diez a\u00f1os ya en el circuito, \u00abtrabajando de lo que me gusta.No todo el mundo llega a esta cifra.Tengo tablas en la competici\u00f3n. S\u00e9 que por detr\u00e1s viene gente joven, que f\u00edsicamente est\u00e1n muy fuertes pero yo debo jugar con mis armas, la veteran\u00eda es un grado y por qu\u00e9 no puede\u00a0 \u00a0 \u00a0 \u00a0 \u00a0 \u00a0 \u00a0 \u00a0 \u00a0 \u00a0 \u00a0 \u00a0 \u00a0 \u00a0 \u00a0 \u00a0 \u00a0 \u00a0ser este a\u00f1o cuando pueda llevarme un trofeo\u00bb apunta sobre una temporada a la que pide \u00abseguir disfrutando de esto.En el momento en el que no disfrute de ello, no viajar\u00e9\u00bb.A partir de ah\u00ed, le pide f\u00edsicamente encontrarse bien y \u00abesperar que el golf me devuelva un poquito de lo que yo le estoy dando.Eso ser\u00eda redondear al temporada\u00bb valora.\u00a0<\/p>\n","protected":false},"excerpt":{"rendered":"D\u00e9cima temporada de Marta Mu\u00f1oz como jugadora profesional.Ya ha comenzado el curso para la jugadora abulense y lo&hellip;\n","protected":false},"author":2,"featured_media":563789,"comment_status":"","ping_status":"","sticky":false,"template":"","format":"standard","meta":{"footnotes":""},"categories":[275],"tags":[3935,3965,168,25,24,329,7386,4485,23,167],"class_list":["post-563788","post","type-post","status-publish","format-standard","has-post-thumbnail","category-golf","tag-alava","tag-castellon","tag-deportes","tag-es","tag-espana","tag-golf","tag-la-coruna","tag-marruecos","tag-spain","tag-sports"],"share_on_mastodon":{"url":"https:\/\/pubeurope.com\/@es\/116615692478481108","error":""},"_links":{"self":[{"href":"https:\/\/www.europesays.com\/es\/wp-json\/wp\/v2\/posts\/563788","targetHints":{"allow":["GET"]}}],"collection":[{"href":"https:\/\/www.europesays.com\/es\/wp-json\/wp\/v2\/posts"}],"about":[{"href":"https:\/\/www.europesays.com\/es\/wp-json\/wp\/v2\/types\/post"}],"author":[{"embeddable":true,"href":"https:\/\/www.europesays.com\/es\/wp-json\/wp\/v2\/users\/2"}],"replies":[{"embeddable":true,"href":"https:\/\/www.europesays.com\/es\/wp-json\/wp\/v2\/comments?post=563788"}],"version-history":[{"count":0,"href":"https:\/\/www.europesays.com\/es\/wp-json\/wp\/v2\/posts\/563788\/revisions"}],"wp:featuredmedia":[{"embeddable":true,"href":"https:\/\/www.europesays.com\/es\/wp-json\/wp\/v2\/media\/563789"}],"wp:attachment":[{"href":"https:\/\/www.europesays.com\/es\/wp-json\/wp\/v2\/media?parent=563788"}],"wp:term":[{"taxonomy":"category","embeddable":true,"href":"https:\/\/www.europesays.com\/es\/wp-json\/wp\/v2\/categories?post=563788"},{"taxonomy":"post_tag","embeddable":true,"href":"https:\/\/www.europesays.com\/es\/wp-json\/wp\/v2\/tags?post=563788"}],"curies":[{"name":"wp","href":"https:\/\/api.w.org\/{rel}","templated":true}]}}