{"id":56389,"date":"2025-08-18T19:57:13","date_gmt":"2025-08-18T19:57:13","guid":{"rendered":"https:\/\/www.europesays.com\/es\/56389\/"},"modified":"2025-08-18T19:57:13","modified_gmt":"2025-08-18T19:57:13","slug":"en-climas-con-veranos-intensos-la-orientacion-sur-es-la-mas-recomendada","status":"publish","type":"post","link":"https:\/\/www.europesays.com\/es\/56389\/","title":{"rendered":"En climas con veranos intensos, la orientaci\u00f3n sur es la m\u00e1s recomendada"},"content":{"rendered":"<p>La <a href=\"https:\/\/www.elmueble.com\/estancias\/terrazas\/50-mejores-porches-y-terrazas_41280\" rel=\"nofollow noopener\" target=\"_blank\">construcci\u00f3n de un porche en casa<\/a> puede suscitar varias dudas. No se trata de algo menor, pues construir un espacio exterior significa una inversi\u00f3n importante, adem\u00e1s de crear un rinconcito de ocio que nos va a acompa\u00f1ar durante varios a\u00f1os.<\/p>\n<p>Cuidar cada detalle permitir\u00e1 disfrutar de comidas al aire libre, una copa con amigos o una siesta bajo la sombra en pleno verano. Y ahora que nos asalta el calor de agosto, vale la pena empezar a planificar reformas en <a href=\"https:\/\/www.elmueble.com\/estancias\/antes-y-despues-espectacular-cambio-5-terrazas_43209\" rel=\"nofollow noopener\" target=\"_blank\">entornos al aire libre como puede ser una terraza<\/a>, un jard\u00edn o un porche. Por ello, contar con la visi\u00f3n y la asesor\u00eda de un profesional es crucial. En esta ocasi\u00f3n, conversamos con arquitecto paisajista \u00c1ngel Rivera, fundador del estudio <a href=\"https:\/\/tuhabitacionexterior.com\" rel=\"nofollow noopener\" target=\"_blank\">Tu Habitaci\u00f3n Exterior<\/a> (<a href=\"https:\/\/www.instagram.com\/tuhabitacionexterior\/\" rel=\"nofollow noopener\" target=\"_blank\">@tuhabitacionexterior<\/a>). Toma nota de una entrevista que resolver\u00e1 las dudas m\u00e1s comunes sobre la construcci\u00f3n de un porche en casa.\u00a0<\/p>\n<p>&#13;<img decoding=\"async\" src=\"https:\/\/www.europesays.com\/es\/wp-content\/uploads\/2025\/08\/1755544271_616_00500366-plantas-interior-macetas-en-recibidor_00000000_1d70b2de_250813152806_600x600.webp.webp\" alt=\"00500366 plantas interior macetas en recibidor\" class=\"image lazyload\"\/><\/p>\n<p class=\"epigraph\">\u00a1Esto te interesa!<\/p>\n<p><a href=\"https:\/\/www.elmueble.com\/plantas-flores\/alvaro-pedrera-experto-plantas-si-hojas-tus-plantas-tienen-puntas-marrones-secas-no-es-problema-riego-sino-humedad-ambiental_61268\" rel=\"nofollow noopener\" target=\"_blank\">\u00c1lvaro Pedrera, experto en plantas: \u00abSi las hojas de tus plantas tienen las puntas marrones y secas, no es problema de riego, sino de humedad ambiental\u00bb<\/a><\/p>\n<p><strong>\u00bfTe gustan las historias de interioristas y expertos?\u00a0<\/strong><a href=\"https:\/\/tienda.rba.es\/revistas\/suscripcion-el-mueble?ORIGIN=REF&amp;rba_medium=referral&amp;rba_source=elmueble.com&amp;rba_campaign=RBA_rev_emue_es_web_conv_pur_pro&amp;rba_term=RBA_rev_emue_es_web_conv_pur_pro_general&amp;rba_content=general_RBA_rev_emue_es_web_conv_pur_pro_general_oferta-especial-2025_general_frase-articulos-deco_web\" rel=\"nofollow noopener\" target=\"_blank\">Suscr\u00edbete a El Mueble<\/a>\u00a0y recibe las\u00a0<strong>mejores ideas para decorar<\/strong>\u00a0<strong>y transformar\u00a0<\/strong>tu casa al mejor precio.<\/p>\n<p>&#13;<\/p>\n<p>My Player placeholder<\/p>\n<p>\u00a1Haz clic en el v\u00eddeo y toma nota de estas 10 ideas elegantes para decorar terrazas peque\u00f1as!<\/p>\n<p class=\"by\">El Mueble<\/p>\n<p>10 ideas para decorar terrazas pequen\u0303as<\/p>\n<p><strong>PREGUNTA: \u00bfCu\u00e1l es, en tu opini\u00f3n, la mejor orientaci\u00f3n para un porche en climas como el nuestro, y por qu\u00e9?<\/strong><\/p>\n<p>\u00c1ngel: \u00abConsidero importante partir del concepto, entendiendo el <strong>porche como un espacio cubierto y adosado a la edificaci\u00f3n, que act\u00faa como zona de transici\u00f3n y resguardo entre el interior y el exterior<\/strong>. Es una pieza clave en la relaci\u00f3n entre la vivienda y el jard\u00edn o la terraza, y su orientaci\u00f3n influye directamente en el confort y los usos que puede ofrecer a lo largo del d\u00eda y del a\u00f1o.<\/p>\n<p><img loading=\"lazy\" decoding=\"async\" src=\"https:\/\/www.europesays.com\/es\/wp-content\/uploads\/2025\/08\/519461001-17941111152010344-6188900790460104356-n-1_f66a300e_250814113326_1000x799.webp.webp\" alt=\"519461001 17941111152010344 6188900790460104356 n (1)\" class=\"lazyload\" width=\"1000\" height=\"799\" data-aspectratio=\"1000\/799\"\/><\/p>\n<p>Porche en madera, tonos claros y con texturas diversas.<\/p>\n<p>&#13;@tuhabitacionexterior<\/p>\n<p>En climas como el de Barcelona, con veranos intensos e inviernos suaves, <strong><a href=\"https:\/\/www.elmueble.com\/decoracion\/cual-es-mejor-orientacion-para-casa_49921\" rel=\"nofollow noopener\" target=\"_blank\">la orientaci\u00f3n sur<\/a> es, en mi experiencia, la m\u00e1s recomendable para este tipo de espacios<\/strong>. Permite aprovechar el sol bajo en invierno, aportando calidez y luminosidad; y en verano, cuando el sol del mediod\u00eda incide desde lo alto, genera un espacio fresco y agradable, ideal para desarrollar distintas actividades en contacto directo con el exterior.<\/p>\n<p>Esta orientaci\u00f3n tambi\u00e9n permite aprovechar las corrientes h\u00famedas de viento local en primavera o verano, y evitar en invierno las corrientes dominantes fr\u00edas que provienen del norte\u00bb.<\/p>\n<p><a href=\"https:\/\/www.whatsapp.com\/channel\/0029Va7wm2O4SpkFFWDLHZ0L\" rel=\"nofollow noopener\" target=\"_blank\"><strong>\u00danete a nuestro canal de Whatsapp y descubre nuevas ideas muy El Mueble para tu casa.\u00a0<\/strong><\/a><\/p>\n<p>&#13;<img decoding=\"async\" src=\"https:\/\/www.europesays.com\/es\/wp-content\/uploads\/2025\/08\/natalia-zubizarreta-balcon-terraza-jardin-exterior_6051f3db_250811110913_600x600.webp.webp\" alt=\"natalia zubizarreta balcon terraza jardin exterior\" class=\"image lazyload\"\/><\/p>\n<p class=\"epigraph\">Atr\u00e9vete a probar<\/p>\n<p><a href=\"https:\/\/www.elmueble.com\/estancias\/natalia-zubizarreta-interiorista-toldo-exterior-estor-interior-es-combinacion-muy-potente-si-buscamos-eficiencia-energetica-confort-durante-todo-ano_61372\" rel=\"nofollow noopener\" target=\"_blank\">Natalia Zubizarreta, interiorista: \u00abUn toldo exterior y un estor interior es una combinaci\u00f3n muy potente si buscamos reducir el calor y ganar confort durante todo el a\u00f1o\u00bb<\/a><\/p>\n<p class=\"author-title\">Natalia Zubizarreta, Elena S\u00e1nchez-Beato<\/p>\n<p> <img loading=\"lazy\" decoding=\"async\" src=\"https:\/\/www.europesays.com\/es\/wp-content\/uploads\/2025\/08\/el-comedor-sonado-00000000-145f89ee-250619233325_82402514_250814113352_1000x1333.webp.webp\" alt=\"el comedor sonado 00000000 145f89ee 250619233325\" class=\"lazyload\" width=\"1000\" height=\"1333\" data-aspectratio=\"1000\/1333\"\/><\/p>\n<p>Sillas y espejo, de Crisal Decoraci\u00f3n. En la mesa, mantel, vajilla y jarrones de El Corte Ingl\u00e9s. Al fondo, cojines de Pepe Pe\u00f1alver.<\/p>\n<p>&#13;El Mueble<\/p>\n<p><strong>P: \u00bfQu\u00e9 ventajas pr\u00e1cticas tiene orientar el porche al norte, sur, este u oeste en funci\u00f3n del uso previsto?<\/strong><\/p>\n<p>\u00c1ngel: \u00abCada orientaci\u00f3n ofrece distintas cualidades que favorecen unos usos m\u00e1s que otros y su aprovechamiento, de acuerdo con el momento del d\u00eda:<\/p>\n<p>\u00a0<\/p>\n<ul>\n<li>La<strong> orientaci\u00f3n sur es luminosa y templada en invierno, ventilada y acogedora en verano. Ideal para un uso prolongado durante todos los d\u00edas del a\u00f1o<\/strong>. Es una excelente opci\u00f3n como comedor o estar exterior; a este \u00faltimo tambi\u00e9n lo llamamos frecuentemente\u00a0<a href=\"https:\/\/www.elmueble.com\/estancias\/terrazas-chill-out-perfectos-desconectar-el-mueble-con-gusto_47079\" rel=\"nofollow noopener\" target=\"_blank\">zona lounge <\/a><a href=\"https:\/\/www.elmueble.com\/estancias\/terrazas-chill-out-perfectos-desconectar-el-mueble-con-gusto_47079\" rel=\"nofollow noopener\" target=\"_blank\">o<\/a><a href=\"https:\/\/www.elmueble.com\/estancias\/terrazas-chill-out-perfectos-desconectar-el-mueble-con-gusto_47079\" rel=\"nofollow noopener\" target=\"_blank\"> chill-out<\/a>.<\/li>\n<li><strong>La orientaci\u00f3n este capta el sol de la ma\u00f1ana y ofrece sombra por la tarde. <\/strong>Resulta muy agradable en verano por su luminosidad al momento del desayuno, y perfecta para largas cenas con temperaturas agradables y corrientes de aire m\u00e1s frescas.<\/li>\n<li><strong>La orientaci\u00f3n oeste recibe el sol de la tarde, que en verano puede ser excesivo. <\/strong>Si quisi\u00e9ramos utilizarla como espacio de descanso al atardecer, es necesario incorporar en su dise\u00f1o soluciones adicionales de protecci\u00f3n solar. Recursos como vegetaci\u00f3n, celos\u00edas, persianas y toldos verticales permiten resguardarnos, a la vez que aportan singularidad a nuestro espacio.<\/li>\n<li><strong>La orientaci\u00f3n norte es la menos favorable en nuestra ciudad. <\/strong>Suele ser fr\u00eda, con poca luz directa, y puede resultar poco acogedora. Solo valorar\u00eda su uso en casos muy concretos, donde se busque resguardo ante la lluvia y <a href=\"https:\/\/www.elmueble.com\/decoracion\/ideas-ingeniosas-para-ganar-privacidad-en-tu-terraza_55517\" rel=\"nofollow noopener\" target=\"_blank\">favorecer la privacidad<\/a> hacia el interior de la edificaci\u00f3n.<\/li>\n<\/ul>\n<p>\u00a0<\/p>\n<p><img loading=\"lazy\" decoding=\"async\" src=\"https:\/\/www.europesays.com\/es\/wp-content\/uploads\/2025\/08\/00592022-balcon-mesa-comedor-sillas-azules-pequeno_8f78c4f0_250818091715_1000x1190.webp.webp\" alt=\"00592022 balcon mesa comedor sillas azules peque\u00f1o\" class=\"lazyload\" width=\"1000\" height=\"1190\" data-aspectratio=\"1000\/1190\"\/>&#13;El Mueble<\/p>\n<p><strong>P: \u00bfQu\u00e9 factores deben tenerse en cuenta adem\u00e1s del sol: ventilaci\u00f3n, vistas, privacidad&#8230;?<\/strong><\/p>\n<p>\u00c1ngel: \u00abLa orientaci\u00f3n solar es clave, pero no es el \u00fanico aspecto que define <a href=\"https:\/\/www.elmueble.com\/estancias\/40-porches-llenos-encanto-perfectos-para-relajarse-durante-todo-verano_2377\" rel=\"nofollow noopener\" target=\"_blank\">un buen porche<\/a>. Para crear un ambiente realmente agradable, capaz de convertirse en tu habitaci\u00f3n exterior, tambi\u00e9n conviene tener en cuenta otros factores:<\/p>\n<p>\u00a0<\/p>\n<ul>\n<li><strong>La ventilaci\u00f3n natural:<\/strong> Un porche bien aireado, especialmente si se garantiza una ventilaci\u00f3n cruzada, evita el sobrecalentamiento y favorece la sensaci\u00f3n de frescor.<\/li>\n<li><strong>Las vistas:<\/strong> Orientar el porche hacia un jard\u00edn, un paisaje abierto o un punto focal de inter\u00e9s puede mejorar significativamente la calidad del espacio y la forma en que nos relacionamos con \u00e9l.<\/li>\n<li><strong>La privacidad:<\/strong> Si el porche est\u00e1 visualmente expuesto a la calle o a propiedades vecinas, se podr\u00edan <a href=\"https:\/\/www.elmueble.com\/plantas-flores\/arbustos-jardin_49926\" rel=\"nofollow noopener\" target=\"_blank\">incorporar plantas arbustivas<\/a> que act\u00faen como barrera natural, o utilizar materiales transl\u00facidos que tamicen las miradas indiscretas.<\/li>\n<li><strong>El uso: <\/strong>Ya sea que se destine a comer, descansar, relajarse o recibir visitas, la ubicaci\u00f3n, las dimensiones y el dise\u00f1o del porche deben adaptarse al tipo de actividad principal que se desarrollar\u00e1 en \u00e9l, prestando especial atenci\u00f3n a las zonas estanciales, de circulaci\u00f3n y de acceso.<\/li>\n<li><strong>El v\u00ednculo con el interior: <\/strong>Ubicarlo en continuidad con una estancia de uso cotidiano refuerza su funcionalidad. Si el <a href=\"https:\/\/www.elmueble.com\/estancias\/13-comedores-exterior-veraniegos-modernos-rusticos-llenos-ideas-faciles-para-copiar_56067\" rel=\"nofollow noopener\" target=\"_blank\">porche funcionar\u00e1 como comedor exterior<\/a>, lo ideal es que est\u00e9 conectado con la cocina o el comedor interior; si se plantea como zona de estar, podr\u00edamos asumirlo como una prolongaci\u00f3n natural del sal\u00f3n; y si le damos una connotaci\u00f3n de descanso, perfectamente podr\u00eda ser la <strong>proyecci\u00f3n de las habitaciones<\/strong>\u00ab.<\/li>\n<\/ul>\n<p>&#13;<img decoding=\"async\" src=\"https:\/\/www.europesays.com\/es\/wp-content\/uploads\/2025\/08\/terraza-urbana-con-pergola-y-toldo_406497_00000000_8a3900fd_250807122230_600x600.webp.webp\" alt=\"terraza-urbana-con-pergola-y-toldo_406497\" class=\"image lazyload\"\/><\/p>\n<p class=\"epigraph\">Experto en dise\u00f1o de exteriores<\/p>\n<p><a href=\"https:\/\/www.elmueble.com\/decoracion\/toldos-verdes-tipicos-espana-son-error-porque-ya-no-responden-a-necesidades-actuales-confort-tecnologia-y-diseno_61315\" rel=\"nofollow noopener\" target=\"_blank\">Norman Bisbe, ingeniero: \u00abLos toldos verdes t\u00edpicos de las terrazas y balcones de Espa\u00f1a son un error porque ya no responden a las necesidades actuales. Hoy suponen un problema\u00bb<\/a><br \/>\n<img loading=\"lazy\" decoding=\"async\" src=\"https:\/\/www.europesays.com\/es\/wp-content\/uploads\/2025\/08\/relax-junto-a-la-piscina-2e987875-250619232921_48662fb6_250814113416_1000x1251.webp.webp\" alt=\"relax junto a la piscina 2e987875 250619232921\" class=\"lazyload\" width=\"1000\" height=\"1251\" data-aspectratio=\"1000\/1251\"\/><\/p>\n<p>Sof\u00e1s, butacas de cuerda y tumbona, de Artwood. Mesa de centro, de Wood Factory.<\/p>\n<p>&#13;El Mueble<\/p>\n<p>Por \u00faltimo, el arquitecto nos recuerda la importancia de crear espacios exteriores para vivir en una casa conectada a su paisaje: \u00abUn porche bien dise\u00f1ado no solo ampl\u00eda el espacio habitable de una vivienda, sino que<strong> transforma la manera en que nos relacionamos con el exterior<\/strong>\u00ab, afirma. \u00abM\u00e1s all\u00e1 de su funci\u00f3n pr\u00e1ctica, <strong>el porche es una extensi\u00f3n del hogar que mejora nuestra calidad de vida, reforzando ese v\u00ednculo esencial entre arquitectura y paisaje<\/strong>\u00ab, concluye \u00c1ngel.\u00a0<\/p>\n<p>Si quieres estar al d\u00eda de todo lo que publicamos en www.elmueble.com,\u00a0<a href=\"https:\/\/www.elmueble.com\/newsletters\" rel=\"nofollow noopener\" target=\"_blank\">suscr\u00edbete a nuestra newsletter.<\/a><\/p>\n<p>\u00a0<\/p>\n<p><script async src=\"\/\/www.instagram.com\/embed.js\"><\/script><\/p>\n","protected":false},"excerpt":{"rendered":"La construcci\u00f3n de un porche en casa puede suscitar varias dudas. No se trata de algo menor, pues&hellip;\n","protected":false},"author":2,"featured_media":56390,"comment_status":"","ping_status":"","sticky":false,"template":"","format":"standard","meta":{"footnotes":""},"categories":[173],"tags":[229,233,231,230,232,234,146,147,25,24,23],"class_list":{"0":"post-56389","1":"post","2":"type-post","3":"status-publish","4":"format-standard","5":"has-post-thumbnail","7":"category-arte-y-diseno","8":"tag-arte","9":"tag-arte-y-diseno","10":"tag-arts","11":"tag-arts-and-design","12":"tag-design","13":"tag-diseno","14":"tag-entertainment","15":"tag-entretenimiento","16":"tag-es","17":"tag-espana","18":"tag-spain"},"share_on_mastodon":{"url":"","error":""},"_links":{"self":[{"href":"https:\/\/www.europesays.com\/es\/wp-json\/wp\/v2\/posts\/56389","targetHints":{"allow":["GET"]}}],"collection":[{"href":"https:\/\/www.europesays.com\/es\/wp-json\/wp\/v2\/posts"}],"about":[{"href":"https:\/\/www.europesays.com\/es\/wp-json\/wp\/v2\/types\/post"}],"author":[{"embeddable":true,"href":"https:\/\/www.europesays.com\/es\/wp-json\/wp\/v2\/users\/2"}],"replies":[{"embeddable":true,"href":"https:\/\/www.europesays.com\/es\/wp-json\/wp\/v2\/comments?post=56389"}],"version-history":[{"count":0,"href":"https:\/\/www.europesays.com\/es\/wp-json\/wp\/v2\/posts\/56389\/revisions"}],"wp:featuredmedia":[{"embeddable":true,"href":"https:\/\/www.europesays.com\/es\/wp-json\/wp\/v2\/media\/56390"}],"wp:attachment":[{"href":"https:\/\/www.europesays.com\/es\/wp-json\/wp\/v2\/media?parent=56389"}],"wp:term":[{"taxonomy":"category","embeddable":true,"href":"https:\/\/www.europesays.com\/es\/wp-json\/wp\/v2\/categories?post=56389"},{"taxonomy":"post_tag","embeddable":true,"href":"https:\/\/www.europesays.com\/es\/wp-json\/wp\/v2\/tags?post=56389"}],"curies":[{"name":"wp","href":"https:\/\/api.w.org\/{rel}","templated":true}]}}