{"id":563903,"date":"2026-05-22T03:21:16","date_gmt":"2026-05-22T03:21:16","guid":{"rendered":"https:\/\/www.europesays.com\/es\/563903\/"},"modified":"2026-05-22T03:21:16","modified_gmt":"2026-05-22T03:21:16","slug":"el-regreso-de-borja-semper-y-patricia-rato-a-la-espera-de-ser-abuela-por-segunda-vez-asi-ha-sido-la-tarde-de-toros-en-las-ventas","status":"publish","type":"post","link":"https:\/\/www.europesays.com\/es\/563903\/","title":{"rendered":"El regreso de Borja S\u00e9mper y Patricia Rato a la espera de ser abuela por segunda vez: as\u00ed ha sido la tarde de toros en Las Ventas"},"content":{"rendered":"<p id=\"ecM4RdYZho\" data-wc=\"107\">La feria de San Isidro de Madrid es la m\u00e1s importante del mundo. Durante un mes encadena corridas que re\u00fanen a las m\u00e1ximas figuras del toreo en Las Ventas, plaza que cada tarde se convierte en punto de encuentro de aficionados llegados de diferentes puntos para disfrutar de una ocasi\u00f3n \u00fanica. Jos\u00e9 Mar\u00eda Manzanares, Juan Ortega y Pablo Aguado han sido los protagonistas del cartel de este jueves, que generaba una gran expectaci\u00f3n como demuestra el hecho de haberse colgado el cartel de &#8216;no hay billetes&#8217;.<strong> La cita ha reunido a numerosos rostros conocidos, que han ocupado el tendido entre ilusi\u00f3n, reencuentros y unas temperaturas ya veraniegas.<\/strong><\/p>\n<p>17<\/p>\n<p>  <img src=\"https:\/\/www.europesays.com\/es\/wp-content\/uploads\/2026\/05\/000849d3427e-dlu610039002.jpg\"   width=\"1024\" height=\"682\" loading=\"lazy\" decoding=\"async\" alt=\"Luc\u00eda Pombo y \u00c1lvaro L\u00f3pez Huerta\" fetchpriority=\"auto\" class=\"image ho-image\"\/>\u00a9 GTRES<\/p>\n<p> Luc\u00eda Pombo y \u00c1lvaro L\u00f3pez Huerta<\/p>\n<p id=\"e9o2P_WEKS\">No pueden estar m\u00e1s emocionados en la cuenta atr\u00e1s para ser padres. Luc\u00eda Pombo y \u00c1lvaro L\u00f3pez Huerta cuentan los d\u00edas para dar la bienvenida a su primera hija, para la que han elegido <a class=\"hm-link ho-link\" href=\"https:\/\/www.hola.com\/actualidad\/20260422897193\/lucia-pombo-desvela-el-nombre-de-su-hija\/\" data-mrf-recirculation=\"article-body-link\" rel=\"nofollow noopener\" target=\"_blank\">el nombre de Lola Bel\u00e9n como homenaje<\/a>. Mientras llega el deseado momento, aprovechan para ultimar todos los preparativos y hacer los \u00faltimos planes solo para dos, como esta tarde de toros en la que han coincidido adem\u00e1s con algunos amigos.\u00a0<\/p>\n<p>27<\/p>\n<p>  <img src=\"https:\/\/www.europesays.com\/es\/wp-content\/uploads\/2026\/05\/a367bfd7214f-dlu610039034.jpg\"   width=\"1024\" height=\"682\" loading=\"lazy\" decoding=\"async\" alt=\"Patricia Rato y Javier Moro en la feria de San Isidro\" fetchpriority=\"auto\" class=\"image ho-image\"\/>\u00a9 GTRES<\/p>\n<p> Patricia Rato y Javier Moro<\/p>\n<p id=\"extNdu3fRq\">Son escasas las apariciones p\u00fablicas de Patricia Rato y Javier Moro, quienes <a class=\"hm-link ho-link\" href=\"https:\/\/www.hola.com\/actualidad\/20220921337242\/patricia-rato-javier-moro-boda-campestre-detalles-imagenes\/\" data-mrf-recirculation=\"article-body-link\" rel=\"nofollow noopener\" target=\"_blank\">se casaron hace casi cuatro a\u00f1os<\/a>, pero han querido aprovechar la ocasi\u00f3n de disfrutar en primera persona de un cartel de altura. Se trata adem\u00e1s de la primera imagen de la empresaria tras conocerse que ser\u00e1 abuela por segunda vez, una noticia que llena de ilusi\u00f3n a toda la familia. Su hija mayor, Alejandra Ruiz de Rato, est\u00e1 embarazada tres a\u00f1os despu\u00e9s de tener a la peque\u00f1a Ginebra, con la que todos est\u00e1n encantados<\/p>\n<p>37<\/p>\n<p>  <img src=\"https:\/\/www.europesays.com\/es\/wp-content\/uploads\/2026\/05\/e3c0e6559971-dlu610039025.jpg\"   width=\"1024\" height=\"682\" loading=\"lazy\" decoding=\"async\" alt=\"Borja S\u00e9mper en la feria de San Isidro\" fetchpriority=\"auto\" class=\"image ho-image\"\/>\u00a9 GTRES<\/p>\n<p> Borja S\u00e9mper<\/p>\n<p id=\"ekcDXjradn\">Poco a poco va retomando el pulso de su vida. Tras<a class=\"hm-link ho-link\" href=\"https:\/\/www.hola.com\/actualidad\/20260507900139\/borja-semper-cancer-programa-de-ana-rosa\/\" data-mrf-recirculation=\"article-body-link\" rel=\"nofollow noopener\" target=\"_blank\"> superar el c\u00e1ncer de p\u00e1ncreas que le diagnosticaron <\/a>y centrarse en su tratamiento, Borja S\u00e9mper ha vuelto a la rutina: primero en la reuni\u00f3n semanal del Comit\u00e9 de Direcci\u00f3n del Partido Popular y esta semana sent\u00e1ndose tras diez meses en el Congreso de los Diputados. En este regreso tambi\u00e9n est\u00e1 introduciendo planes de ocio como la tarde de toros<\/p>\n<p>47<\/p>\n<p>  <img src=\"https:\/\/www.europesays.com\/es\/wp-content\/uploads\/2026\/05\/13da06bd32ba-dlu610039029.jpg\"   width=\"1024\" height=\"682\" loading=\"lazy\" decoding=\"async\" alt=\"Nuria Gonz\u00e1lez con su hijo y su hermana Yolanda en Las Ventas\" fetchpriority=\"auto\" class=\"image ho-image\"\/>\u00a9 GTRES<\/p>\n<p> Nuria Gonz\u00e1lez<\/p>\n<p id=\"eHirUZ3xvNk\">Es uno de sus planes favoritos y lo ha compartido con dos de las personas m\u00e1s importantes para ella. Nuria Gonz\u00e1lez ha disfrutado de la cita taurina en compa\u00f1\u00eda de su hermana Yolanda y de su hijo Iv\u00e1n, nacido durante su matrimonio con el siempre recordado Fernando Fern\u00e1ndez-Tapias<\/p>\n<p>57<\/p>\n<p>  <img src=\"https:\/\/www.europesays.com\/es\/wp-content\/uploads\/2026\/05\/5b25e21fbd2d-dlu610039014.jpg\"   width=\"1024\" height=\"682\" loading=\"lazy\" decoding=\"async\" alt=\"Cayetana Alvarez de Toledo en Las Ventas\" fetchpriority=\"auto\" class=\"image ho-image\"\/>\u00a9 GTRES<\/p>\n<p> Cayetana \u00c1lvarez de Toledo<\/p>\n<p id=\"eUmVj3UXlwF\">Aficionada y defensora de los toros, Cayetana \u00c1lvarez de Toledo tambi\u00e9n se ha sumado a la cita de Las Ventas. \u00a0La diputada del Partido Popular no se conforma con verlos desde la barrera, hace unas semanas ella misma cog\u00eda el capote en El Cuervo, finca de Roc\u00edo de la C\u00e1mara en la que saltaba al ruedo acompa\u00f1ada del diestro Fernando Adri\u00e1n<\/p>\n<p>67<\/p>\n<p>  <img src=\"https:\/\/www.europesays.com\/es\/wp-content\/uploads\/2026\/05\/759dc884e4d4-dlu610039057.jpg\"   width=\"1024\" height=\"682\" loading=\"lazy\" decoding=\"async\" alt=\"Jaime de Marichalar en Las Ventas\" fetchpriority=\"auto\" class=\"image ho-image\"\/>\u00a9 GTRES<\/p>\n<p> Jaime de Marichalar<\/p>\n<p id=\"eBd308_spu\">Es habitual verle en la plaza con su hija, pero esta vez Jaime de Marichalar ha disfrutado de la duod\u00e9cima corrida de San Isidro con otras personas de su entorno. Victoria Federica, que fue imagen de esta feria hace justo un a\u00f1o, no ha podido acompa\u00f1arle porque<a class=\"hm-link ho-link\" href=\"https:\/\/www.hola.com\/actualidad\/20260521902918\/victoria-federica-fran-rivera-eugenia-martinez-irujo-fotos-peregrinos-el-rocio\/\" data-mrf-recirculation=\"article-body-link\" rel=\"nofollow noopener\" target=\"_blank\">\u00a0se encuentra haciendo la peregrinaci\u00f3n a El Roc\u00edo<\/a><\/p>\n<p>77<\/p>\n<p>  <img src=\"https:\/\/www.europesays.com\/es\/wp-content\/uploads\/2026\/05\/0794717cc0df-dlu610039037.jpg\"   width=\"1024\" height=\"682\" loading=\"lazy\" decoding=\"async\" alt=\"Ortega Cano en Las Ventas, durante la feria de San Isidro\" fetchpriority=\"auto\" class=\"image ho-image\"\/>\u00a9 GTRES<\/p>\n<p> Ortega Cano<\/p>\n<p id=\"erymmv7wNg\">Ha pasado pr\u00e1cticamente una d\u00e9cada desde que se cort\u00f3 la coleta definitivamente, pero sigue manteni\u00e9ndose cerca de los toros. Jos\u00e9 Ortega Cano intenta apoyar a sus compa\u00f1eros de profesi\u00f3n siempre que puede, y se ha convertido en un habitual de todas las corridas de San Isidro. En esta ocasi\u00f3n ha coincidido con Ra\u00fal Gracia &#8216;El Tato&#8217;, al que acompa\u00f1\u00f3 como testigo 1992 la tarde que tom\u00f3 la alternativa<\/p>\n","protected":false},"excerpt":{"rendered":"La feria de San Isidro de Madrid es la m\u00e1s importante del mundo. Durante un mes encadena corridas&hellip;\n","protected":false},"author":2,"featured_media":563904,"comment_status":"","ping_status":"","sticky":false,"template":"","format":"standard","meta":{"footnotes":""},"categories":[174],"tags":[517,22722,255,146,147,25,24,256,108562,23],"class_list":["post-563903","post","type-post","status-publish","format-standard","has-post-thumbnail","category-famosos","tag-actualidad","tag-borja-semper","tag-celebrities","tag-entertainment","tag-entretenimiento","tag-es","tag-espana","tag-famosos","tag-patricia-rato","tag-spain"],"share_on_mastodon":{"url":"https:\/\/pubeurope.com\/@es\/116616082112974621","error":""},"_links":{"self":[{"href":"https:\/\/www.europesays.com\/es\/wp-json\/wp\/v2\/posts\/563903","targetHints":{"allow":["GET"]}}],"collection":[{"href":"https:\/\/www.europesays.com\/es\/wp-json\/wp\/v2\/posts"}],"about":[{"href":"https:\/\/www.europesays.com\/es\/wp-json\/wp\/v2\/types\/post"}],"author":[{"embeddable":true,"href":"https:\/\/www.europesays.com\/es\/wp-json\/wp\/v2\/users\/2"}],"replies":[{"embeddable":true,"href":"https:\/\/www.europesays.com\/es\/wp-json\/wp\/v2\/comments?post=563903"}],"version-history":[{"count":0,"href":"https:\/\/www.europesays.com\/es\/wp-json\/wp\/v2\/posts\/563903\/revisions"}],"wp:featuredmedia":[{"embeddable":true,"href":"https:\/\/www.europesays.com\/es\/wp-json\/wp\/v2\/media\/563904"}],"wp:attachment":[{"href":"https:\/\/www.europesays.com\/es\/wp-json\/wp\/v2\/media?parent=563903"}],"wp:term":[{"taxonomy":"category","embeddable":true,"href":"https:\/\/www.europesays.com\/es\/wp-json\/wp\/v2\/categories?post=563903"},{"taxonomy":"post_tag","embeddable":true,"href":"https:\/\/www.europesays.com\/es\/wp-json\/wp\/v2\/tags?post=563903"}],"curies":[{"name":"wp","href":"https:\/\/api.w.org\/{rel}","templated":true}]}}