{"id":563983,"date":"2026-05-22T04:28:37","date_gmt":"2026-05-22T04:28:37","guid":{"rendered":"https:\/\/www.europesays.com\/es\/563983\/"},"modified":"2026-05-22T04:28:37","modified_gmt":"2026-05-22T04:28:37","slug":"dubai-desvalija-el-barca-de-basket-mientras-laporta-negocia-una-inyeccion-de-capital-para-fichajes","status":"publish","type":"post","link":"https:\/\/www.europesays.com\/es\/563983\/","title":{"rendered":"Dubai desvalija el Bar\u00e7a de basket mientras Laporta negocia una inyecci\u00f3n de capital para fichajes"},"content":{"rendered":"<p>    Noticias relacionadas<\/p>\n<p class=\"paragraph\" id=\"paragraph_1\">El <a data-forcefollow=\"false\" data-sponsored=\"false\" href=\"https:\/\/cronicaglobal.elespanol.com\/culemania\/palco\/20260520\/condiciones-liga-barca-alcanzar-regla-fair-play\/1003742762999_0.html?utm_cmp_rs=linksinline\" target=\"_blank\" rel=\"nofollow noopener\">FC Barcelona<\/a> ten\u00eda planeado devolver la dignidad a la <strong>secci\u00f3n de baloncesto<\/strong>. Todav\u00eda lejos del <strong>presupuesto<\/strong> del Real Madrid, el club azulgrana, que ya subi\u00f3 el gasto en el <strong>Bar\u00e7a de basket<\/strong> de los <strong>28,7 a casi 32 millones<\/strong> con la contrataci\u00f3n de <strong>Xavi Pascual<\/strong>, prev\u00e9 destinar <strong>39 millones<\/strong> la pr\u00f3xima temporada. Sin embargo, la planificaci\u00f3n se ha topado con el <a data-forcefollow=\"false\" data-sponsored=\"false\" href=\"https:\/\/cronicaglobal.elespanol.com\/culemania\/secciones\/20260517\/xavi-pascual-traiciona-laporta-barca-millones-dubai\/1003742762184_0.html?utm_cmp_rs=linksinline\" target=\"_blank\" rel=\"nofollow noopener\"><strong>Dubai Basketball<\/strong><\/a>, equipo de baloncesto del pa\u00eds de Oriente Medio que, curiosamente, ha dotado a la entidad cul\u00e9 de un <strong>nuevo patrocinio<\/strong>.<\/p>\n<p class=\"paragraph\" id=\"paragraph_2\">El esfuerzo de la junta directiva, que aument\u00f3 el presupuesto del basket en unos tres millones <a data-forcefollow=\"false\" data-sponsored=\"false\" href=\"https:\/\/cronicaglobal.elespanol.com\/culemania\/secciones\/20260518\/laporta-fichaje-xavi-pascual-barca-millones-presupuesto\/1003742762553_0.html?utm_cmp_rs=linksinline\" target=\"_blank\" rel=\"nofollow noopener\">gracias a un nuevo <strong>aval bancario<\/strong><\/a>, puede ser en vano. Los planes de Pascual pasan por abandonar el Bar\u00e7a a final de temporada, pese a que firm\u00f3 hace unos pocos meses, el pasado noviembre, un <strong>contrato hasta 2028<\/strong>.<\/p>\n<p><img decoding=\"async\" alt=\"Xavi Pascual, con Joan Laporta y Josep Cubells en la firma de su contrato hasta 2028\" data-imgm=\"true\" height=\"180\" loading=\"lazy\"  src=\"https:\/\/www.europesays.com\/es\/wp-content\/uploads\/2026\/05\/1003742755608_16020307_1024x576.jpg\"  width=\"320\"\/><\/p>\n<p>                                                            Xavi Pascual, con Joan Laporta y Josep Cubells en la firma de su contrato hasta 2028<\/p>\n<p>                    FCB<\/p>\n<p class=\"paragraph\" id=\"paragraph_3\">El Dubai Basketball pagar\u00e1 la <strong>cl\u00e1usula<\/strong> del t\u00e9cnico de Gav\u00e0, de m\u00e1s de 300.000 euros. El ex del Zenit San Petersburgo, a pesar de ser \u00e9l quien se ofreci\u00f3 en verano, no dirigir\u00e1 ni una sola temporada al completo. Solo un giro de guion muy inesperado puede revertir la situaci\u00f3n. La previsi\u00f3n es que <strong>Joan Laporta se re\u00fana con Pascual<\/strong> la pr\u00f3xima semana, pero en el club no son optimistas. <\/p>\n<p>Fichajes frustrados<\/p>\n<p class=\"paragraph\" id=\"paragraph_4\">Dubai Basketball, el mismo equipo que triplicar\u00e1 el salario del m\u00edster catal\u00e1n, es el que, adem\u00e1s, ha boicoteado dos fichajes del Bar\u00e7a de basket. El caso m\u00e1s evidente es el de <strong>Alpha Diallo<\/strong>, alero del M\u00f3naco que ten\u00eda un preacuerdo con el club azulgrana. El jugador de 28 a\u00f1os, mejor defensor de la Euroliga, finalmente se ir\u00e1 a la entidad emirat\u00ed.<\/p>\n<p><img decoding=\"async\" alt=\"Kevin Punter, defendido por Alpha Diallo en M\u00f3naco\" data-imgm=\"true\" height=\"180\" loading=\"lazy\"  src=\"https:\/\/www.europesays.com\/es\/wp-content\/uploads\/2026\/05\/1003742655400_16113849_1024x576.jpg\"  width=\"320\"\/><\/p>\n<p>                                                            Kevin Punter, defendido por Alpha Diallo en M\u00f3naco<\/p>\n<p>                    EFE<\/p>\n<p><img decoding=\"async\" alt=\"Sylvain Francisco, durante un encuentro entre el Zalgiris Kaunas y el Baskonia\" data-imgm=\"true\" height=\"180\" loading=\"lazy\"  src=\"https:\/\/www.europesays.com\/es\/wp-content\/uploads\/2026\/05\/1779424116_293_1003742742558_15842616_1024x576.jpg\"  width=\"320\"\/><\/p>\n<p>                                                            Sylvain Francisco, durante un encuentro entre el Zalgiris Kaunas y el Baskonia<\/p>\n<p>                    EFE<\/p>\n<p class=\"paragraph\" id=\"paragraph_5\">Lo mismo sucedi\u00f3 con <strong>Sylvain Francisco<\/strong>, base que gustaba a la gerencia de la secci\u00f3n y, m\u00e1s en concreto, a Pascual. El Bar\u00e7a se interes\u00f3 por el exterior franc\u00e9s, que en un principio quiso poner rumbo a la NBA, pero luego se decant\u00f3 por la oferta de Dubai. Pascual, justamente, se congregar\u00e1 con ambos la pr\u00f3xima temporada.<\/p>\n<p>Nuevo &#8216;sponsor&#8217;<\/p>\n<p class=\"paragraph\" id=\"paragraph_6\">As\u00ed es como el equipo fundado oficialmente en 2023, aunque su participaci\u00f3n por primera vez en la Euroliga data de 2025, ha desarmado la hoja de ruta del Bar\u00e7a. El Dubai Basketball no es una instituci\u00f3n en manos de la familia real del pa\u00eds, pero s\u00ed <strong>respaldada p\u00fablicamente para ampliar fronteras y por entes oficiales como la <\/strong><strong>Asociaci\u00f3n de Baloncesto de los EAU<\/strong> y el Dubai Sports Council.<\/p>\n<p><img decoding=\"async\" alt=\"Oficinas del banco Emirates Islamic\" data-imgm=\"true\" height=\"180\" loading=\"lazy\"  src=\"https:\/\/www.europesays.com\/es\/wp-content\/uploads\/2026\/05\/1003742763097_16110573_1024x576.jpg\"  width=\"320\"\/><\/p>\n<p>                                                            Oficinas del banco Emirates Islamic<\/p>\n<p>                    Emirates Islamic<\/p>\n<p class=\"paragraph\" id=\"paragraph_7\">S\u00ed tiene mano el gobierno de Dubai en el patrocinio del Bar\u00e7a <a data-forcefollow=\"false\" data-sponsored=\"false\" href=\"https:\/\/cronicaglobal.elespanol.com\/culemania\/palco\/20260520\/continua-busqueda-ingresos-barca-patrocinio-oriente-medio\/1003742763070_0.html?utm_cmp_rs=linksinline\" target=\"_blank\" rel=\"nofollow noopener\">con <strong>Emirates Islamic<\/strong><\/a>, anunciado el mi\u00e9rcoles con caducidad a 30 de junio de 2028. El club azulgrana recibe un buen <strong>espaldarazo financiero<\/strong> que aumentar\u00e1 los ingresos del \u00e1rea comercial y, por tanto, tendr\u00e1 repercusi\u00f3n en la <strong>capacidad de la direcci\u00f3n deportiva del primer equipo de f\u00fatbol para hacer fichajes<\/strong>, pero tambi\u00e9n en el futuro aumento de <strong>presupuesto del basket<\/strong>.<\/p>\n<p>Complejo residencial<\/p>\n<p class=\"paragraph\" id=\"paragraph_8\">Emirates Islamic es el brazo bancario del grupo <strong>Emirates NBD<\/strong>, que forma parte de la <strong>Corporaci\u00f3n de Inversiones de Dubai<\/strong>, controlada mayoritariamente por el <strong>gobierno de Dubai <\/strong>y, por ende, los jeques del pa\u00eds. As\u00ed es c\u00f3mo, curiosamente desde los Emiratos \u00c1rabes, han desmenuzado al Bar\u00e7a de basket y, a su vez, han ayudado con las finanzas generales de la entidad que preside de manera interina Rafa Yuste.<\/p>\n<p><img decoding=\"async\" alt=\"Emirates Islamic anuncia el acuerdo de patrocinio con el FC Barcelona\" data-imgm=\"true\" height=\"180\" loading=\"lazy\"  src=\"https:\/\/www.europesays.com\/es\/wp-content\/uploads\/2026\/05\/1003742763084_16110446_1024x576.jpg\"  width=\"320\"\/><\/p>\n<p>                                                            Emirates Islamic anuncia el acuerdo de patrocinio con el FC Barcelona<\/p>\n<p>                    FCB<\/p>\n<p class=\"paragraph\" id=\"paragraph_9\">Pero los negocios con Dubai no terminar\u00e1n aqu\u00ed. El Bar\u00e7a tiene sellada una nueva alianza con <strong>Ohana Development<\/strong> para <a data-forcefollow=\"false\" data-sponsored=\"false\" href=\"https:\/\/cronicaglobal.elespanol.com\/culemania\/palco\/20260130\/laporta-barca-oriente-medio-qatar-dubai-millones\/1003742727953_0.html?utm_cmp_rs=linksinline\" target=\"_blank\" rel=\"nofollow noopener\">construir un <strong>complejo residencial<\/strong> de lujo<\/a>, por el que el club ya habr\u00eda recibido el dinero por adelantado. Los inversores abonar\u00e1n <strong>10 millones de manera anual<\/strong>. Ahora bien, el pacto deber\u00e1 ser aprobado en una asamblea de socios compromisarios.<\/p>\n<p>Aprobaci\u00f3n en asamblea <\/p>\n<p class=\"paragraph\" id=\"paragraph_10\">El Bar\u00e7a otorgar\u00e1 la licencia del uso de su marca para que los edificios puedan usar el escudo barcelonista. Dubai destroza al Bar\u00e7a de basket, pero tambi\u00e9n apoya la salud de la econom\u00eda cul\u00e9. Gracias a las dos alianzas el <strong>Fair Play<\/strong> mejorar\u00e1 y, en consecuencia, se podr\u00e1 <strong>invertir<\/strong> para afrontar <strong>incorporaciones<\/strong> de relumbr\u00f3n.<\/p>\n","protected":false},"excerpt":{"rendered":"Noticias relacionadas El FC Barcelona ten\u00eda planeado devolver la dignidad a la secci\u00f3n de baloncesto. Todav\u00eda lejos del&hellip;\n","protected":false},"author":2,"featured_media":563984,"comment_status":"","ping_status":"","sticky":false,"template":"","format":"standard","meta":{"footnotes":""},"categories":[269],"tags":[299,298,168,6802,25,24,881,4469,11166,4467,16774,23,167],"class_list":["post-563983","post","type-post","status-publish","format-standard","has-post-thumbnail","category-baloncesto","tag-baloncesto","tag-basketball","tag-deportes","tag-dubai","tag-es","tag-espana","tag-fc-barcelona","tag-fcb-basket","tag-fichajes-barca","tag-joan-laporta","tag-palco","tag-spain","tag-sports"],"share_on_mastodon":{"url":"https:\/\/pubeurope.com\/@es\/116616345651232326","error":""},"_links":{"self":[{"href":"https:\/\/www.europesays.com\/es\/wp-json\/wp\/v2\/posts\/563983","targetHints":{"allow":["GET"]}}],"collection":[{"href":"https:\/\/www.europesays.com\/es\/wp-json\/wp\/v2\/posts"}],"about":[{"href":"https:\/\/www.europesays.com\/es\/wp-json\/wp\/v2\/types\/post"}],"author":[{"embeddable":true,"href":"https:\/\/www.europesays.com\/es\/wp-json\/wp\/v2\/users\/2"}],"replies":[{"embeddable":true,"href":"https:\/\/www.europesays.com\/es\/wp-json\/wp\/v2\/comments?post=563983"}],"version-history":[{"count":0,"href":"https:\/\/www.europesays.com\/es\/wp-json\/wp\/v2\/posts\/563983\/revisions"}],"wp:featuredmedia":[{"embeddable":true,"href":"https:\/\/www.europesays.com\/es\/wp-json\/wp\/v2\/media\/563984"}],"wp:attachment":[{"href":"https:\/\/www.europesays.com\/es\/wp-json\/wp\/v2\/media?parent=563983"}],"wp:term":[{"taxonomy":"category","embeddable":true,"href":"https:\/\/www.europesays.com\/es\/wp-json\/wp\/v2\/categories?post=563983"},{"taxonomy":"post_tag","embeddable":true,"href":"https:\/\/www.europesays.com\/es\/wp-json\/wp\/v2\/tags?post=563983"}],"curies":[{"name":"wp","href":"https:\/\/api.w.org\/{rel}","templated":true}]}}