{"id":564147,"date":"2026-05-22T06:49:12","date_gmt":"2026-05-22T06:49:12","guid":{"rendered":"https:\/\/www.europesays.com\/es\/564147\/"},"modified":"2026-05-22T06:49:12","modified_gmt":"2026-05-22T06:49:12","slug":"stephen-colbert-se-despide-con-paul-mccartney-de-las-noches-de-la-cbs-tras-las-cesiones-de-la-cadena-ante-trump","status":"publish","type":"post","link":"https:\/\/www.europesays.com\/es\/564147\/","title":{"rendered":"Stephen Colbert se despide con Paul McCartney de las noches de la CBS tras las cesiones de la cadena ante Trump"},"content":{"rendered":"<p class=\"article-text\">\n        La larga despedida de Stephen Colbert de la televisi\u00f3n nocturna ha terminado este jueves por la noche, cuando el presentador de &#8216;The Late Show&#8217; ha aparecido detr\u00e1s de su escritorio en la cadena CBS por \u00faltima vez. Y lo ha hecho con Paul McCartney, en el mismo escenario, el Teatro Sullivan de Nueva York, donde los Beatles actuaron en EEUU por primera vez el 9 de febrero de 1964, en el Show de Ed Sullivan.\n    <\/p>\n<p class=\"article-text\">\n        El presidente de EEUU, Donald Trump, no ha podido evitar insultar al comediante en su \u00faltimo programa a causa de las presiones de la Casa Blanca.\n    <\/p>\n<p class=\"article-text\">\n        \u201cColbert por fin ha terminado en la CBS\u201d, ha dicho Trump en Truth Social: \u201c\u00a1Es incre\u00edble que haya durado tanto! Sin talento, sin audiencia, sin vida. Era como un muerto. Podr\u00edas coger a cualquiera de la calle y ser\u00eda mejor que este completo imb\u00e9cil. \u00a1Menos mal que por fin se ha ido!\u201d\n    <\/p>\n<p>            <img decoding=\"async\" class=\"lazy\" loading=\"lazy\" data-src=\"https:\/\/static.eldiario.es\/clip\/5aeb8b38-ce23-4060-ac73-dfee904f7b10_source-aspect-ratio_default_0.jpg\" src=\"data:image\/svg+xml,%3Csvg xmlns=\" http:=\"\" viewbox=\"0 0 1170 504\" alt=\"Truth Social de Trump sobre la despedida de Colbert.\"\/><\/p>\n<p class=\"article-text\">\n        Mientras tanto, Paul McCartney, como despedida, ha terminado cantando con Colbert y su banda la m\u00edtica canci\u00f3n de los Beatles Hello, Goodbye, de 1967.\n    <\/p>\n<blockquote class=\"twitter-tweet\" data-lang=\"es\"><p><a href=\"https:\/\/twitter.com\/X\/status\/2057687888599335071?ref_src=twsrc%5Etfw\" rel=\"nofollow noopener\" target=\"_blank\"><\/p><\/blockquote>\n<p class=\"article-text\">\n        \u201cEst\u00e1bamos un poco nerviosos\u201d, ha recordado el cantante de aquel debut americano en 1964, \u201c\u00e9ramos unos chicos j\u00f3venes y, en cierto modo, nos sent\u00edamos muy importantes. Fue muy emocionante\u201d.\n    <\/p>\n<p class=\"article-text\">\n        McCartney ha explicado que era su primera vez en EEUU: \u201cFue como: &#8216;\u00a1Estamos en Estados Unidos!&#8217; EEUU era el lugar de donde proven\u00eda toda la m\u00fasica que am\u00e1bamos, todo el rock and roll, el blues y todo lo dem\u00e1s; incluso remont\u00e1ndonos a la \u00e9poca de Fred Astaire, todo ven\u00eda de all\u00ed. As\u00ed que eso era lo que pens\u00e1bamos: que EEUU era, sencillamente, la tierra de la libertad, la democracia m\u00e1s grande del mundo. Eso era exactamente lo que representaba, y ojal\u00e1 siga si\u00e9ndolo\u201d.\n    <\/p>\n<p class=\"article-text\">\n        Colbert ha preguntado a McCartney por Ed Sullivan, el creador del show en el que debutaron en EEUU seis d\u00e9cadas atr\u00e1s: \u201cNunca hab\u00edamos estado en Estados Unidos. Llegamos aqu\u00ed y la gente nos dec\u00eda que este era el espect\u00e1culo m\u00e1s grande de todos; y, a decir verdad, nunca hab\u00edamos o\u00eddo hablar de \u00e9l en Inglaterra. Pero s\u00ed, fue fant\u00e1stico. Llegamos aqu\u00ed y ten\u00edas que bajar unos cuantos pisos para que te maquillaran. En Inglaterra ya est\u00e1bamos un poco acostumbrados a usar algo de maquillaje. Bajamos all\u00ed, las chicas nos maquillaron y el resultado fue un naranja brillante&#8230; Algo muy popular hoy en d\u00eda\u201d.\n    <\/p>\n<p class=\"article-text\">\n        \u201c\u00a1Marcasteis tendencia!\u201d, ha respondido Colbert. \u201cAhora ya sabemos d\u00f3nde empez\u00f3 todo\u201d, ha dicho, bromeando con el tono de piel que luce el presidente de EEUU, Donald Trump.\n    <\/p>\n<p class=\"article-text\">\n        En su \u00faltimo mon\u00f3logo de arranque, antes de la entrevista a McCartney, Colbert ha explicado: \u201cEn la primera noche de The Colbert Report, hace ya un tiempo, dije que cualquiera pod\u00eda leeros las noticias. Y yo os promet\u00ed que os har\u00eda sentir las noticias. Y muy pronto, en este trabajo, me di cuenta de que nuestra labor aqu\u00ed era diferente. Est\u00e1bamos aqu\u00ed para sentir las noticias con vosotros. Y no s\u00e9 vosotros, pero yo, sin duda, las he sentido. Y solo quiero que todos sep\u00e1is, tanto los que est\u00e1is aqu\u00ed en el teatro como los que nos veis desde casa, lo importantes que hab\u00e9is sido para todo lo que hemos logrado; esa energ\u00eda que nos hab\u00e9is brindado&#8230; sinceramente, la necesit\u00e1bamos para poder ofreceros el mejor programa posible durante estos \u00faltimos 11 a\u00f1os. Nos encanta hacer este programa para vosotros. Pero lo que realmente, verdaderamente nos encanta, es hacerlo con vosotros\u201d.\n    <\/p>\n<blockquote class=\"twitter-tweet\" data-lang=\"es\"><p><a href=\"https:\/\/twitter.com\/X\/status\/2057672186609959256?ref_src=twsrc%5Etfw\" rel=\"nofollow noopener\" target=\"_blank\"><\/p><\/blockquote>\n<p class=\"article-text\">\n        Entre los invitados de la \u00faltima semana han estado figuras como Michael Keaton, Jon Stewart, Julia Louis-Dreyfus, Steven Spielberg, David Byrne y Bruce Springsteen.\n    <\/p>\n<p class=\"article-text\">\n        CBS anunci\u00f3 el verano pasado que el programa de Colbert llegar\u00eda a su fin, citando razones econ\u00f3micas tras 11 temporadas. No obstante, Colbert es el l\u00edder de audiencia en el segmento de la televisi\u00f3n nocturna \u2013el programa empezaba a las 23.35\u2013, superando a los shows de Jimmy Kimmel en ABC y Jimmy Fallon en NBC.\n    <\/p>\n<p class=\"article-text\">\n        Muchos \u2014incluido el propio Colbert\u2014 han manifestado su escepticismo ante la idea de que las reiteradas cr\u00edticas del presidente de EEUU, Donald Trump, hacia el programa no hayan influido en la decisi\u00f3n.\n    <\/p>\n<p class=\"article-text\">\n        La decisi\u00f3n de cancelar el programa se produjo despu\u00e9s de que la empresa matriz, Paramount, alcanzara un acuerdo extrajudicial de 16 millones de d\u00f3lares para resolver una demanda interpuesta por Trump a ra\u00edz de una entrevista en el programa &#8217;60 Minutes&#8217;; todo ello mientras Paramount aguardaba la aprobaci\u00f3n de la Administraci\u00f3n de Trump para una venta pendiente a Skydance Media, la compa\u00f1\u00eda de David Ellison, hijo del multimillonario due\u00f1o de Oracle y aliado de Trump Larry Ellison.\n    <\/p>\n<p class=\"article-text\">\n        Colbert calific\u00f3 dicho acuerdo como un \u201csoborno cuantioso y descarado\u201d.\n    <\/p>\n<blockquote class=\"twitter-tweet\" data-lang=\"es\"><p><a href=\"https:\/\/twitter.com\/X\/status\/2057556083086868765?ref_src=twsrc%5Etfw\" rel=\"nofollow noopener\" target=\"_blank\"><\/p><\/blockquote>\n<p class=\"article-text\">\n        Los principales rivales de Colbert, Jimmy Kimmel Live!, de ABC, y The Tonight Show with Jimmy Fallon, de NBC, han emitido repeticiones el jueves por la noche, coincidiendo con la despedida de Colbert. De hecho, ambos han aparecido en su \u00faltimo programa junto a los tambi\u00e9n c\u00f3micos Seth Meyers y John Oliver.\n    <\/p>\n<p class=\"article-text\">\n        Kimmel, cuyo programa fue suspendido durante unos d\u00edas en ABC como consecuencia de las presiones de la administraci\u00f3n Trump, anim\u00f3 a su audiencia en su mon\u00f3logo de la v\u00edspera a ver el \u00faltimo show de Colbert y a no sintonizar nunca m\u00e1s la CBS como respuesta a la censura.\n    <\/p>\n<p>    <a href=\"https:\/\/www.eldiario.es\/opinion\/zona-critica\/mensaje-colbert_129_13238670.html\" data-mrf-recirculation=\"saber-mas-abajo\" data-dl-event=\"saber-mas-abajo\" rel=\"nofollow noopener\" target=\"_blank\"><\/p>\n<p class=\"know-more__title\">El mensaje de Colbert, por Mar\u00eda Ram\u00edrez<\/p>\n<p>            <img decoding=\"async\" class=\"lazy\" loading=\"lazy\" data-src=\"https:\/\/static.eldiario.es\/clip\/5825f416-a1ea-4d29-96f4-199b84944621_16-9-aspect-ratio_default_0.jpg\" src=\"data:image\/svg+xml,%3Csvg xmlns=\" http:=\"\" viewbox=\"0 0 880 495\" alt=\"El mensaje de Colbert\"\/><\/p>\n<p>                        <\/a><\/p>\n<blockquote class=\"twitter-tweet\" data-lang=\"es\"><p><a href=\"https:\/\/twitter.com\/X\/status\/2057517406055231789?ref_src=twsrc%5Etfw\" rel=\"nofollow noopener\" target=\"_blank\"><\/p><\/blockquote>\n<p class=\"article-text\">\n        La CBS cubrir\u00e1 la franja de The Late Show con Comics Unleashed, un programa en el que diversos comediantes comparten intervenciones. Su presentador, Byron Allen, ha prometido mantenerse al margen de la pol\u00edtica.\n    <\/p>\n<p>                                        <script async src=\"https:\/\/platform.twitter.com\/widgets.js\" charset=\"utf-8\"><\/script><\/p>\n","protected":false},"excerpt":{"rendered":"La larga despedida de Stephen Colbert de la televisi\u00f3n nocturna ha terminado este jueves por la noche, cuando&hellip;\n","protected":false},"author":2,"featured_media":564148,"comment_status":"","ping_status":"","sticky":false,"template":"","format":"standard","meta":{"footnotes":""},"categories":[174],"tags":[19680,15701,255,72773,17964,6193,146,147,25,24,256,11224,23,16983,936],"class_list":["post-564147","post","type-post","status-publish","format-standard","has-post-thumbnail","category-famosos","tag-cadena","tag-cbs","tag-celebrities","tag-cesiones","tag-colbert","tag-despide","tag-entertainment","tag-entretenimiento","tag-es","tag-espana","tag-famosos","tag-noches","tag-spain","tag-stephen","tag-trump"],"share_on_mastodon":{"url":"https:\/\/pubeurope.com\/@es\/116616899291925842","error":""},"_links":{"self":[{"href":"https:\/\/www.europesays.com\/es\/wp-json\/wp\/v2\/posts\/564147","targetHints":{"allow":["GET"]}}],"collection":[{"href":"https:\/\/www.europesays.com\/es\/wp-json\/wp\/v2\/posts"}],"about":[{"href":"https:\/\/www.europesays.com\/es\/wp-json\/wp\/v2\/types\/post"}],"author":[{"embeddable":true,"href":"https:\/\/www.europesays.com\/es\/wp-json\/wp\/v2\/users\/2"}],"replies":[{"embeddable":true,"href":"https:\/\/www.europesays.com\/es\/wp-json\/wp\/v2\/comments?post=564147"}],"version-history":[{"count":0,"href":"https:\/\/www.europesays.com\/es\/wp-json\/wp\/v2\/posts\/564147\/revisions"}],"wp:featuredmedia":[{"embeddable":true,"href":"https:\/\/www.europesays.com\/es\/wp-json\/wp\/v2\/media\/564148"}],"wp:attachment":[{"href":"https:\/\/www.europesays.com\/es\/wp-json\/wp\/v2\/media?parent=564147"}],"wp:term":[{"taxonomy":"category","embeddable":true,"href":"https:\/\/www.europesays.com\/es\/wp-json\/wp\/v2\/categories?post=564147"},{"taxonomy":"post_tag","embeddable":true,"href":"https:\/\/www.europesays.com\/es\/wp-json\/wp\/v2\/tags?post=564147"}],"curies":[{"name":"wp","href":"https:\/\/api.w.org\/{rel}","templated":true}]}}