{"id":564331,"date":"2026-05-22T09:17:10","date_gmt":"2026-05-22T09:17:10","guid":{"rendered":"https:\/\/www.europesays.com\/es\/564331\/"},"modified":"2026-05-22T09:17:10","modified_gmt":"2026-05-22T09:17:10","slug":"bad-bunny-abre-este-viernes-su-gira-en-espana-12-conciertos-entre-madrid-y-barcelona-que-acogeran-a-miles-de-personas-musica","status":"publish","type":"post","link":"https:\/\/www.europesays.com\/es\/564331\/","title":{"rendered":"Bad Bunny abre este viernes su gira en Espa\u00f1a: 12 conciertos entre Madrid y Barcelona que acoger\u00e1n a miles de personas | M\u00fasica"},"content":{"rendered":"<p class=\"loc\">Madrid<\/p>\n<p>El artista portorrique\u00f1o <a href=\"https:\/\/cadenaser.com\/nacional\/2026\/05\/22\/de-las-giras-globales-a-las-residencias-masivas-bad-bunny-y-el-nuevo-negocio-musical-que-exprime-al-maximo-el-fenomeno-fan-cadena-ser\/\" target=\"_blank\" rel=\"nofollow noopener\" title=\"https:\/\/cadenaser.com\/nacional\/2026\/05\/22\/de-las-giras-globales-a-las-residencias-masivas-bad-bunny-y-el-nuevo-negocio-musical-que-exprime-al-maximo-el-fenomeno-fan-cadena-ser\/\">Bad Bunny<\/a> abrir\u00e1 este viernes en el Estadi Ol\u00edmpic Llu\u00eds Companys de Barcelona su gira europea en un tramo en el que ofrecer\u00e1 12 conciertos en Espa\u00f1a. El concierto de Bad Bunny en Barcelona supone su regreso a la capital catalana tras siete a\u00f1os, siendo su anterior visita en el S\u00f3nar 2019.<\/p>\n<p>Benito Antonio Mart\u00ednez Ocasio repetir\u00e1 concierto en Barcelona este s\u00e1bado y, tras pasar por Lisboa, realizar\u00e1 10 conciertos en Madrid: en total unas 600.000 personas lo ver\u00e1n en Espa\u00f1a. La parada en el Riyahd Air Metropolitano de Madrid del Deb\u00ed Tirar M\u00e1s Fotos World Tour ser\u00e1n los d\u00edas 30 y 31 de mayo y los d\u00edas 2, 3, 6, 7, 10, 11, 14 y 15 de junio.<\/p>\n<p>    <img decoding=\"async\" src=\"https:\/\/www.europesays.com\/es\/wp-content\/uploads\/2026\/05\/1779441430_287_app-ser-3.png\" alt=\"Nueva APP de Cadena SER\" loading=\"lazy\" width=\"109\" height=\"82\"\/><\/p>\n<p>Descubre la nueva app de Cadena\u00a0SER<br \/>\n        Te ofrecemos una mejor experiencia de audio y video\n    <\/p>\n<p>    <a href=\"https:\/\/trackingcodes.prisamedia.com\/ser.html?utm_campaign=app-include-articulo&amp;utm_source=web\" class=\"p-a-fa-b\" rel=\"nofollow noopener\" target=\"_blank\">Descargar<\/a><\/p>\n<p>Tras sus conciertos en Espa\u00f1a, la gira europea proseguir\u00e1 por D\u00fcsseldorf, Arnhem, Londres, Marsella, Par\u00eds, Estocolmo, Varsovia, Mil\u00e1n y concluir en Bruselas el 22 de julio. La llegada de Bad Bunny a Barcelona ha causado revuelo en el exterior del c\u00e9ntrico hotel en el que se aloja, que desde el mi\u00e9rcoles ha tenido fans apostados a la puerta.<\/p>\n<p>Los conciertos del cantante portorrique\u00f1o en Espa\u00f1a tambi\u00e9n han coincidido con el lanzamiento de <a href=\"https:\/\/cadenaser.com\/nacional\/2026\/05\/20\/la-coleccion-de-bad-bunny-con-zara-cuando-sale-a-la-venta-y-cuanto-cuestan-las-prendas-cadena-ser\/\" target=\"_blank\" rel=\"nofollow noopener\" title=\"https:\/\/cadenaser.com\/nacional\/2026\/05\/20\/la-coleccion-de-bad-bunny-con-zara-cuando-sale-a-la-venta-y-cuanto-cuestan-las-prendas-cadena-ser\/\">la colecci\u00f3n c\u00e1psula Benito Antonio de Zara<\/a>, que han creado junto al director creativo del artista.<\/p>\n","protected":false},"excerpt":{"rendered":"Madrid El artista portorrique\u00f1o Bad Bunny abrir\u00e1 este viernes en el Estadi Ol\u00edmpic Llu\u00eds Companys de Barcelona su&hellip;\n","protected":false},"author":2,"featured_media":564332,"comment_status":"","ping_status":"","sticky":false,"template":"","format":"standard","meta":{"footnotes":""},"categories":[91],"tags":[2114,1282,146,147,25,24,11268,23],"class_list":["post-564331","post","type-post","status-publish","format-standard","has-post-thumbnail","category-entretenimiento","tag-american-football","tag-bad-bunny","tag-entertainment","tag-entretenimiento","tag-es","tag-espana","tag-nfl","tag-spain"],"share_on_mastodon":{"url":"https:\/\/pubeurope.com\/@es\/116617481637689206","error":""},"_links":{"self":[{"href":"https:\/\/www.europesays.com\/es\/wp-json\/wp\/v2\/posts\/564331","targetHints":{"allow":["GET"]}}],"collection":[{"href":"https:\/\/www.europesays.com\/es\/wp-json\/wp\/v2\/posts"}],"about":[{"href":"https:\/\/www.europesays.com\/es\/wp-json\/wp\/v2\/types\/post"}],"author":[{"embeddable":true,"href":"https:\/\/www.europesays.com\/es\/wp-json\/wp\/v2\/users\/2"}],"replies":[{"embeddable":true,"href":"https:\/\/www.europesays.com\/es\/wp-json\/wp\/v2\/comments?post=564331"}],"version-history":[{"count":0,"href":"https:\/\/www.europesays.com\/es\/wp-json\/wp\/v2\/posts\/564331\/revisions"}],"wp:featuredmedia":[{"embeddable":true,"href":"https:\/\/www.europesays.com\/es\/wp-json\/wp\/v2\/media\/564332"}],"wp:attachment":[{"href":"https:\/\/www.europesays.com\/es\/wp-json\/wp\/v2\/media?parent=564331"}],"wp:term":[{"taxonomy":"category","embeddable":true,"href":"https:\/\/www.europesays.com\/es\/wp-json\/wp\/v2\/categories?post=564331"},{"taxonomy":"post_tag","embeddable":true,"href":"https:\/\/www.europesays.com\/es\/wp-json\/wp\/v2\/tags?post=564331"}],"curies":[{"name":"wp","href":"https:\/\/api.w.org\/{rel}","templated":true}]}}