{"id":564369,"date":"2026-05-22T09:45:15","date_gmt":"2026-05-22T09:45:15","guid":{"rendered":"https:\/\/www.europesays.com\/es\/564369\/"},"modified":"2026-05-22T09:45:15","modified_gmt":"2026-05-22T09:45:15","slug":"mostoles-se-suma-al-reto-romper-el-silencio-en-la-etapa-37-para-concienciar-sobre-la-salud-mental","status":"publish","type":"post","link":"https:\/\/www.europesays.com\/es\/564369\/","title":{"rendered":"M\u00f3stoles se suma al reto \u201cRomper el silencio\u201d en la etapa 37 para concienciar sobre la salud mental"},"content":{"rendered":"<ul>\n<li class=\" cmAlignjustify\"><strong>El Ayuntamiento de M\u00f3stoles se suma a la iniciativa de Jaime Dom\u00ednguez, deportista de ultrafondo y bombero del Ayuntamiento de Madrid, con el objetivo de sensibilizar sobre la salud mental y prevenci\u00f3n del suicidio.<\/strong><\/li>\n<\/ul>\n<ul>\n<li class=\" cmAlignjustify\"><strong>La etapa 37 del reto \u00abRomper el silencio\u00bb, con un recorrido de 43 km, tendr\u00e1 lugar el lunes 25 de mayo, comenzando en Legan\u00e9s y finalizando en el Parque Finca Liana.<\/strong><\/li>\n<\/ul>\n<ul>\n<li class=\" cmAlignjustify\"><strong>Esta iniciativa est\u00e1 abierta a cualquier ciudadano que quiera sumarse al reto.   <\/strong><\/li>\n<\/ul>\n<p class=\"cmParagraph cmAlignjustify\"><img loading=\"lazy\" decoding=\"async\" src=\"https:\/\/www.europesays.com\/es\/wp-content\/uploads\/2026\/05\/1461728-destacada reto Romper el Silencio.jpg\" width=\"400\" height=\"225\" alt=\"destacada reto Romper el Silencio\"\/>El Ayuntamiento de M\u00f3stoles, a trav\u00e9s de la Concejal\u00eda de Deportes y Sanidad, se suma al reto \u00abRomper el silencio\u00bb, haciendo un recorrido de 43 kil\u00f3metros correspondientes a la etapa 37, que se llevar\u00e1 a cabo el lunes 25 de mayo. <\/p>\n<p class=\"cmParagraph cmAlignjustify\">Esta iniciativa, impulsada por Jaime Dom\u00ednguez, conocido deportista de ultrafondo y bombero del Ayuntamiento de Madrid, tiene como objetivo llegar a los 3.953 kil\u00f3metros, cifra que representa el n\u00famero de fallecidos por suicidio en Espa\u00f1a en 2024, recorriendo los 179 municipios de la Comunidad de Madrid. <\/p>\n<p class=\"cmParagraph cmAlignjustify\">Este reto de resistencia f\u00edsica y mental tiene el prop\u00f3sito de recorrer estos miles de kil\u00f3metros para dar visibilidad a una realidad que muchas veces pasa desapercibida como es la salud mental, la prevenci\u00f3n del suicidio, especialmente el juvenil, y la lucha contra el acoso escolar. <\/p>\n<p class=\"cmParagraph cmAlignjustify\">La etapa se iniciar\u00e1 a las 14:00 h en el Cuartel de la Guardia Civil Puig Adam de Legan\u00e9s y finalizar\u00e1, entre las 15:30 y las 19:00 h, en el Parque Finca Liana de M\u00f3stoles.<\/p>\n","protected":false},"excerpt":{"rendered":"El Ayuntamiento de M\u00f3stoles se suma a la iniciativa de Jaime Dom\u00ednguez, deportista de ultrafondo y bombero del&hellip;\n","protected":false},"author":2,"featured_media":564370,"comment_status":"","ping_status":"","sticky":false,"template":"","format":"standard","meta":{"footnotes":""},"categories":[5],"tags":[1201,6853,1250,17,18,6854,777,2800,5509,25,24,13,14,11,6852,1928,6850,19,20,6849,9,10,15,16,4111,6851,23,12,21,22,6855],"class_list":["post-564369","post","type-post","status-publish","format-standard","has-post-thumbnail","category-titulares","tag-alcalde","tag-atencioacuten-ciudadana","tag-ayuntamiento","tag-breaking-news","tag-breakingnews","tag-callejero","tag-ciudad","tag-distritos","tag-empleo","tag-es","tag-espana","tag-featured-news","tag-featurednews","tag-headlines","tag-inversioacuten","tag-joven","tag-juventud","tag-latest-news","tag-latestnews","tag-moacutestoles","tag-news","tag-noticias","tag-noticias-destacadas","tag-noticiasdestacadas","tag-presupuestos","tag-sede-electroacutenica","tag-spain","tag-titulares","tag-ultimas-noticias","tag-ultimasnoticias","tag-webs-municipales"],"share_on_mastodon":{"url":"","error":"Validation failed: Text character limit of 500 exceeded"},"_links":{"self":[{"href":"https:\/\/www.europesays.com\/es\/wp-json\/wp\/v2\/posts\/564369","targetHints":{"allow":["GET"]}}],"collection":[{"href":"https:\/\/www.europesays.com\/es\/wp-json\/wp\/v2\/posts"}],"about":[{"href":"https:\/\/www.europesays.com\/es\/wp-json\/wp\/v2\/types\/post"}],"author":[{"embeddable":true,"href":"https:\/\/www.europesays.com\/es\/wp-json\/wp\/v2\/users\/2"}],"replies":[{"embeddable":true,"href":"https:\/\/www.europesays.com\/es\/wp-json\/wp\/v2\/comments?post=564369"}],"version-history":[{"count":0,"href":"https:\/\/www.europesays.com\/es\/wp-json\/wp\/v2\/posts\/564369\/revisions"}],"wp:featuredmedia":[{"embeddable":true,"href":"https:\/\/www.europesays.com\/es\/wp-json\/wp\/v2\/media\/564370"}],"wp:attachment":[{"href":"https:\/\/www.europesays.com\/es\/wp-json\/wp\/v2\/media?parent=564369"}],"wp:term":[{"taxonomy":"category","embeddable":true,"href":"https:\/\/www.europesays.com\/es\/wp-json\/wp\/v2\/categories?post=564369"},{"taxonomy":"post_tag","embeddable":true,"href":"https:\/\/www.europesays.com\/es\/wp-json\/wp\/v2\/tags?post=564369"}],"curies":[{"name":"wp","href":"https:\/\/api.w.org\/{rel}","templated":true}]}}