{"id":564822,"date":"2026-05-22T15:25:10","date_gmt":"2026-05-22T15:25:10","guid":{"rendered":"https:\/\/www.europesays.com\/es\/564822\/"},"modified":"2026-05-22T15:25:10","modified_gmt":"2026-05-22T15:25:10","slug":"identifican-en-barcelona-un-brote-de-una-rara-enfermedad-de-transmision-sexual","status":"publish","type":"post","link":"https:\/\/www.europesays.com\/es\/564822\/","title":{"rendered":"Identifican en Barcelona un brote de una rara enfermedad de transmisi\u00f3n sexual"},"content":{"rendered":"<p>El <strong>Hospital Vall d&#8217;Hebron<\/strong> ha documentado nueve episodios de una patolog\u00eda dermatol\u00f3gica poco habitual en humanos. Se trata de la <strong>dermatofilosis<\/strong>, una dolencia que tradicionalmente se ha asociado al contacto directo con distintas especies animales. Los diagn\u00f3sticos se produjeron de manera paulatina entre los meses de diciembre del a\u00f1o 2025 y marzo de 2026.<\/p>\n<p>Seg\u00fan ha trasladado el propio centro sanitario, la evoluci\u00f3n cl\u00ednica de la totalidad de los afectados ha sido muy positiva. Tras recibir el correspondiente <strong>tratamiento farmacol\u00f3gico con antibi\u00f3ticos<\/strong>, todos los varones superaron el cuadro m\u00e9dico inicial y mejoraron de forma favorable, sin llegar a registrar ning\u00fan tipo de complicaci\u00f3n asociada.<\/p>\n<p>Los detalles de la enfermedad<\/p>\n<p>Hist\u00f3ricamente, la dermatofilosis se caracteriza por ser una <strong>infecci\u00f3n de la piel<\/strong> provocada por la presencia de bacterias pertenecientes al g\u00e9nero Dermatophilus. Hasta la fecha, la literatura cient\u00edfica referida a pacientes humanos limitaba pr\u00e1cticamente el riesgo de contagio a personas con una elevada <strong>exposici\u00f3n al \u00e1mbito ganadero<\/strong>, a caballos o a diferentes grupos de mam\u00edferos.<\/p>\n<p>La novedad principal que presenta esta reciente agrupaci\u00f3n de contagios reside en el perfil de los individuos y en su modo de transmisi\u00f3n. En concreto, los nueve pacientes diagnosticados son <strong>hombres que han mantenido relaciones sexuales con otros hombres<\/strong>. Estos presentaban <strong>cuadros cut\u00e1neos de car\u00e1cter leve<\/strong>, caracterizados por erupciones, p\u00e1pulas y n\u00f3dulos focalizados mayoritariamente en la zona de los genitales, los muslos o el \u00e1rea de la barba.<\/p>\n<p>El an\u00e1lisis pormenorizado de esta circunstancia m\u00e9dica ha quedado plasmado en un art\u00edculo cient\u00edfico encabezado por profesionales del <strong>Servicio de Microbiolog\u00eda<\/strong> y la Unidad de Infecciones de Transmisi\u00f3n Sexual (ITS) Drassanes, enmarcada en el Servicio de Enfermedades Infecciosas del Vall d&#8217;Hebron. La investigaci\u00f3n, que ha visto la luz a trav\u00e9s de la revista <a href=\"https:\/\/wwwnc.cdc.gov\/eid\/\" rel=\"nofollow noreferrer noopener\" target=\"_blank\">Emerging Infectious Diseases<\/a>, revela que existe un origen com\u00fan muy reciente, ya que las muestras gen\u00f3micas y microbiol\u00f3gicas apuntan a que los microorganismos identificados \u00aberan muy similares entre s\u00ed\u00bb.<\/p>\n<p>    Relacionado<\/p>\n<p>Ante estos resultados emp\u00edricos, los expertos manejan la hip\u00f3tesis de que se est\u00e9 produciendo un <strong>cambio en el patr\u00f3n de transmisi\u00f3n<\/strong> del pat\u00f3geno. Juan Jos\u00e9 Gonz\u00e1lez, adjunto del Servicio de Microbiolog\u00eda del complejo hospitalario catal\u00e1n, ha aclarado que los datos gen\u00e9ticos esbozan un linaje independiente dentro de la familia bacteriana. Esto \u00ab<strong>abre la posibilidad de que correspondan a una especie bacteriana a\u00fan no descrita<\/strong> y que podr\u00eda tener un comportamiento epidemiol\u00f3gico diferente del conocido hasta ahora\u00bb, ha indicado el especialista.<\/p>\n<p>Los autores del ensayo instan a los profesionales del \u00e1mbito sanitario a reconocer precozmente la afecci\u00f3n para agilizar su diagn\u00f3stico y tratamiento cl\u00ednico. De hecho, el Grupo de Estudio de Infecciones de Transmisi\u00f3n Sexual, integrado en la Sociedad Espa\u00f1ola de Enfermedades Infecciosas y Microbiolog\u00eda Cl\u00ednica, ha difundido un <strong>documento informativo<\/strong> detallando la sintomatolog\u00eda.<\/p>\n<p>Dicho informe subraya que esta variante bacteriana podr\u00eda estar emergiendo con capacidad para ser \u00ab<strong>transmisible en redes sexuales con alta exposici\u00f3n<\/strong>\u00ab. Lejos de reducirse a un fen\u00f3meno local delimitado a la capital catalana, los investigadores afirman que ya se han reportado <strong>nuevos casos de sintomatolog\u00eda compatible<\/strong> en diversas localidades del resto de Espa\u00f1a y de Europa.<\/p>\n","protected":false},"excerpt":{"rendered":"El Hospital Vall d&#8217;Hebron ha documentado nueve episodios de una patolog\u00eda dermatol\u00f3gica poco habitual en humanos. Se trata&hellip;\n","protected":false},"author":2,"featured_media":564823,"comment_status":"","ping_status":"","sticky":false,"template":"","format":"standard","meta":{"footnotes":""},"categories":[92],"tags":[2215,210,108638,108639,25,24,165,25997,166,23],"class_list":["post-564822","post","type-post","status-publish","format-standard","has-post-thumbnail","category-salud","tag-antibioticos","tag-barcelona","tag-dermatofilosis","tag-emerging-infectious-diseases","tag-es","tag-espana","tag-health","tag-hospital-vall-d","tag-salud","tag-spain"],"share_on_mastodon":{"url":"https:\/\/pubeurope.com\/@es\/116618928379031216","error":""},"_links":{"self":[{"href":"https:\/\/www.europesays.com\/es\/wp-json\/wp\/v2\/posts\/564822","targetHints":{"allow":["GET"]}}],"collection":[{"href":"https:\/\/www.europesays.com\/es\/wp-json\/wp\/v2\/posts"}],"about":[{"href":"https:\/\/www.europesays.com\/es\/wp-json\/wp\/v2\/types\/post"}],"author":[{"embeddable":true,"href":"https:\/\/www.europesays.com\/es\/wp-json\/wp\/v2\/users\/2"}],"replies":[{"embeddable":true,"href":"https:\/\/www.europesays.com\/es\/wp-json\/wp\/v2\/comments?post=564822"}],"version-history":[{"count":0,"href":"https:\/\/www.europesays.com\/es\/wp-json\/wp\/v2\/posts\/564822\/revisions"}],"wp:featuredmedia":[{"embeddable":true,"href":"https:\/\/www.europesays.com\/es\/wp-json\/wp\/v2\/media\/564823"}],"wp:attachment":[{"href":"https:\/\/www.europesays.com\/es\/wp-json\/wp\/v2\/media?parent=564822"}],"wp:term":[{"taxonomy":"category","embeddable":true,"href":"https:\/\/www.europesays.com\/es\/wp-json\/wp\/v2\/categories?post=564822"},{"taxonomy":"post_tag","embeddable":true,"href":"https:\/\/www.europesays.com\/es\/wp-json\/wp\/v2\/tags?post=564822"}],"curies":[{"name":"wp","href":"https:\/\/api.w.org\/{rel}","templated":true}]}}