{"id":564910,"date":"2026-05-22T16:28:20","date_gmt":"2026-05-22T16:28:20","guid":{"rendered":"https:\/\/www.europesays.com\/es\/564910\/"},"modified":"2026-05-22T16:28:20","modified_gmt":"2026-05-22T16:28:20","slug":"de-aitana-sanchez-gijon-a-maribel-verdu-los-reyes-cierran-mayo-con-las-medallas-de-oro-de-las-bellas-artes-la-lista-de-premiados-al-completo","status":"publish","type":"post","link":"https:\/\/www.europesays.com\/es\/564910\/","title":{"rendered":"De Aitana S\u00e1nchez\u2011Gij\u00f3n a Maribel Verd\u00fa, los Reyes cierran mayo con las Medallas de Oro de las Bellas Artes: la lista de premiados, al completo"},"content":{"rendered":"<p id=\"eHEqs8_x0J\" data-wc=\"123\">Se entregan el pr\u00f3ximo mi\u00e9rcoles 27 de mayo, pero ya sabemos que este a\u00f1o han sido distinguidas con la Medalla de Oro a las Bellas Artes 2024 <strong>38 personalidades e instituciones<\/strong> que han marcado una huella importante en la cultura y las artes de Espa\u00f1a. Entre los nombres que se han anunciado est\u00e1n la actrices<strong>\u00a0Aitana S\u00e1nchez-Gij\u00f3n, Maribel Verd\u00fa o el artista musical Jos\u00e9 Merc\u00e9<\/strong> (representantes de \u00e1mbitos muy distintos del espectro art\u00edstico) junto a otras figuras relevantes de la m\u00fasica, la interpretaci\u00f3n, las letras, la danza y las artes visuales. Seg\u00fan la convocatoria del Ministerio de Cultura, ser\u00e1n<strong>\u00a0los reyes Felipe y Letizia<\/strong> los que, un a\u00f1o m\u00e1s, entreguen tan destacado galard\u00f3n en el Teatro de Rojas, en la ciudad de Toledo.<\/p>\n<p> <img src=\"https:\/\/www.europesays.com\/es\/wp-content\/uploads\/2026\/05\/67a1639bfac3-gettyimages-2196365744.jpg\"   width=\"682\" height=\"1024\" loading=\"lazy\" decoding=\"async\" alt=\"Aitana S\u00e1nchez-Gij\u00f3n, en un acto en Madrid en enero de 2025\" fetchpriority=\"auto\" class=\"image ho-image\"\/>\u00a9 Getty ImagesAitana S\u00e1nchez-Gij\u00f3n, en un acto en Madrid en enero de 2025<\/p>\n<p id=\"eCzisGSki1\" data-wc=\"84\">Las Medallas de Oro al M\u00e9rito en las Bellas Artes son <strong>uno de los reconocimientos m\u00e1s prestigiosos a nivel cultural en Espa\u00f1a<\/strong>. Las otorga el Ministerio de Cultura para distinguir a personas, instituciones y entidades que han sobresalido en la creaci\u00f3n art\u00edstica, la difusi\u00f3n del arte o la conservaci\u00f3n del patrimonio cultural. Este tipo de medallas no solo reconocen trayectorias individuales, sino que sirven como bar\u00f3metro del impacto cultural y creativo del pa\u00eds, celebrando tanto voces consagradas como contribuciones amplias al tejido cultural espa\u00f1ol.<\/p>\n<p> <img src=\"https:\/\/www.europesays.com\/es\/wp-content\/uploads\/2026\/05\/2194da9de1c6-gettyimages-1130497714.jpg\"   width=\"1024\" height=\"682\" loading=\"lazy\" decoding=\"async\" alt=\"Maria Luisa Merlo recibe la Medalla de Oro de las Bellas Artes en 2018 de manos de los Reyes\" fetchpriority=\"auto\" class=\"image ho-image\"\/>\u00a9 Getty ImagesMaria Luisa Merlo recibe la Medalla de Oro de las Bellas Artes en 2018 de manos de los Reyes<\/p>\n<p id=\"ePcGWoI3LdA\" data-wc=\"44\">Don Felipe y Do\u00f1a Letizia entregar\u00e1n estos galardones a las personas e instituciones del mundo de la cultura distinguidas con las Medallas de Oro al M\u00e9rito en las Bellas que, en su edici\u00f3n de 2024, han reconocido a 38 personalidades en las siguientes categor\u00edas.<\/p>\n<p>Cine y teatro<\/p>\n<p id=\"eHT5eVYpwE\" data-wc=\"74\">Han sido distinguidas las actrices Maribel Verd\u00fa, Aitana S\u00e1nchez-Gij\u00f3n y Carmen Machi; el actor Eduard Fern\u00e1ndez; el actor y director teatral Josep Mar\u00eda Pou; la directora y productora cinematogr\u00e1fica Chelo Loureiro Vilarelle; el director, guionista y productor cinematogr\u00e1fico Pere Portabella; la supervisora de efectos visuales Laura Pedro Albiol; la dramaturga, directora de escena, bailarina, actriz y poeta visual Ana Vall\u00e9s; y el director, dramaturgo y gestor cultural Luis Guillermo Heras Toledo, a t\u00edtulo p\u00f3stumo.<\/p>\n<p> <img src=\"https:\/\/www.europesays.com\/es\/wp-content\/uploads\/2026\/05\/6cab5d32077b-gettyimages-71067061.jpg\"   width=\"693\" height=\"1024\" loading=\"lazy\" decoding=\"async\" alt=\"Maribel Verd\u00fa en el estreno en Cannes de El laberinto del fauno\" fetchpriority=\"auto\" class=\"image ho-image\"\/>\u00a9 Getty ImagesMaribel Verd\u00fa en el estreno en Cannes de El laberinto del fauno<br \/>\nM\u00fasica<\/p>\n<p id=\"e_9gKFSFZ_\" data-wc=\"44\">han sido galardonados el cantaor flamenco Jos\u00e9 Merc\u00e9; el cantante y compositor Robe Iniesta; el grupo musical Camela; el grupo musical Los Planetas; el cantante y compositor Kase.O; el cantante de \u00f3pera Carlos Chausson Gracia; y el representante musical Jos\u00e9 Emilio Navarro Vi\u00f1a &#8216;Berry&#8217;.\u00a0<\/p>\n<p> <img src=\"https:\/\/www.europesays.com\/es\/wp-content\/uploads\/2026\/05\/d4dfa5567066-jose-merce1-z.jpg\"   width=\"1006\" height=\"1024\" loading=\"lazy\" decoding=\"async\" alt=\"jose merce1\" fetchpriority=\"auto\" class=\"image ho-image\"\/>\u00a9 Push PlayJos\u00e9 Merc\u00e9<br \/>\nArtes esc\u00e9nicas\u00a0<\/p>\n<p id=\"e9WXRcAhHK\" data-wc=\"18\">A la bailarina y core\u00f3grafa M\u00f3nica Rodr\u00edguez Runde; y al Centro de las Artes del Circo Rogelio Rivel.<\/p>\n<p>Literatura y publicaciones<\/p>\n<p id=\"ekn9xTaq-l\" data-wc=\"32\">Al poeta y escritor Bernardo Atxaga; la escritora y periodista Elvira Lindo; las poetas y escritoras Ant\u00f2nia Vicens, Eva Baltasar y Angelina Mu\u00f1iz-Huberman; el sal\u00f3n Manga Barcelona; y la revista infantil \u2018Camacuc\u2019.\u00a0<\/p>\n<p>Artes visuales y patrimonio<\/p>\n<p id=\"eW_VKlxzpW\" data-wc=\"36\">La artista interdisciplinar Sandra Gamarra; la fot\u00f3grafa y artista pl\u00e1stica Cristina de Middel; el arquitecto experto en patrimonio cultural \u00c1ngel Luis de Sousa Seibane; el colectivo art\u00edstico Cabello\/Carceller; Segundo Castro Olmo, miembro del Colectivo Estampa Popular.\u00a0<\/p>\n<p>Otras personalidades y entidades<\/p>\n<p id=\"eIUs1GZeeJ\" data-wc=\"50\">Adem\u00e1s, han recibido la distinci\u00f3n la c\u00f3mica y presentadora Eva Hache; la dise\u00f1adora de moda Juana Mart\u00edn; la gestora cultural Encarna Lago Gonz\u00e1lez; los expertos en derechos culturales Alfons Martinell Sempere y Jes\u00fas Prieto de Pedro; el Colectivo Ll\u00e1malo H; y la Fundaci\u00f3n Voces para la Conciencia y el Desarrollo.<\/p>\n<p> <img src=\"https:\/\/www.europesays.com\/es\/wp-content\/uploads\/2026\/05\/60d0b1931396-eva-hache1-a.jpg\"   width=\"1024\" height=\"680\" loading=\"lazy\" decoding=\"async\" alt=\"eva hache1\" fetchpriority=\"auto\" class=\"image ho-image\"\/>Eva Hache<\/p>\n<p id=\"ebwJVZXL_C\" data-wc=\"45\">En el acto, presidido por SS.MM. los Reyes, intervendr\u00e1n el ministro de Cultura, el presidente de la Junta de Comunidades de Castilla-La Mancha, el alcalde de Toledo y uno de los galardonados, y contar\u00e1 con la presencia de destacadas personalidades del mundo de la cultura.<\/p>\n","protected":false},"excerpt":{"rendered":"Se entregan el pr\u00f3ximo mi\u00e9rcoles 27 de mayo, pero ya sabemos que este a\u00f1o han sido distinguidas con&hellip;\n","protected":false},"author":2,"featured_media":564911,"comment_status":"","ping_status":"","sticky":false,"template":"","format":"standard","meta":{"footnotes":""},"categories":[174],"tags":[517,5520,16971,18410,255,146,147,25,24,256,13517,1027,11362,8140,23],"class_list":["post-564910","post","type-post","status-publish","format-standard","has-post-thumbnail","category-famosos","tag-actualidad","tag-aitana-sanchez-gijon","tag-camela","tag-carmen-machi","tag-celebrities","tag-entertainment","tag-entretenimiento","tag-es","tag-espana","tag-famosos","tag-maribel-verdu","tag-realeza","tag-reina-letizia","tag-rey-felipe-vi","tag-spain"],"share_on_mastodon":{"url":"https:\/\/pubeurope.com\/@es\/116619176887803988","error":""},"_links":{"self":[{"href":"https:\/\/www.europesays.com\/es\/wp-json\/wp\/v2\/posts\/564910","targetHints":{"allow":["GET"]}}],"collection":[{"href":"https:\/\/www.europesays.com\/es\/wp-json\/wp\/v2\/posts"}],"about":[{"href":"https:\/\/www.europesays.com\/es\/wp-json\/wp\/v2\/types\/post"}],"author":[{"embeddable":true,"href":"https:\/\/www.europesays.com\/es\/wp-json\/wp\/v2\/users\/2"}],"replies":[{"embeddable":true,"href":"https:\/\/www.europesays.com\/es\/wp-json\/wp\/v2\/comments?post=564910"}],"version-history":[{"count":0,"href":"https:\/\/www.europesays.com\/es\/wp-json\/wp\/v2\/posts\/564910\/revisions"}],"wp:featuredmedia":[{"embeddable":true,"href":"https:\/\/www.europesays.com\/es\/wp-json\/wp\/v2\/media\/564911"}],"wp:attachment":[{"href":"https:\/\/www.europesays.com\/es\/wp-json\/wp\/v2\/media?parent=564910"}],"wp:term":[{"taxonomy":"category","embeddable":true,"href":"https:\/\/www.europesays.com\/es\/wp-json\/wp\/v2\/categories?post=564910"},{"taxonomy":"post_tag","embeddable":true,"href":"https:\/\/www.europesays.com\/es\/wp-json\/wp\/v2\/tags?post=564910"}],"curies":[{"name":"wp","href":"https:\/\/api.w.org\/{rel}","templated":true}]}}