{"id":565368,"date":"2026-05-22T22:06:19","date_gmt":"2026-05-22T22:06:19","guid":{"rendered":"https:\/\/www.europesays.com\/es\/565368\/"},"modified":"2026-05-22T22:06:19","modified_gmt":"2026-05-22T22:06:19","slug":"rafa-latorre-dirigira-el-tramo-informativo-de-las-mananas-de-onda-cero-y-carlos-alsina-el-magazine","status":"publish","type":"post","link":"https:\/\/www.europesays.com\/es\/565368\/","title":{"rendered":"Rafa Latorre dirigir\u00e1 el tramo informativo de las ma\u00f1anas de Onda Cero y Carlos Alsina, el magazine"},"content":{"rendered":"<p class=\"article-text\">\n        Los periodistas Rafa Latorre y Carlos Alsina liderar\u00e1n las ma\u00f1anas de la emisora de radio Onda Cero a partir de la pr\u00f3xima temporada, seg\u00fan han informado a EFE fuentes cercanas a la cadena, que apuesta as\u00ed por el talento interno para el programa &#8216;M\u00e1s de uno&#8217;.\n    <\/p>\n<p class=\"article-text\">\n        Latorre (45) se har\u00e1 cargo del tramo informativo, a primera hora de la ma\u00f1ana, y Alsina (56) pasa a liderar la segunda parte del programa, dedicada al contenido de magac\u00edn, tras haber dirigido y presentado en solitario &#8216;M\u00e1s de uno&#8217; los \u00faltimos a\u00f1os.\n    <\/p>\n<p class=\"article-text\">\n        Las citadas fuentes han puesto en valor a estos profesionales, al recordar que Alsina ha logrado r\u00e9cord de audiencia en siete de los \u00faltimos nueve Estudios General de Medios (EGM), mientras que Latorre ha conseguido los mejores resultados hist\u00f3ricos de &#8216;La Br\u00fajula&#8217;, el programa nocturno que presenta actualmente.\n    <\/p>\n<p class=\"article-text\">\n        La decisi\u00f3n se iba a hacer p\u00fablica a principios de la pr\u00f3xima semana, seg\u00fan las mismas fuentes cercanas a la cadena.\n    <\/p>\n<p class=\"article-text\">\n        &#8216;M\u00e1s de uno&#8217; se emite de lunes a viernes de seis de la ma\u00f1ana hasta las 12:30 horas, mientras que &#8216;La Br\u00fajula&#8217; est\u00e1 en directo de 19:00 a 23:30 horas.\n    <\/p>\n<p>    <a href=\"https:\/\/www.eldiario.es\/sociedad\/angels-barcelo-abandona-cadena-21-anos-emisora_1_13242865.html\" data-mrf-recirculation=\"saber-mas-abajo\" data-dl-event=\"saber-mas-abajo\" rel=\"nofollow noopener\" target=\"_blank\"><\/p>\n<p class=\"know-more__title\">\u00c0ngels Barcel\u00f3 abandona la Cadena SER tras 21 a\u00f1os en la emisora\n<\/p>\n<p>            <img decoding=\"async\" class=\"lazy\" loading=\"lazy\" data-src=\"https:\/\/static.eldiario.es\/clip\/829e45e5-e502-491a-b34d-12c15152274f_16-9-aspect-ratio_default_0_x520y334.jpg\" src=\"data:image\/svg+xml,%3Csvg xmlns=\" http:=\"\" viewbox=\"0 0 880 495\" alt=\"\u00c0ngels Barcel\u00f3 abandona la Cadena SER tras 21 a\u00f1os en la emisora\"\/><\/p>\n<p>                        <\/a><\/p>\n<p class=\"article-text\">\n        Alsina (Madrid, 1969) es licenciado en Periodismo por la Universidad Complutense de Madrid, mientras que Rafa de la Torre naci\u00f3 en 1981 en Pontevedra, donde inici\u00f3 su carrera profesional.\n    <\/p>\n","protected":false},"excerpt":{"rendered":"Los periodistas Rafa Latorre y Carlos Alsina liderar\u00e1n las ma\u00f1anas de la emisora de radio Onda Cero a&hellip;\n","protected":false},"author":2,"featured_media":565369,"comment_status":"","ping_status":"","sticky":false,"template":"","format":"standard","meta":{"footnotes":""},"categories":[5],"tags":[108696,17,18,415,3145,25,24,13,14,11,19,20,23125,42612,20211,9,10,15,16,3144,3850,12830,23,1152,12,21,22],"class_list":["post-565368","post","type-post","status-publish","format-standard","has-post-thumbnail","category-titulares","tag-alsina","tag-breaking-news","tag-breakingnews","tag-carlos","tag-cero","tag-es","tag-espana","tag-featured-news","tag-featurednews","tag-headlines","tag-latest-news","tag-latestnews","tag-latorre","tag-liderara","tag-mananas","tag-news","tag-noticias","tag-noticias-destacadas","tag-noticiasdestacadas","tag-onda","tag-proxima","tag-rafa","tag-spain","tag-temporada","tag-titulares","tag-ultimas-noticias","tag-ultimasnoticias"],"share_on_mastodon":{"url":"https:\/\/pubeurope.com\/@es\/116620504971051820","error":""},"_links":{"self":[{"href":"https:\/\/www.europesays.com\/es\/wp-json\/wp\/v2\/posts\/565368","targetHints":{"allow":["GET"]}}],"collection":[{"href":"https:\/\/www.europesays.com\/es\/wp-json\/wp\/v2\/posts"}],"about":[{"href":"https:\/\/www.europesays.com\/es\/wp-json\/wp\/v2\/types\/post"}],"author":[{"embeddable":true,"href":"https:\/\/www.europesays.com\/es\/wp-json\/wp\/v2\/users\/2"}],"replies":[{"embeddable":true,"href":"https:\/\/www.europesays.com\/es\/wp-json\/wp\/v2\/comments?post=565368"}],"version-history":[{"count":0,"href":"https:\/\/www.europesays.com\/es\/wp-json\/wp\/v2\/posts\/565368\/revisions"}],"wp:featuredmedia":[{"embeddable":true,"href":"https:\/\/www.europesays.com\/es\/wp-json\/wp\/v2\/media\/565369"}],"wp:attachment":[{"href":"https:\/\/www.europesays.com\/es\/wp-json\/wp\/v2\/media?parent=565368"}],"wp:term":[{"taxonomy":"category","embeddable":true,"href":"https:\/\/www.europesays.com\/es\/wp-json\/wp\/v2\/categories?post=565368"},{"taxonomy":"post_tag","embeddable":true,"href":"https:\/\/www.europesays.com\/es\/wp-json\/wp\/v2\/tags?post=565368"}],"curies":[{"name":"wp","href":"https:\/\/api.w.org\/{rel}","templated":true}]}}