{"id":56553,"date":"2025-08-18T21:31:08","date_gmt":"2025-08-18T21:31:08","guid":{"rendered":"https:\/\/www.europesays.com\/es\/56553\/"},"modified":"2025-08-18T21:31:08","modified_gmt":"2025-08-18T21:31:08","slug":"marcos-giralt-nieto-de-torrente-ballester-presenta-los-ilusionistas-en-ferrol","status":"publish","type":"post","link":"https:\/\/www.europesays.com\/es\/56553\/","title":{"rendered":"Marcos Giralt, nieto de Torrente Ballester, presenta \u00abLos ilusionistas\u00bb en Ferrol"},"content":{"rendered":"<p>\t\t\t\t\t\tEn el acto conversar\u00e1 con Vicente Araguas<br \/>\n\t\t\t\t\t\t\t\t\t\t\t\t<strong>18 ago 2025<\/strong> . Actualizado a las 22:27 h.\t\t\t\t\t\t<\/p>\n<p class=\"first-paragraph txt\">El escritor Marcos Giralt Torrente, nieto del autor de la trilog\u00eda Los gozos y las sombras, <a href=\"https:\/\/www.lavozdegalicia.es\/temas\/gonzalo-torrente-ballester\" rel=\"nofollow noopener\" target=\"_blank\">Gonzalo Torrente Ballester<\/a>, presentar\u00e1 en Ferrol su nuevo libro, Los ilusionistas. Ser\u00e1 el lunes, d\u00eda 25, a las 19 horas, en la central Librera Dolores. Y Giralt Torrente presentar\u00e1 este nuevo libro suyo en conversaci\u00f3n con el escritor, natural de Xuvia (<a href=\"https:\/\/www.lavozdegalicia.es\/temas\/neda\" rel=\"nofollow noopener\" target=\"_blank\">Neda<\/a>), Vicente Araguas.<\/p>\n<p class=\"txt\">A su condici\u00f3n de creador en el \u00e1mbito literario (narrador, poeta&#8230;), Araguas une el hecho de ser un prestigioso cr\u00edtico literario. De ah\u00ed que, sin duda, su di\u00e1logo con Giralt Torrente permitir\u00e1 descubrir, sin duda, nuevos aspectos de la obra del nieto de Gonzalo Torrente Ballester.<\/p>\n<p class=\"txt\">Giralt Torrente es un autor que, libro tras libro, ha ido ganando un s\u00f3lido prestigio en el \u00e1mbito de la literatura espa\u00f1ola. Un escritor que, dirigiendo su mirada hacia sus propias experiencias vitales, se ha adentrado, de forma decidida, en la esencia del alma humana.<\/p>\n<p class=\"ladillo\"><strong>\u00abO primo Basilio&#8230;\u00bb<\/strong><\/p>\n<p class=\"txt\">Por otra parte, la Central Librera Dolores acoge este martes, a las 19 horas, la presentaci\u00f3n del libro de Vicente Araguas O primo Basilio volveu a Lisboa. El acto comenzar\u00e1 a las 19 horas, y en \u00e9l Araguas estar\u00e1 acompa\u00f1ado por el tambi\u00e9n escritor y cr\u00edtico literario ferrolano Henrique Dacosta, que como creador cultiva, especialmente, el mundo de la narrativa<\/p>\n<p>&#13;<br \/>\n\tArchivado en:&#13;<br \/>\n\t\t\t\t\t<a href=\"https:\/\/www.lavozdegalicia.es\/temas\/ferrol-ciudad\/\" target=\"_blank\" class=\"mg-l\" rel=\"nofollow noopener\">Ferrol ciudad<\/a>&#13;<br \/>\n\t\t\t\t\t<a href=\"https:\/\/www.lavozdegalicia.es\/temas\/gonzalo-torrente-ballester\/\" target=\"_blank\" class=\"mg-l\" rel=\"nofollow noopener\">Gonzalo Torrente Ballester<\/a>&#13;<br \/>\n\t\t\t\t\t<a href=\"https:\/\/www.lavozdegalicia.es\/temas\/libros\/\" target=\"_blank\" class=\"mg-l\" rel=\"nofollow noopener\">Libros<\/a>&#13;<br \/>\n\t\t\t\t\t<a href=\"https:\/\/www.lavozdegalicia.es\/temas\/neda\/\" target=\"_blank\" class=\"mg-l\" rel=\"nofollow noopener\">Neda<\/a>&#13;<br \/>\n\t\t\t\t\t<a href=\"https:\/\/www.lavozdegalicia.es\/temas\/portugal\/\" target=\"_blank\" class=\"mg-l\" rel=\"nofollow noopener\">Portugal<\/a>&#13;<br \/>\n\t&#13;<\/p>\n","protected":false},"excerpt":{"rendered":"En el acto conversar\u00e1 con Vicente Araguas 18 ago 2025 . Actualizado a las 22:27 h. El escritor&hellip;\n","protected":false},"author":2,"featured_media":56554,"comment_status":"","ping_status":"","sticky":false,"template":"","format":"standard","meta":{"footnotes":""},"categories":[172],"tags":[224,146,147,25,24,7859,24268,225,24269,1462,23],"class_list":{"0":"post-56553","1":"post","2":"type-post","3":"status-publish","4":"format-standard","5":"has-post-thumbnail","7":"category-libros","8":"tag-books","9":"tag-entertainment","10":"tag-entretenimiento","11":"tag-es","12":"tag-espana","13":"tag-ferrol-ciudad","14":"tag-gonzalo-torrente-ballester","15":"tag-libros","16":"tag-neda","17":"tag-portugal","18":"tag-spain"},"share_on_mastodon":{"url":"","error":""},"_links":{"self":[{"href":"https:\/\/www.europesays.com\/es\/wp-json\/wp\/v2\/posts\/56553","targetHints":{"allow":["GET"]}}],"collection":[{"href":"https:\/\/www.europesays.com\/es\/wp-json\/wp\/v2\/posts"}],"about":[{"href":"https:\/\/www.europesays.com\/es\/wp-json\/wp\/v2\/types\/post"}],"author":[{"embeddable":true,"href":"https:\/\/www.europesays.com\/es\/wp-json\/wp\/v2\/users\/2"}],"replies":[{"embeddable":true,"href":"https:\/\/www.europesays.com\/es\/wp-json\/wp\/v2\/comments?post=56553"}],"version-history":[{"count":0,"href":"https:\/\/www.europesays.com\/es\/wp-json\/wp\/v2\/posts\/56553\/revisions"}],"wp:featuredmedia":[{"embeddable":true,"href":"https:\/\/www.europesays.com\/es\/wp-json\/wp\/v2\/media\/56554"}],"wp:attachment":[{"href":"https:\/\/www.europesays.com\/es\/wp-json\/wp\/v2\/media?parent=56553"}],"wp:term":[{"taxonomy":"category","embeddable":true,"href":"https:\/\/www.europesays.com\/es\/wp-json\/wp\/v2\/categories?post=56553"},{"taxonomy":"post_tag","embeddable":true,"href":"https:\/\/www.europesays.com\/es\/wp-json\/wp\/v2\/tags?post=56553"}],"curies":[{"name":"wp","href":"https:\/\/api.w.org\/{rel}","templated":true}]}}