{"id":566274,"date":"2026-05-23T11:47:12","date_gmt":"2026-05-23T11:47:12","guid":{"rendered":"https:\/\/www.europesays.com\/es\/566274\/"},"modified":"2026-05-23T11:47:12","modified_gmt":"2026-05-23T11:47:12","slug":"autobuses-urbanos-gratuitos-por-primera-vez-para-la-feria-de-alcala","status":"publish","type":"post","link":"https:\/\/www.europesays.com\/es\/566274\/","title":{"rendered":"Autobuses urbanos gratuitos por primera vez para la Feria de Alcal\u00e1"},"content":{"rendered":"<p>Todos los servicios de autob\u00fas para la Feria de Alcal\u00e1 de Guada\u00edra ser\u00e1n gratuitos por primera vez para toda la poblaci\u00f3n. As\u00ed se ha aprobado este viernes con la adjudicaci\u00f3n del servicio de transporte urbano para la Feria en la Junta de Gobierno Local. Adem\u00e1s, se aumentan considerablemente las plazas y se triplica la frecuencia de paso de los veh\u00edculos que conectan las barriadas con el recinto ferial reduciendo las esperas. Igualmente, se mantiene tambi\u00e9n el servicio de lanzaderas desde el P2.<\/p>\n<p>As\u00ed lo ha explicado el titular municipal de movilidad, David Delgado, quien ha especificado que las l\u00edneas urbanas desde los distritos al recinto ferial son nuevas este a\u00f1o. Se han dispuesto 3 l\u00edneas: Norte, Sur y Centro-Oeste y todas tendr\u00e1n una frecuencia de paso de 15 minutos, cuando el a\u00f1o pasado estaba en 45 minutos.<\/p>\n<p><img decoding=\"async\" src=\"https:\/\/www.europesays.com\/es\/wp-content\/uploads\/2026\/05\/9583-jgl-22-mayo-2026-2.jpg\"\/><\/p>\n<p>Asimismo, se ha aumentado considerablemente el n\u00famero de plazas de estos servicios porque las l\u00edneas Norte y Sur se desarrollar\u00e1n con veh\u00edculos de 55 plazas en lugar de 35. Estos veh\u00edculos m\u00e1s peque\u00f1os se mantienen en la l\u00ednea Centro-Oeste debido a que la estrechez de determinadas calles impide la circulaci\u00f3n de los de mayor envergadura.<\/p>\n<p>El Ayuntamiento est\u00e1 preparando una campa\u00f1a de informaci\u00f3n sobre las l\u00edneas y paradas que comenzar\u00e1 a difundirse la pr\u00f3xima semana para informar con antelaci\u00f3n debidamente a la poblaci\u00f3n.<\/p>\n<p>El servicio que se mantiene en los mismos t\u00e9rminos del a\u00f1o anterior, gratuito y con recorrido circular continuo, por su buena acogida y funcionamiento en los a\u00f1os anteriores, son los autobuses lanzaderas desde el P2 hasta las inmediaciones de la portada.\u00a0 Este aparcamiento se encuentra al final de la Avenida Tren de los Panaderos (cerca del CEIP Cercadillos), y las lanzaderas gratuitas trasladan a los usuarios hasta la rotonda entre las calles Arriero y \u00c1lamo.\u00a0<\/p>\n","protected":false},"excerpt":{"rendered":"Todos los servicios de autob\u00fas para la Feria de Alcal\u00e1 de Guada\u00edra ser\u00e1n gratuitos por primera vez para&hellip;\n","protected":false},"author":2,"featured_media":566275,"comment_status":"","ping_status":"","sticky":false,"template":"","format":"standard","meta":{"footnotes":""},"categories":[8],"tags":[24471,24470,24478,24469,1250,17,18,777,209,24474,168,24489,2026,24491,24480,25,24,13,14,24488,24487,24490,24492,24473,11,2178,3624,15235,891,6850,19,20,6688,24483,24054,24497,4044,24493,9,10,15,16,24477,24482,24415,24472,12365,24496,1922,24485,24481,24479,24475,24484,19497,24486,1171,23,24494,12,24476,4664,21,22,24495],"class_list":["post-566274","post","type-post","status-publish","format-standard","has-post-thumbnail","category-espana","tag-accesibilidad","tag-administracion-electronica","tag-agenda-de-actividades","tag-alcala-de-guadaira","tag-ayuntamiento","tag-breaking-news","tag-breakingnews","tag-ciudad","tag-cultura","tag-datos-abiertos","tag-deportes","tag-desarrollo-economico","tag-educacion","tag-edusi","tag-equipamientos","tag-es","tag-espana","tag-featured-news","tag-featurednews","tag-feria-de-alcala","tag-fiestas-mayores","tag-formacion-y-empleo","tag-gestion-tributaria","tag-gobierno-abierto","tag-headlines","tag-igualdad","tag-infancia","tag-infraestructura","tag-inmigrantes","tag-juventud","tag-latest-news","tag-latestnews","tag-medio-ambiente","tag-molinos","tag-movilidad-urbana","tag-movilidad-y-transporte","tag-mujeres","tag-museo-de-alcala","tag-news","tag-noticias","tag-noticias-destacadas","tag-noticiasdestacadas","tag-oferta-de-empleo","tag-oromana","tag-participacion-ciudadana","tag-personas-con-discapacidad","tag-personas-mayores","tag-punto-limpio","tag-redes-sociales","tag-secretaria","tag-sede-electronica","tag-servicio-de-quejas-y-sugerencias","tag-servicios-destacados","tag-servicios-municipales","tag-servicios-sociales","tag-servicios-urbanos","tag-sevilla","tag-spain","tag-teatro-auditorio-riberas-del-guadaira","tag-titulares","tag-tramites-y-servicios","tag-turismo","tag-ultimas-noticias","tag-ultimasnoticias","tag-universidad-popular"],"share_on_mastodon":{"url":"","error":"Validation failed: Text character limit of 500 exceeded"},"_links":{"self":[{"href":"https:\/\/www.europesays.com\/es\/wp-json\/wp\/v2\/posts\/566274","targetHints":{"allow":["GET"]}}],"collection":[{"href":"https:\/\/www.europesays.com\/es\/wp-json\/wp\/v2\/posts"}],"about":[{"href":"https:\/\/www.europesays.com\/es\/wp-json\/wp\/v2\/types\/post"}],"author":[{"embeddable":true,"href":"https:\/\/www.europesays.com\/es\/wp-json\/wp\/v2\/users\/2"}],"replies":[{"embeddable":true,"href":"https:\/\/www.europesays.com\/es\/wp-json\/wp\/v2\/comments?post=566274"}],"version-history":[{"count":0,"href":"https:\/\/www.europesays.com\/es\/wp-json\/wp\/v2\/posts\/566274\/revisions"}],"wp:featuredmedia":[{"embeddable":true,"href":"https:\/\/www.europesays.com\/es\/wp-json\/wp\/v2\/media\/566275"}],"wp:attachment":[{"href":"https:\/\/www.europesays.com\/es\/wp-json\/wp\/v2\/media?parent=566274"}],"wp:term":[{"taxonomy":"category","embeddable":true,"href":"https:\/\/www.europesays.com\/es\/wp-json\/wp\/v2\/categories?post=566274"},{"taxonomy":"post_tag","embeddable":true,"href":"https:\/\/www.europesays.com\/es\/wp-json\/wp\/v2\/tags?post=566274"}],"curies":[{"name":"wp","href":"https:\/\/api.w.org\/{rel}","templated":true}]}}