{"id":56628,"date":"2025-08-18T22:22:08","date_gmt":"2025-08-18T22:22:08","guid":{"rendered":"https:\/\/www.europesays.com\/es\/56628\/"},"modified":"2025-08-18T22:22:08","modified_gmt":"2025-08-18T22:22:08","slug":"canarias-notifica-este-ano-solo-dos-casos-de-sarampion-frente-a-los-326-del-resto-del-pais","status":"publish","type":"post","link":"https:\/\/www.europesays.com\/es\/56628\/","title":{"rendered":"Canarias notifica este a\u00f1o solo dos casos de sarampi\u00f3n frente a los 326 del resto del pa\u00eds"},"content":{"rendered":"<p><a class=\"v-mdl-ath__fig-a\" href=\"https:\/\/www.canarias7.es\/autor\/carmen-delia-aranda-rodriguez-3370.html\" title=\"Carmen Delia Aranda Rodr\u00edguez\" rel=\"nofollow noopener\" target=\"_blank\"><br \/>\n<img decoding=\"async\" class=\"v-mdl-ath__img\" src=\"https:\/\/s2.ppllstatics.com\/comun\/img\/2014\/autor\/autor-3370-foto-1.jpeg\" alt=\"Carmen Delia Aranda Rodr\u00edguez\"\/><br \/>\n<\/a><\/p>\n<p class=\"v-mdl-ath__p v-mdl-ath__p--6\">\nMartes, 19 de agosto 2025, 02:00<\/p>\n<p class=\"v-p\">Espa\u00f1a ha registrado 328 casos de <strong>sarampi\u00f3n <\/strong>este a\u00f1o. En Canarias solo se han detectado dos infecciones entre los 28 cuadros sospechosos estudiados, seg\u00fan el<a href=\"https:\/\/cne.isciii.es\/documents\/d\/cne\/is_n-31-20250729_web\" rel=\"nofollow noopener\" target=\"_blank\" data-voc-vtm-id=\"in-text-traffic\" title=\" Informe Semanal de Vigilancia Epidemiol\u00f3gica \" data-mrf-link=\"cne.isciii.es\"> Informe Semanal de Vigilancia Epidemiol\u00f3gica <\/a>emitido por el Ministerio de Sanidad con datos recabados hasta el 27 de julio. <\/p>\n<p class=\"v-p\">En concreto, el sarampi\u00f3n se diagnostic\u00f3 en un menor procedente de Ruman\u00eda y en un contacto estrecho, precisa \u00c1lvaro Torres, responsable de la Unidad de Vigilancia Epidemiol\u00f3gica y Prevenci\u00f3n de la Direcci\u00f3n General de Salud P\u00fablica del Servicio Canario de la Salud (SCS). <\/p>\n<p class=\"v-p\"> \u00abCuando decimos que no hay sarampi\u00f3n en Canarias no es porque nos lo inventemos, sino que lo hemos buscado y no lo hemos encontrado\u00bb, se\u00f1al\u00f3 Torres en una entrevista telef\u00f3nica.<\/p>\n<p class=\"v-p\">Esta labor de investigaci\u00f3n se intensific\u00f3 tras la <a href=\"https:\/\/www3.gobiernodecanarias.org\/noticias\/sanidad-insiste-en-la-importancia-de-completar-la-pauta-vacunal-contra-el-sarampion-para-asegurar-la-inmunidad\/\" rel=\"nofollow noopener\" target=\"_blank\" data-voc-vtm-id=\"in-text-traffic\" title=\"campa\u00f1a informativa \" data-mrf-link=\"www3.gobiernodecanarias.org\">campa\u00f1a informativa <\/a>que incid\u00eda en la importancia de recibir las dos dosis de la vacuna incluidas en el calendario vacunal (a los 12 meses y a los tres a\u00f1os) y en la recomendaci\u00f3n de inmunizar a adolescentes, j\u00f3venes y adultos nacidos a partir de 1978 que no hubieran pasado la enfermedad y carecieran de un historial documentado de dos dosis de la triple v\u00edrica, que tambi\u00e9n protege contra la parotiditis y la rub\u00e9ola.<\/p>\n<p>Recordatorio sanitario<\/p>\n<p class=\"v-p\">El llamamiento puso en alerta al personal sanitario ante una <strong>enfermedad casi olvidada<\/strong>, pese a su alta contagiosidad, contenida gracias a la alta cobertura vacunal de la poblaci\u00f3n canaria. \u00abDesde esa campa\u00f1a han aumentado las sospechas. Lo que hicimos fue recordar la existencia del sarampi\u00f3n y la necesidad de descartarlo ante un cuadro febril con exantema (erupci\u00f3n cut\u00e1nea)\u00bb, indic\u00f3 Torres.<\/p>\n<p class=\"v-p\">En cuanto a la vacunaci\u00f3n en las islas, el jefe de Epidemiolog\u00eda se\u00f1al\u00f3 que alcanza el 95% en la primera dosis y el 89% en la segunda, cuando lo ideal es superar el 95% y el 90%, respectivamente. \u00abEstamos muy justitos en la cobertura de la primera dosis y un poco por debajo en la segunda\u00bb, subray\u00f3. En todo caso, asegur\u00f3 que el descenso en la segunda podr\u00eda deberse a la movilidad de la poblaci\u00f3n y a fallos en los registros.<\/p>\n<p>Proliferaci\u00f3n en pa\u00edses ricos y pobres<\/p>\n<p class=\"v-p\">Parad\u00f3jicamente, las deficiencias en la cobertura se deben tanto a la riqueza como a la pobreza. En los pa\u00edses pobres, sobre todo en \u00c1frica, la vacunaci\u00f3n es insuficiente porque carecen de medios para mantener la cadena de fr\u00edo (2 a 8\u00baC), necesaria para conservar el virus vivo de las vacunas durante su distribuci\u00f3n.<\/p>\n<p class=\"v-p\">En los pa\u00edses ricos, como Alemania o Italia, el sarampi\u00f3n ha reaparecido por la negativa de grupos antivacunas a inmunizar a sus hijos. \u00abEspa\u00f1a est\u00e1 bien, porque no hay un movimiento antivacunas fuerte. Empiezan a hacer ruido, pero no son muchos\u00bb, sostiene Torres.<\/p>\n<p>Los casos complejos de tuberculosis, un sobreesfuerzo para Salud P\u00fablica<\/p>\n<p class=\"v-p\">\nLa tuberculosis en Canarias est\u00e1 en niveles inferiores al resto del Estado, con unos 5 casos por cada 100.000 habitantes. Al a\u00f1o, las islas registran unos 130 diagn\u00f3sticos de una enfermedad que, a priori, no reviste especial complicaci\u00f3n porque se trata y cura sin mayor problema, explica el jefe de Vigilancia Epidemiol\u00f3gica y Prevenci\u00f3n de Salud P\u00fablica, \u00c1lvaro Torres. Sin embargo, advierte de que esta patolog\u00eda infecciosa se est\u00e1 convirtiendo en un quebradero de cabeza para su departamento.\n<\/p>\n<p class=\"v-p\">\n\u00abEstamos viendo cada vez con mayor frecuencia casos complejos. Est\u00e1n aumentando notablemente las situaciones donde se mezclan los problemas sanitarios y sociales\u00bb, se\u00f1ala Torres, quien aclara que estos casos de dif\u00edcil abordaje no corresponden a poblaci\u00f3n migrante. \u00abCuando una persona no quiere ir a un albergue o recurso alojativo, ni tomar el tratamiento que le damos a diario, entonces a veces hay que judicializar el tema e ingresarla en un hospital, aunque no lo requiera cl\u00ednicamente\u00bb, recalca Torres, quien cifra entre 15 y 20 los cuadros de tuberculosis de este tipo al a\u00f1o en Canarias.\n<\/p>\n<p class=\"v-p\">      Cada una de estas problem\u00e1ticas infecciones, se\u00f1ala el epidemi\u00f3logo, precisa un gran esfuerzo del personal de Salud P\u00fablica para tratarlas y detectar los posibles contactos estrechos.\n<\/p>\n<p>Comenta<\/p>\n<p>Reporta un error<\/p>\n","protected":false},"excerpt":{"rendered":"Martes, 19 de agosto 2025, 02:00 Espa\u00f1a ha registrado 328 casos de sarampi\u00f3n este a\u00f1o. En Canarias solo&hellip;\n","protected":false},"author":2,"featured_media":56629,"comment_status":"","ping_status":"","sticky":false,"template":"","format":"standard","meta":{"footnotes":""},"categories":[92],"tags":[24279,1611,1896,858,1563,25,24,3419,165,24278,698,10342,166,3829,1138,23],"class_list":{"0":"post-56628","1":"post","2":"type-post","3":"status-publish","4":"format-standard","5":"has-post-thumbnail","7":"category-salud","8":"tag-24279","9":"tag-ano","10":"tag-canarias","11":"tag-casos","12":"tag-dos","13":"tag-es","14":"tag-espana","15":"tag-frente","16":"tag-health","17":"tag-notifica","18":"tag-pais","19":"tag-resto","20":"tag-salud","21":"tag-sarampion","22":"tag-solo","23":"tag-spain"},"share_on_mastodon":{"url":"","error":""},"_links":{"self":[{"href":"https:\/\/www.europesays.com\/es\/wp-json\/wp\/v2\/posts\/56628","targetHints":{"allow":["GET"]}}],"collection":[{"href":"https:\/\/www.europesays.com\/es\/wp-json\/wp\/v2\/posts"}],"about":[{"href":"https:\/\/www.europesays.com\/es\/wp-json\/wp\/v2\/types\/post"}],"author":[{"embeddable":true,"href":"https:\/\/www.europesays.com\/es\/wp-json\/wp\/v2\/users\/2"}],"replies":[{"embeddable":true,"href":"https:\/\/www.europesays.com\/es\/wp-json\/wp\/v2\/comments?post=56628"}],"version-history":[{"count":0,"href":"https:\/\/www.europesays.com\/es\/wp-json\/wp\/v2\/posts\/56628\/revisions"}],"wp:featuredmedia":[{"embeddable":true,"href":"https:\/\/www.europesays.com\/es\/wp-json\/wp\/v2\/media\/56629"}],"wp:attachment":[{"href":"https:\/\/www.europesays.com\/es\/wp-json\/wp\/v2\/media?parent=56628"}],"wp:term":[{"taxonomy":"category","embeddable":true,"href":"https:\/\/www.europesays.com\/es\/wp-json\/wp\/v2\/categories?post=56628"},{"taxonomy":"post_tag","embeddable":true,"href":"https:\/\/www.europesays.com\/es\/wp-json\/wp\/v2\/tags?post=56628"}],"curies":[{"name":"wp","href":"https:\/\/api.w.org\/{rel}","templated":true}]}}