{"id":566313,"date":"2026-05-23T12:21:20","date_gmt":"2026-05-23T12:21:20","guid":{"rendered":"https:\/\/www.europesays.com\/es\/566313\/"},"modified":"2026-05-23T12:21:20","modified_gmt":"2026-05-23T12:21:20","slug":"la-vida-de-lujo-de-jonathan-andic-y-paula-nata-casa-en-uno-de-los-barrios-mas-exclusivos-y-veranos-en-formentera","status":"publish","type":"post","link":"https:\/\/www.europesays.com\/es\/566313\/","title":{"rendered":"La vida de lujo de Jonathan Andic y Paula Nata: casa en uno de los barrios m\u00e1s exclusivos y veranos en Formentera"},"content":{"rendered":"<p id=\"paragraph_1\">Las \u00faltimas conclusiones de la jueza, Raquel Nieto Galv\u00e1n, que investiga la muerte de Isak Andic, apuntan directamente a Jonathan, hijo del empresario, <strong>como sospechoso de homicidio<\/strong>.<\/p>\n<p class=\"paragraph\" id=\"paragraph_2\">En el auto judicial, la magistrada sostiene que la motivaci\u00f3n econ\u00f3mica habr\u00eda sido clave en el presunto crimen, describiendo al joven como una persona <strong>\u00abobsesionada con el dinero\u00bb<\/strong>. Un retrato que quiz\u00e1s encaja con el estilo de vida ostentoso que ha proyectado durante a\u00f1os.<\/p>\n<p class=\"paragraph\" id=\"paragraph_3\">Jonathan Andic creci\u00f3 en el seno de una de las familias empresariales m\u00e1s influyentes &#8211;<strong>su padre era uno de los hombres m\u00e1s ricos de Catalu\u00f1a<\/strong>-, rodeado de todas las comodidades del mundo desde una edad temprana.<\/p>\n<p><img loading=\"lazy\" decoding=\"async\" alt=\"WhatsApp Image 2026-05-21 at 16.12.28.jpeg\" height=\"180\" src=\"https:\/\/www.europesays.com\/es\/wp-content\/uploads\/2026\/05\/1003744254902_263069337_320x180.jpg\" width=\"320\" data-lazy-status=\"processed\" data-lazy-info=\"remove loading item 1\"\/><\/p>\n<p><img decoding=\"async\" alt=\"Paula Nata junto a su marido, Jonathan.\" data-imgm=\"true\" height=\"180\" loading=\"lazy\"  src=\"https:\/\/www.europesays.com\/es\/wp-content\/uploads\/2026\/05\/1003744256443_263089690_1024x576.jpg\"  width=\"320\"\/><\/p>\n<p>                                                            Paula Nata junto a su marido, Jonathan.<\/p>\n<p>                    RRSS<\/p>\n<p class=\"paragraph\" id=\"paragraph_4\">Su vida ha estado ligada siempre a <strong>residencias exclusivas, viajes de ensue\u00f1o <\/strong>y un acceso constante a c\u00edrculos de alto poder adquisitivo. La <strong>mansi\u00f3n familiar<\/strong>, situada en Esplugues de Llobregat, es una de las m\u00e1s impresionantes del mercado inmobiliario. Se encuentra muy cerca de la casa en la que viv\u00edan <strong>Shakira <\/strong>(49)<strong> <\/strong>y <strong>Piqu\u00e9<\/strong> (39) cuando eran una pareja feliz.<\/p>\n<p class=\"paragraph\" id=\"paragraph_5\">Ahora Jonathan vive junto a su mujer, Paula Nata, y su beb\u00e9 de ocho meses en<strong> Tur\u00f3 Park<\/strong>, seg\u00fan ha podido averiguar en exclusiva <a data-forcefollow=\"false\" data-sponsored=\"false\" href=\"https:\/\/www.elespanol.com\/?utm_cmp_rs=linksinline\" target=\"_blank\" rel=\"nofollow noopener\">EL ESPA\u00d1OL<\/a>. Situado en la parte alta de la ciudad, en el distrito de Sarri\u00e0-Sant Gervasi, se trata de <strong>uno de los barrios m\u00e1s exclusivos de la Ciudad Condal.<\/strong><\/p>\n<p><img decoding=\"async\" alt=\"La pareja en una fotograf\u00eda en blanco y negro.\" data-imgm=\"true\" height=\"854\" loading=\"lazy\"  src=\"https:\/\/www.europesays.com\/es\/wp-content\/uploads\/2026\/05\/1003744256445_263089023_1280x1706.jpg\"  width=\"640\"\/><\/p>\n<p>                                                            La pareja en una fotograf\u00eda en blanco y negro.<\/p>\n<p class=\"paragraph\" id=\"paragraph_6\">Seg\u00fan comentan a este medio, la zona combina tranquilidad, elegancia y una <strong>marcada sensaci\u00f3n de privacidad <\/strong>que lo convierte en uno de los lugares m\u00e1s deseados por quienes buscan vivir rodeados de lujo y discreci\u00f3n.<\/p>\n<p class=\"paragraph\" id=\"paragraph_7\">Hay una gran comunidad de rusos ultra ricos en el barrio y otros vecinos millonarios como<strong> Hansi Flick<\/strong> (61), entrenador del F. C. Barcelona, <strong>Danny Coster <\/strong>(77), viuda de Johan Cruyff, y el abogado y empresario, <strong>Javier de la Rosa <\/strong>(78).<\/p>\n<p class=\"paragraph\" id=\"paragraph_8\">El parque que da nombre al barrio aporta <strong>un pulm\u00f3n verde muy valorado <\/strong>por los residentes, y refuerza esa imagen de oasis urbano en plena ciudad. A ello se suma su excelente ubicaci\u00f3n, cerca de la Diagonal y perfectamente conectada con otras zonas claves de Barcelona, lo que lo convierte en un lugar <strong>ideal tanto para vivir como para invertir.<\/strong><\/p>\n<p><img decoding=\"async\" alt=\"WhatsApp Image 2026-05-22 at 16.09.19.jpeg\" height=\"180\" loading=\"lazy\" width=\"320\" data-lazy-status=\"processed\" id=\"6bc92b750f\" src=\"https:\/\/www.elespanol.com\/corazon\/famosos\/20260523\/vida-lujo-jonathan-andic-paula-nata-casa-barrios-exclusivos-veranos-formentera\/[\" https:=\"\" data-lazy-info=\"changed src\"\/><\/p>\n<p class=\"paragraph\" id=\"paragraph_9\">El hijo del fundador de Mango vive de alquiler, seg\u00fan el auto judicial, y aunque obviamente no se especifica la cuant\u00eda que paga, los alquileres en la zona se encuentran entre los 2.000 euros por una vivienda de 50 metros cuadrados <strong>hasta los m\u00e1s de 12.000 euros<\/strong> por una casa de 300 metros cuadrados.<\/p>\n<p>Vida de lujo en redes<\/p>\n<p class=\"paragraph\" id=\"paragraph_10\">Isak Andic fue un hombre que \u00abllevaba un nivel de vida acorde a su situaci\u00f3n econ\u00f3mica, pero<strong> sin ostentaci\u00f3n<\/strong>\u00ab, aseguran fuentes del entorno del empresario. \u00abEra un hombre disfrut\u00f3n, amaba la belleza de las cosas pero no era de esas personas que presum\u00edan\u00bb, explica la misma fuente.<\/p>\n<p class=\"paragraph\" id=\"paragraph_11\">\u00abPor ejemplo ten\u00eda una <strong>colecci\u00f3n de coches incre\u00edbles<\/strong>, pero eran casi todos vintage. Nunca le interesaron los veh\u00edculos m\u00e1s caros del mercado. Adem\u00e1s era extremadamente generoso\u00bb.<\/p>\n<p><img decoding=\"async\" alt=\"Un collage de fotos de la pareja.\" data-imgm=\"true\" height=\"854\" loading=\"lazy\"  src=\"https:\/\/www.europesays.com\/es\/wp-content\/uploads\/2026\/05\/1003744256446_263088928_1280x1706.jpg\"  width=\"640\"\/><\/p>\n<p>                                                            Un collage de fotos de la pareja.<\/p>\n<p class=\"paragraph\" id=\"paragraph_12\">Tanto que antes de su muerte Isak ten\u00eda la intenci\u00f3n de cambiar el testamento creando una fundaci\u00f3n para ayudar a las personas m\u00e1s necesitadas. De hecho, en el auto se explica que Jonathan \u00abten\u00eda tal obsesi\u00f3n por el dinero, h<strong>asta el punto de pedirle una herencia en vida a su padre, que se vio obligado a aceptar para continuar teniendo relaci\u00f3n con su hijo\u00bb.<\/strong><\/p>\n<p class=\"paragraph\" id=\"paragraph_13\">A diferencia del fundador del imperio textil, Jonathan y su esposa, Paula Nata, por su parte, s\u00ed <strong>presumen de una vida al alcance de muy pocos.<\/strong> Solo hace falta echar un vistazo a las redes sociales de la influencer donde sus im\u00e1genes son fiel reflejo de ello.<\/p>\n<p class=\"paragraph\" id=\"paragraph_14\">Viajes a <strong>Jap\u00f3n, Suiza, M\u00f3naco, Par\u00eds o Venecia <\/strong>son solo una peque\u00f1a muestra de los destinos que la pareja ha visitado. Y no como un turista m\u00e1s. En todas esas ciudades se han alojado en los lugares m\u00e1s exclusivos y m\u00e1s lujosos.<\/p>\n<p class=\"paragraph\" id=\"paragraph_15\">Por ejemplo, en un viaje a Alemania se hospedaron en el incre\u00edble balneario de <strong>Lanserhof Sylt,<\/strong> cuyos programas personalizados implican una cuant\u00eda m\u00ednima de 7.000 euros por persona.<\/p>\n<p><img decoding=\"async\" alt=\"La modelo posando en una imagen de sus redes.\" data-imgm=\"true\" height=\"1152\" loading=\"lazy\"  src=\"https:\/\/www.europesays.com\/es\/wp-content\/uploads\/2026\/05\/1003744256448_263088964_960x1706.jpg\"  width=\"648\"\/><\/p>\n<p>                                                            La modelo posando en una imagen de sus redes.<\/p>\n<p class=\"paragraph\" id=\"paragraph_16\">Tambi\u00e9n muestran en Instagram su estancia en el <strong>H\u00f4tel du Cap-Eden-Roc<\/strong> en la Costa Azul, famoso por ser el refugio de <strong>reyes, pol\u00edticos, estrellas de cine y celebridades<\/strong> de todo el mundo. Su precio es extremadamente elevado: desde los m\u00e1s de 3.000 euros por noche en una habitaci\u00f3n normal hasta los 50.000 euros por d\u00eda de sus villas.<\/p>\n<p class=\"paragraph\" id=\"paragraph_17\">Una de las pasiones del matrimonio es el mar. Habitual es verles<strong> en Formentera<\/strong>, donde suelen veranear en la mansi\u00f3n de Isak Andic en Punta Gavina. Una casa, que por cierto, se convirti\u00f3 en protagonista y fue objeto de titulares cuando en el 2018 el Partido Popular en el Consell de Formentera exigi\u00f3 explicaciones al equipo de Gobierno en aquel momento para esclarecer \u00absi ha habido trato de favor al presidente de Mango por la construcci\u00f3n de una vivienda suya en una zona protegida de la isla\u00bb.<\/p>\n<p class=\"paragraph\" id=\"paragraph_18\">En la isla balear, Jon -como le llaman sus \u00edntimos- y Paula salen a navegar en el <strong>Nirvana Formentera<\/strong>, el velero del fundador de Mango que ostenta el t\u00edtulo de ser el<strong> velero privado m\u00e1s grande con bandera espa\u00f1ola. <\/strong>En \u00e9l Isak Andic dio dos veces la vuelta al mundo. Est\u00e1 valorado en<strong> 30 millones de euros <\/strong>y, seg\u00fan dicen, es una obra maestra de la ingenier\u00eda.<\/p>\n<p><img decoding=\"async\" alt=\"Ilustraci\u00f3n de Isak Andic y su hijo Jonathan durante el paseo por el sendero de Les figueretes\" height=\"180\" loading=\"lazy\" width=\"320\" data-lazy-status=\"processed\" id=\"92a543d705\" src=\"https:\/\/www.elespanol.com\/corazon\/famosos\/20260523\/vida-lujo-jonathan-andic-paula-nata-casa-barrios-exclusivos-veranos-formentera\/[\" https:=\"\" data-lazy-info=\"changed src\"\/><\/p>\n<p class=\"paragraph\" id=\"paragraph_19\"><strong>Otros hobbies de ricos que practican es el esqu\u00ed.<\/strong> La pareja viaja a Baqueira Beret en la \u00e9poca invernal a la casa que tiene Isak en La Pleta, que tambi\u00e9n es el refugio de la Familia Real espa\u00f1ola en el Valle de Ar\u00e1n -especialmente de Felipe VI (58).<\/p>\n<p class=\"paragraph\" id=\"paragraph_20\">No se puede dejar atr\u00e1s los caprichos de lujo en cuesti\u00f3n de moda del matrimonio. Entre las marcas exclusivas preferidas de Paula Nata est\u00e1n Chanel o Herm\u00e8s. En el vestidor de la influencer hay <strong>una buena colecci\u00f3n de piezas de bolsos Birkin. <\/strong>Ni una sola referencia a Mango.<\/p>\n<p><img decoding=\"async\" alt=\"Paula Nata posando con Jonathan, mirando a c\u00e1mara.\" data-imgm=\"true\" height=\"180\" loading=\"lazy\"  src=\"https:\/\/www.europesays.com\/es\/wp-content\/uploads\/2026\/05\/1003744256456_263089070_1024x576.jpg\"  width=\"320\"\/><\/p>\n<p>                                                            Paula Nata posando con Jonathan, mirando a c\u00e1mara.<\/p>\n<p class=\"paragraph\" id=\"paragraph_21\">Seg\u00fan comentan a este peri\u00f3dico, <strong>una de las principales preocupaciones de la familia <\/strong>-adem\u00e1s de demostrar la inocencia de Jonathan en la que creen absolutamente- es que la empresa no se vea afectada y caigan las ventas. Eso podr\u00eda introducir cambios sustanciales en el estilo y la forma de vida de los Andic.<\/p>\n<p class=\"paragraph\" id=\"paragraph_22\">El caso sigue <strong>en fase de instrucci\u00f3n<\/strong> y ser\u00e1 el proceso judicial el que determine finalmente las responsabilidades penales de Jonathan. De momento, se mantiene en el cargo y en la sociedad familiar.<\/p>\n","protected":false},"excerpt":{"rendered":"Las \u00faltimas conclusiones de la jueza, Raquel Nieto Galv\u00e1n, que investiga la muerte de Isak Andic, apuntan directamente&hellip;\n","protected":false},"author":2,"featured_media":566314,"comment_status":"","ping_status":"","sticky":false,"template":"","format":"standard","meta":{"footnotes":""},"categories":[174],"tags":[210,255,146,147,25,24,256,51485,108795,4809,23],"class_list":["post-566313","post","type-post","status-publish","format-standard","has-post-thumbnail","category-famosos","tag-barcelona","tag-celebrities","tag-entertainment","tag-entretenimiento","tag-es","tag-espana","tag-famosos","tag-isak-andic","tag-mango-marca-de-moda","tag-muertes","tag-spain"],"share_on_mastodon":{"url":"https:\/\/pubeurope.com\/@es\/116623867942747593","error":""},"_links":{"self":[{"href":"https:\/\/www.europesays.com\/es\/wp-json\/wp\/v2\/posts\/566313","targetHints":{"allow":["GET"]}}],"collection":[{"href":"https:\/\/www.europesays.com\/es\/wp-json\/wp\/v2\/posts"}],"about":[{"href":"https:\/\/www.europesays.com\/es\/wp-json\/wp\/v2\/types\/post"}],"author":[{"embeddable":true,"href":"https:\/\/www.europesays.com\/es\/wp-json\/wp\/v2\/users\/2"}],"replies":[{"embeddable":true,"href":"https:\/\/www.europesays.com\/es\/wp-json\/wp\/v2\/comments?post=566313"}],"version-history":[{"count":0,"href":"https:\/\/www.europesays.com\/es\/wp-json\/wp\/v2\/posts\/566313\/revisions"}],"wp:featuredmedia":[{"embeddable":true,"href":"https:\/\/www.europesays.com\/es\/wp-json\/wp\/v2\/media\/566314"}],"wp:attachment":[{"href":"https:\/\/www.europesays.com\/es\/wp-json\/wp\/v2\/media?parent=566313"}],"wp:term":[{"taxonomy":"category","embeddable":true,"href":"https:\/\/www.europesays.com\/es\/wp-json\/wp\/v2\/categories?post=566313"},{"taxonomy":"post_tag","embeddable":true,"href":"https:\/\/www.europesays.com\/es\/wp-json\/wp\/v2\/tags?post=566313"}],"curies":[{"name":"wp","href":"https:\/\/api.w.org\/{rel}","templated":true}]}}