{"id":56670,"date":"2025-08-18T22:51:16","date_gmt":"2025-08-18T22:51:16","guid":{"rendered":"https:\/\/www.europesays.com\/es\/56670\/"},"modified":"2025-08-18T22:51:16","modified_gmt":"2025-08-18T22:51:16","slug":"que-zonas-se-han-quemado-mas-los-datos-y-mapas-de-los-incendios-de-2025","status":"publish","type":"post","link":"https:\/\/www.europesays.com\/es\/56670\/","title":{"rendered":"\u00bfQu\u00e9 zonas se han quemado m\u00e1s? Los datos y mapas de los incendios de 2025"},"content":{"rendered":"<p class=\"article-text\">\n        La oleada de incendios que asola a Espa\u00f1a en agosto contin\u00faa activa y se ceba especialmente con el noroeste peninsular. El fuego contin\u00faa avanzando en los incendios de Le\u00f3n y Ourense y veinte focos contin\u00faan en el m\u00e1ximo nivel de alerta. En lo que va de 2025, las im\u00e1genes por sat\u00e9lite muestran la destrucci\u00f3n de al menos 340.000 hect\u00e1reas por el fuego.\n    <\/p>\n<p class=\"article-text\">\n        El siguiente mapa muestra los focos activos en los dos \u00faltimos d\u00edas que han detectado <a href=\"https:\/\/firms.modaps.eosdis.nasa.gov\/map\/#m:advanced;d:24hrs;l:modis_a,modis_t,country-outline;@1.9,41.1,6z\" target=\"_blank\" data-mrf-recirculation=\"links-noticia\" class=\"link\" rel=\"nofollow noopener\">los sat\u00e9lites VIIRS de la NASA<\/a> en Espa\u00f1a. La agencia aeroespacial norteamericana utiliza im\u00e1genes satelitales para identificar incendios activos y anomal\u00edas t\u00e9rmicas por todo el planeta.\n    <\/p>\n<p>\u00bfC\u00f3mo est\u00e1 siendo 2025 comparado con a\u00f1os anteriores?<\/p>\n<p class=\"article-text\">\n        El <a href=\"https:\/\/effis.jrc.ec.europa.eu\/apps\/effis.statistics\/seasonaltrend\" target=\"_blank\" data-mrf-recirculation=\"links-noticia\" class=\"link\" rel=\"nofollow noopener\">Sistema Europeo de Informaci\u00f3n sobre Incendios Forestales (EFFIS)<\/a> se\u00f1ala que este 2025 est\u00e1 siendo una de las temporadas de fuegos m\u00e1s devastadoras desde la puesta en marcha del sistema en el a\u00f1o 2000. Este c\u00e1lculo solo incluye los incendios de m\u00e1s de 30 hect\u00e1reas que se han podido identificar por im\u00e1genes de sat\u00e9lite y de los que se ha medido la superficie. Solo en 2022 se hab\u00eda detectado un n\u00famero similar de \u00e1reas calcinadas desde el espacio como en los meses que llevamos de 2025.\n    <\/p>\n<p class=\"article-text\">\n        Aunque los datos son todav\u00eda provisionales ya que las estimaciones del EFFIS calculan las \u00e1reas quemadas a partir del per\u00edmetro del incendio y pueden incluir dentro de esos l\u00edmites zonas que se han salvado de las llamas, las \u00e1reas quemadas en 2025 hasta agosto ya superan a todo 2022. Consulta la evoluci\u00f3n, d\u00eda a d\u00eda, en el siguiente gr\u00e1fico.\n    <\/p>\n<p><\/p>\n<p class=\"article-text\">\n        La comparativa de los datos de Copernicus (Sistema Europeo de Incendios Forestales) con <a href=\"https:\/\/www.miteco.gob.es\/es\/biodiversidad\/temas\/incendios-forestales\/estadisticas-incendios.aspx\" target=\"_blank\" data-mrf-recirculation=\"links-noticia\" class=\"link\" rel=\"nofollow noopener\">las cifras de superficie quemada del Ministerio de Transici\u00f3n Ecol\u00f3gica<\/a> se\u00f1alan que este 2025 podr\u00eda la peor temporada de fuegos desde al menos 1994. Ese a\u00f1o ardieron miles de hect\u00e1reas en un infierno de humo y llamas que se ceb\u00f3 especialmente con las provincias del Mediterr\u00e1neo.\n    <\/p>\n<p class=\"article-text\">\n        El siguiente gr\u00e1fico compara la superficie quemada por incendios forestales en Espa\u00f1a seg\u00fan las estad\u00edsticas del Gobierno y las comunidades hasta 2024, m\u00e1s exhaustivas pero actualizadas con m\u00e1s retardo, y el \u00e1rea calcinada que ha detectado el programa Copernicus, que solo incluye los incendios de m\u00e1s de 30 hect\u00e1reas que se han podido rastrear a trav\u00e9s de im\u00e1genes satelitales entre 2000 y lo que llevamos de 2025.\n    <\/p>\n<p><\/p>\n<p class=\"article-text\">\n        La mayor\u00eda de hect\u00e1reas quemadas este verano han coincidido con d\u00edas en que Espa\u00f1a estaba en ola de calor. En Ourense, las m\u00e1ximas no han bajado de los 37 grados desde los primeros fuegos, <a href=\"https:\/\/www.eldiario.es\/sociedad\/mapa-calor-record-espana-2025-compara-temperatura-dia-media-historica-provincia_1_12419246.html\" data-mrf-recirculation=\"links-noticia\" class=\"link\" rel=\"nofollow noopener\" target=\"_blank\">seg\u00fan los datos de Aemet analizados por elDiario.es<\/a>, y la provincia concentra m\u00e1s de 100.000 hect\u00e1reas calcinadas en primera quintena de agosto.\n    <\/p>\n<p>    <strong>\u00bfEn d\u00f3nde se ha quemado m\u00e1s?<\/strong><\/p>\n<p class=\"article-text\">\n        Los fuegos de 2025 se han cebado especialemente con el noroeste peninsular. Con los \u00faltimos datos, los incendios iniciados en tres provincias (Zamora, Ourense y Le\u00f3n) concentran tres de cada cuatro hect\u00e1res calcinadas en 2025. Consulta en el siguiente mapa la superficie arrasada por los fuegos en cada territorio, seg\u00fan los \u00faltimos datos disponibles a partir de im\u00e1genes satelitales.\n    <\/p>\n<p><\/p>\n<p class=\"article-text\">\n        Gran parte de estas \u00e1reas calcinadas se explican por incendios de alta intensidad y dimensiones como el de Zamora-Le\u00f3n o el de A R\u00faa (Ourense), que se acercan a las 40.000 hect\u00e1reas calcinadas y ambos apuntan a ser de los mayores de la historia reciente. Estos fuegos se\u00f1alan un fen\u00f3meno que se ha intensificado en las \u00faltimas d\u00e9cadas en Espa\u00f1a: el auge de los grandes incendios forestales (de m\u00e1s de 500 hect\u00e1reas). Son pocos, pero devastadores.\n    <\/p>\n<p>    \u00bfCu\u00e1les han sido los mayores incendios?<\/p>\n<p class=\"article-text\">\n        En el siguiente mapa puedes consultar los grandes incendios que llevamos en 2025 a partir de los c\u00e1lculos realizados a trav\u00e9s de las im\u00e1genes de sat\u00e9lite.\n    <\/p>\n<p><\/p>\n<p class=\"article-text\">\n        La informaci\u00f3n provisional de Copernicus se\u00f1ala que varios incendios de este a\u00f1o se colocar\u00edan en el ranking de incendios con m\u00e1s superficie quemada desde 1968.\n    <\/p>\n<p class=\"article-text\">\n        Aunque los datos son provisionales, ya que las estimaciones del EFFIS calculan las \u00e1reas quemadas a partir del per\u00edmetro del incendio y pueden incluir dentro de esos l\u00edmites zonas que se han salvado de las llamas y superficies no forestales, las cifras colocan en cabeza a los incendios de Zamora-Le\u00f3n (U\u00f1a de Quintana) y el de A R\u00faa (Ourense).\n    <\/p>\n<p><\/p>\n<p class=\"article-text\">\n        Por ejemplo, Federico Grillo, jefe de Emergencia del Cabildo de Tenerife, ya avis\u00f3 del fen\u00f3meno de las megaincendios durante los fuegos de Gran Canaria en 2019. \u201cEst\u00e1 sucediendo en otros lados: incendios que no se han visto nunca, con unas longitudes de llamas y una velocidad de propagaci\u00f3n que parecen m\u00e1s tormentas de fuego que un incendio convencional y cada vez nos cuesta m\u00e1s\u201d, seg\u00fan recogi\u00f3 Canarias Ahora.\n    <\/p>\n<p class=\"article-text\">\n        Para ver c\u00f3mo estos grandes incendios calcinan hect\u00e1reas de vegetaci\u00f3n en pocos d\u00edas o incluso horas, en los siguientes gr\u00e1ficos puedes ver una secuencia en im\u00e1genes de sat\u00e9lite que reconstruyen la r\u00e1pida secuencia de los grandes incendios que han calcinado miles de hect\u00e1reas en 2025.\n    <\/p>\n<p>    <strong>Incendio de Zamora-Le\u00f3n<\/strong><\/p>\n<p class=\"article-text\">\n        El incendio forestal que se inici\u00f3 el pasado domingo en Zamora y que ha traspasado la frontera de Le\u00f3n apunta a ser el <a href=\"https:\/\/www.eldiario.es\/castilla-y-leon\/incendio-zamora-leon-apunta-37-000-hectareas-calcinadas-peor-espana-desde-registros_1_12533559.html\" target=\"_blank\" data-mrf-recirculation=\"links-noticia\" class=\"link\" rel=\"nofollow noopener\">mayor incendio jam\u00e1s registrado en Espa\u00f1a<\/a>. En apenas 3 d\u00edas, las llamas arrasaron con al menos 37.000 hect\u00e1reas, seg\u00fan la \u00faltima estimaci\u00f3n del <a href=\"https:\/\/forest-fire.emergency.copernicus.eu\/\" target=\"_blank\" data-mrf-recirculation=\"links-noticia\" class=\"link\" rel=\"nofollow noopener\">Sistema Europeo de Informaci\u00f3n sobre Incendios Forestales (EFFIS)<\/a>.\n    <\/p>\n<p class=\"article-text\">\n        Las im\u00e1genes desde el espacio muestran la r\u00e1pida expansi\u00f3n de las llamas entre el lunes y el mi\u00e9rcoles.\n    <\/p>\n<p>    Comenz\u00f3 el 10 de agosto en U\u00f1a de Quintana y ha dejado m\u00e1s de 39.000 hect\u00e1reas quemadas<\/p>\n<p>        <img decoding=\"async\" id=\"imagen-zamora\" src=\"https:\/\/www.europesays.com\/es\/wp-content\/uploads\/2025\/08\/zamora20250810.jpg\" width=\"100%\"\/><\/p>\n<p style=\"font-size:12px;text-align:right;font-family:'Encode Sans',sans-serif;line-height:20px;color:#181818;\">\n        Fuente: Copernicus<\/p>\n<p class=\"article-text\">\n        Aunque los datos son todav\u00eda provisionales ya que las estimaciones del EFFIS calculan el per\u00edmetro del incendio y no descartan las zonas dentro de esos l\u00edmites que se han salvado de las llamas, la comparaci\u00f3n con los fuegos que arrasaron la sierra de la Culebra en 2022 (de los m\u00e1s grandes registrados jam\u00e1s en Espa\u00f1a) muestra la magnitud del fuego que ha asolado las provincias de Zamora y Le\u00f3n en 2025.\n    <\/p>\n<p><strong>Incendios en Ourense<\/strong><\/p>\n<p class=\"article-text\">\n        A\u00fan con varios incendios activos, en Galicia la ola de fuegos se concentra principalmente en la provincia de Ourense, donde se han registrado evacuaciones, confinamientos y varios heridos. Los mayores incendios son los declarados en Chandrexa de Queixa, A R\u00faa y O\u00edmbra, todos por encima de las 20.000 hect\u00e1reas calcinadas.\n    <\/p>\n<p>    <a href=\"https:\/\/www.eldiario.es\/sociedad\/ola-incendios-directo-evolucion-fuego-comunidad-comunidad_1_12540268.html\" data-mrf-recirculation=\"saber-mas-abajo\" data-dl-event=\"saber-mas-abajo\" rel=\"nofollow noopener\" target=\"_blank\"><\/p>\n<p class=\"know-more__title\">\u00daltima hora de la ola de incendios, comunidad por comunidad<\/p>\n<p>            <img decoding=\"async\" class=\"lazy\" loading=\"lazy\" data-src=\"https:\/\/static.eldiario.es\/clip\/fabf959f-7d5f-4cb1-9b2b-3eb54f5563d6_16-9-aspect-ratio_default_0.jpg\" src=\"data:image\/svg+xml,%3Csvg xmlns=\" http:=\"\" viewbox=\"0 0 880 495\" alt=\"La ola de incendios, en directo: la evoluci\u00f3n de los fuegos, comunidad por comunidad\"\/><\/p>\n<p>                        <\/a><\/p>\n<p><\/p>\n<p class=\"article-text\">\n        Todav\u00eda sin controlar, varios focos del fuego contin\u00faan activos y la devastaci\u00f3n de las \u00e1reas quemadas se muestra en las fotograf\u00edas recogidas por el sistema Copernicus.\n    <\/p>\n<p>    Los grandes incendios ocurridos en Ourense en agosto de 2025<\/p>\n<p>        <img decoding=\"async\" id=\"imagen-ourensepanoramica\" src=\"https:\/\/www.europesays.com\/es\/wp-content\/uploads\/2025\/08\/ourense_panoramica20250801.jpg\" width=\"100%\"\/><\/p>\n<p style=\"font-size:12px;text-align:right;font-family:'Encode Sans',sans-serif;line-height:20px;color:#181818;\">\n        Fuente: Copernicus\n    <\/p>\n","protected":false},"excerpt":{"rendered":"La oleada de incendios que asola a Espa\u00f1a en agosto contin\u00faa activa y se ceba especialmente con el&hellip;\n","protected":false},"author":2,"featured_media":56671,"comment_status":"","ping_status":"","sticky":false,"template":"","format":"standard","meta":{"footnotes":""},"categories":[5],"tags":[45,17,18,56,25,24,13,14,3575,11,4342,19,20,17023,9,10,15,16,21725,23,12,21,22,7996],"class_list":{"0":"post-56670","1":"post","2":"type-post","3":"status-publish","4":"format-standard","5":"has-post-thumbnail","7":"category-titulares","8":"tag-45","9":"tag-breaking-news","10":"tag-breakingnews","11":"tag-datos","12":"tag-es","13":"tag-espana","14":"tag-featured-news","15":"tag-featurednews","16":"tag-han","17":"tag-headlines","18":"tag-incendios","19":"tag-latest-news","20":"tag-latestnews","21":"tag-mapas","22":"tag-news","23":"tag-noticias","24":"tag-noticias-destacadas","25":"tag-noticiasdestacadas","26":"tag-quemado","27":"tag-spain","28":"tag-titulares","29":"tag-ultimas-noticias","30":"tag-ultimasnoticias","31":"tag-zonas"},"share_on_mastodon":{"url":"","error":""},"_links":{"self":[{"href":"https:\/\/www.europesays.com\/es\/wp-json\/wp\/v2\/posts\/56670","targetHints":{"allow":["GET"]}}],"collection":[{"href":"https:\/\/www.europesays.com\/es\/wp-json\/wp\/v2\/posts"}],"about":[{"href":"https:\/\/www.europesays.com\/es\/wp-json\/wp\/v2\/types\/post"}],"author":[{"embeddable":true,"href":"https:\/\/www.europesays.com\/es\/wp-json\/wp\/v2\/users\/2"}],"replies":[{"embeddable":true,"href":"https:\/\/www.europesays.com\/es\/wp-json\/wp\/v2\/comments?post=56670"}],"version-history":[{"count":0,"href":"https:\/\/www.europesays.com\/es\/wp-json\/wp\/v2\/posts\/56670\/revisions"}],"wp:featuredmedia":[{"embeddable":true,"href":"https:\/\/www.europesays.com\/es\/wp-json\/wp\/v2\/media\/56671"}],"wp:attachment":[{"href":"https:\/\/www.europesays.com\/es\/wp-json\/wp\/v2\/media?parent=56670"}],"wp:term":[{"taxonomy":"category","embeddable":true,"href":"https:\/\/www.europesays.com\/es\/wp-json\/wp\/v2\/categories?post=56670"},{"taxonomy":"post_tag","embeddable":true,"href":"https:\/\/www.europesays.com\/es\/wp-json\/wp\/v2\/tags?post=56670"}],"curies":[{"name":"wp","href":"https:\/\/api.w.org\/{rel}","templated":true}]}}