{"id":566833,"date":"2026-05-23T19:43:15","date_gmt":"2026-05-23T19:43:15","guid":{"rendered":"https:\/\/www.europesays.com\/es\/566833\/"},"modified":"2026-05-23T19:43:15","modified_gmt":"2026-05-23T19:43:15","slug":"el-mayor-fan-de-iron-maiden-del-mundo-conserva-una-coleccion-de-mas-de-10-000-objetos-algunos-de-lo-mas-surrealista","status":"publish","type":"post","link":"https:\/\/www.europesays.com\/es\/566833\/","title":{"rendered":"El mayor fan de Iron Maiden del mundo conserva una colecci\u00f3n de m\u00e1s de 10.000 objetos, algunos de lo m\u00e1s surrealista"},"content":{"rendered":"<p>El reci\u00e9n estrenado documental <strong><a target=\"_blank\" href=\"https:\/\/mariskalrock.com\/actualidad\/asistimos-al-preestreno-de-iron-maiden-burning-ambition-la-banda-que-mejor-ha-sabido-generar-y-fortalecer-los-lazos-con-diferentes-generaciones-de-amantes-del-heavy-metal\/\" rel=\"nofollow noopener\">\u201cIron Maiden: Burning Ambition\u201d<\/a><\/strong> nos mostraba a seguidores procedentes de diferentes estratos sociales y generaciones. Uno de los que aparec\u00edan en dicha obra era el mayor fan de la doncella del mundo, con una colecci\u00f3n de m\u00e1s de 10.000 objetos, algunos de ellos de lo m\u00e1s surrealista.<\/p>\n<p>Seg\u00fan el peri\u00f3dico dan\u00e9s <strong><a target=\"_blank\" href=\"https:\/\/www.sn.dk\/art6569113\/solroed-kommune\/kultur\/rasmus-har-lavet-sit-hjem-til-verdens-stoerste-iron-maiden-samling-har-alt-fra-kondomer-til-hjemmelavet-bar\/\" rel=\"nofollow noopener\">Sjaellandske Nyheder<\/a><\/strong>, <strong>Rasmus Stavnsborg<\/strong>, de 53 a\u00f1os y natural de Solr\u00f8d, es el propietario de la que se cree que es la mayor colecci\u00f3n de recuerdos de <strong>Iron Maiden<\/strong> del mundo. Repartidos en seis habitaciones de su casa, alberga m\u00e1s de 10.000 objetos dedicados a la legendaria banda brit\u00e1nica de heavy metal.<\/p>\n<p>De ni\u00f1o, Rasmus so\u00f1aba con crear su propia versi\u00f3n de un <strong>Hard Rock Caf\u00e9<\/strong> despu\u00e9s de visitar la famosa cadena de restaurantes. Solo que, en su caso, estar\u00eda completamente dedicada a Iron Maiden. Hoy en d\u00eda, su villa en Solr\u00f8d Strand est\u00e1 llena de recuerdos de la banda de arriba abajo: m\u00e1quinas de pinball, un bar casero de Iron Maiden, bater\u00edas, varitas de incienso y un sinf\u00edn de objetos decorados con <strong>Eddie<\/strong>, la ic\u00f3nica mascota del grupo.<\/p>\n<p style=\"text-align: center;\">\n<p>La colecci\u00f3n ocupaba originalmente un s\u00f3tano de 100 metros cuadrados en la antigua casa familiar de Karlslunde. Hace unos 12 a\u00f1os, el espacio se qued\u00f3 peque\u00f1o, lo que llev\u00f3 a Rasmus, su pareja y su hija a mudarse a Solr\u00f8d Strand. Desde entonces, la colecci\u00f3n ha crecido de unos 5.000 art\u00edculos a m\u00e1s de 10.000.<\/p>\n<p><strong>La colilla de Paul Di\u2019Anno<\/strong><\/p>\n<p>Entre los objetos m\u00e1s curiosos de la colecci\u00f3n hay una colilla que perteneci\u00f3 a <strong>Paul Di\u2019Anno<\/strong>, antiguo cantante de Iron Maiden. Rasmus y sus amigos la recogieron despu\u00e9s de coincidir con el m\u00fasico en un bar hace a\u00f1os. \u201cNos pregunt\u00f3 qu\u00e9 demonios est\u00e1bamos haciendo y para qu\u00e9 \u00edbamos a usar aquello. Nosotros le dijimos que alg\u00fan d\u00eda, cuando muriera, le clonar\u00edamos. Entonces neg\u00f3 con la cabeza y dijo que \u00e9ramos unos idiotas muy raros\u201d, recordaba entre risas.<\/p>\n<p>Para Rasmus, las historias que hay detr\u00e1s de algunos elementos de su colecci\u00f3n son tan importantes como los propios objetos: \u201cSi solo quisiera comprar cosas para llenar la casa de art\u00edculos de Iron Maiden, ser\u00eda lo m\u00e1s f\u00e1cil del mundo. Pero me gusta que cada pieza tenga una historia, ya sea personal o relacionada con la banda\u201d.<\/p>\n<p>Tambi\u00e9n insiste en que la colecci\u00f3n no est\u00e1 hecha para quedarse escondida en cajas: \u201cUn cazador cuelga animales muertos en las paredes. Yo cuelgo cosas de Iron Maiden en las paredes que he ido cazando por todo el mundo\u201d.<\/p>\n<p style=\"text-align: center;\">\n<p>Rasmus ha asistido a m\u00e1s de 300 conciertos de Iron Maiden desde que vio a la banda por primera vez en el KB Hallen de Copenhague en 1988. Durante la gira <strong>\u201cA Matter of Life and Death\u201d<\/strong> de 2006, su dedicaci\u00f3n fue reconocida cuando la banda le otorg\u00f3 un <strong>\u201cSuper Fan Pass\u201d<\/strong>, que le permiti\u00f3 asistir gratis a todos los conciertos de la gira.<\/p>\n<p><a target=\"_blank\" href=\"https:\/\/www.europesays.com\/es\/wp-content\/uploads\/2026\/04\/resurrection-cartel-por-dias.jpg\"><img fetchpriority=\"high\" decoding=\"async\" class=\"size-full wp-image-396353 aligncenter\" src=\"https:\/\/www.europesays.com\/es\/wp-content\/uploads\/2026\/04\/resurrection-cartel-por-dias.jpg\" alt=\"\" width=\"700\" height=\"875\"  \/><\/a><\/p>\n<p><strong>Iron Maiden en Espa\u00f1a<\/strong><\/p>\n<p>Este 2026 ser\u00e1 otro a\u00f1o en el que la banda brit\u00e1nica tendr\u00e1 toda la atenci\u00f3n de los seguidores en todo el mundo, con nuevas paradas de su gira como las que llegar\u00e1n en Espa\u00f1a a los carteles de <strong>Resurrection Fest<\/strong> (del 1 al 4 de julio, <a target=\"_blank\" href=\"https:\/\/www.resurrectionfest.es\/entradas\/\" rel=\"nofollow noopener\"><strong>entradas aqu\u00ed<\/strong><\/a>) con <strong>Marilyn Manson, Limp Bizkit o Sabaton<\/strong> entre otros, y en <strong>Rock Imperium Festival<\/strong> (del 3 al 5 de julio, <a target=\"_blank\" href=\"https:\/\/www.rockimperiumfestival.es\/es\/entradas\/\" rel=\"nofollow noopener\"><strong>entradas aqu\u00ed<\/strong><\/a>), compartiendo cabecera del cartel con <strong>Within Temptation y Sabaton<\/strong>.<\/p>\n<p><a target=\"_blank\" href=\"https:\/\/www.europesays.com\/es\/wp-content\/uploads\/2026\/05\/rock-imperium-90-aforo-cartel.webp\"><img loading=\"lazy\" decoding=\"async\" class=\"size-full wp-image-401922 aligncenter\" src=\"https:\/\/www.europesays.com\/es\/wp-content\/uploads\/2026\/05\/rock-imperium-90-aforo-cartel.webp\" alt=\"\" width=\"600\" height=\"750\"  \/><\/a><\/p>\n<p>                         <a target=\"_blank\" href=\"http:\/\/\/\/mariskalrock.com\/author\/alfredo-villaescusa\" class=\"url\" title=\"Alfredo Villaescusa\" rel=\"nofollow\"> <img decoding=\"async\" src=\"https:\/\/www.europesays.com\/es\/wp-content\/uploads\/2026\/04\/alfredo-villaescusa-foto-cuadrada-bio-2.jpg\" class=\"photo\" width=\"250\" alt=\"Alfredo Villaescusa\"\/><\/a> <\/p>\n<p>Colaborador en MariskalRock<\/p>\n<p>Eclecticismo en vena. Soy un yonki del rock n&#8217; roll en el pleno sentido de la palabra, pues la mayor parte de mi existencia gira en torno a la m\u00fasica desde que me levanto hasta que me acuesto, ya sea escribiendo cr\u00f3nicas, rese\u00f1as, entrevistas o noticias de largo alcance. Acudo a conciertos cada semana con una regularidad que espantar\u00eda a muchos, pero no podr\u00eda ser m\u00e1s feliz. Dejamos para otros eso de ir al gimnasio, salir corriendo por las ma\u00f1anas o pasar el aspirador los s\u00e1bados a horas intempestivas. Ya lo dec\u00eda el a\u00f1orado Bosco el Tosco: \u00abDel deporte se puede salir\u00bb.<\/p>\n<p>El punk me salv\u00f3 la vida y el hard rock siempre ocup\u00f3 un lugar especial en el coraz\u00f3n, al igual que el rock g\u00f3tico, pero nunca me he cerrado a otros g\u00e9neros. Cual buscador de oro en el lejano Oeste, agito mi peculiar colador para quedarme con aquello que particularmente llame la atenci\u00f3n o sobresalga del resto de propuestas, pues creo con firmeza en la vieja m\u00e1xima de que de todo se puede aprender, o sacar algo de provecho, como dec\u00edan los antiguos.<\/p>\n<p> <a href=\"http:\/\/\/\/mariskalrock.com\/author\/alfredo-villaescusa\" class=\"url\" target=\"_blank\" title=\"Alfredo Villaescusa\" rel=\"nofollow\"><img decoding=\"async\" src=\"https:\/\/www.europesays.com\/es\/wp-content\/uploads\/2026\/04\/alfredo-villaescusa-foto-cuadrada-bio-2.jpg\" class=\"photo\" width=\"250\" alt=\"Alfredo Villaescusa\"\/><\/a>\u00daltimas entradas de Alfredo Villaescusa (<a target=\"_blank\" href=\"https:\/\/mariskalrock.com\/author\/alfredo-villaescusa\/\" rel=\"nofollow noopener\">ver todo<\/a>)  <\/p>\n","protected":false},"excerpt":{"rendered":"El reci\u00e9n estrenado documental \u201cIron Maiden: Burning Ambition\u201d nos mostraba a seguidores procedentes de diferentes estratos sociales y&hellip;\n","protected":false},"author":2,"featured_media":566834,"comment_status":"","ping_status":"","sticky":false,"template":"","format":"standard","meta":{"footnotes":""},"categories":[170],"tags":[146,147,25,24,8470,477,4622,184,185,23],"class_list":["post-566833","post","type-post","status-publish","format-standard","has-post-thumbnail","category-musica","tag-entertainment","tag-entretenimiento","tag-es","tag-espana","tag-fan","tag-iron-maiden","tag-mr2022","tag-music","tag-musica","tag-spain"],"share_on_mastodon":{"url":"https:\/\/pubeurope.com\/@es\/116625605146738554","error":""},"_links":{"self":[{"href":"https:\/\/www.europesays.com\/es\/wp-json\/wp\/v2\/posts\/566833","targetHints":{"allow":["GET"]}}],"collection":[{"href":"https:\/\/www.europesays.com\/es\/wp-json\/wp\/v2\/posts"}],"about":[{"href":"https:\/\/www.europesays.com\/es\/wp-json\/wp\/v2\/types\/post"}],"author":[{"embeddable":true,"href":"https:\/\/www.europesays.com\/es\/wp-json\/wp\/v2\/users\/2"}],"replies":[{"embeddable":true,"href":"https:\/\/www.europesays.com\/es\/wp-json\/wp\/v2\/comments?post=566833"}],"version-history":[{"count":0,"href":"https:\/\/www.europesays.com\/es\/wp-json\/wp\/v2\/posts\/566833\/revisions"}],"wp:featuredmedia":[{"embeddable":true,"href":"https:\/\/www.europesays.com\/es\/wp-json\/wp\/v2\/media\/566834"}],"wp:attachment":[{"href":"https:\/\/www.europesays.com\/es\/wp-json\/wp\/v2\/media?parent=566833"}],"wp:term":[{"taxonomy":"category","embeddable":true,"href":"https:\/\/www.europesays.com\/es\/wp-json\/wp\/v2\/categories?post=566833"},{"taxonomy":"post_tag","embeddable":true,"href":"https:\/\/www.europesays.com\/es\/wp-json\/wp\/v2\/tags?post=566833"}],"curies":[{"name":"wp","href":"https:\/\/api.w.org\/{rel}","templated":true}]}}