{"id":566889,"date":"2026-05-23T20:25:21","date_gmt":"2026-05-23T20:25:21","guid":{"rendered":"https:\/\/www.europesays.com\/es\/566889\/"},"modified":"2026-05-23T20:25:21","modified_gmt":"2026-05-23T20:25:21","slug":"cantante-cubano-were-ingresa-a-rehabilitacion-tras-recaida-en-drogas","status":"publish","type":"post","link":"https:\/\/www.europesays.com\/es\/566889\/","title":{"rendered":"Cantante cubano Were ingresa a rehabilitaci\u00f3n tras reca\u00edda en drogas"},"content":{"rendered":"<p>El cantante cubano <strong>Were<\/strong> (@dicelo_werehh), figura del reparto y el reggaet\u00f3n habanero, anunci\u00f3 p\u00fablicamente su ingreso a un centro de rehabilitaci\u00f3n este mi\u00e9rcoles a trav\u00e9s de su cuenta de Instagram, donde revel\u00f3 que la decisi\u00f3n se tom\u00f3 tras sufrir una reca\u00edda en el consumo de drogas.<\/p>\n<p>En un mensaje dividido en varias im\u00e1genes, el artista oriundo del barrio de <strong>San Leopoldo<\/strong>, en La Habana, escribi\u00f3: \u00abMi gente, quiero compartirles algo muy personal. Despu\u00e9s de una reca\u00edda, mi familia, mi equipo y yo hemos tomado la decisi\u00f3n de internarme para entrar en rehabilitaci\u00f3n. No ha sido f\u00e1cil aceptarlo, pero entend\u00ed que pedir ayuda tambi\u00e9n es un acto de valent\u00eda\u00bb.<\/p>\n<p>Were reconoci\u00f3 que el camino que le espera ser\u00e1 dif\u00edcil, pero expres\u00f3 su convicci\u00f3n de superarlo: \u00abS\u00e9 que me espera un camino duro, tanto para m\u00ed como para quienes me aman. Pero tengo la fe de que voy a salir adelante y volver m\u00e1s fuerte que nunca\u00bb.<\/p>\n<p>En otro fragmento del mismo comunicado, el cantante lanz\u00f3 un mensaje directo a sus seguidores desde su propia experiencia: \u00abNo a las drogas. De verdad. Pueden destruirlo todo: la vida, la familia, los sue\u00f1os\u00bb.<\/p>\n<p>El artista tambi\u00e9n inform\u00f3 que durante su internamiento su equipo se encargar\u00e1 de gestionar sus redes sociales, y pidi\u00f3 a sus fans que lo apoyen escuchando su m\u00fasica: \u00abCada stream, cada compartida, me da fuerzas para saber que ah\u00ed est\u00e1n. Cuando salga, voy a volver con todo. Con m\u00e1s m\u00fasica, m\u00e1s energ\u00eda y m\u00e1s ganas de darles lo mejor de m\u00ed\u00bb.<\/p>\n<p>La publicaci\u00f3n acumul\u00f3 casi <strong>9,000 likes y m\u00e1s de 857 comentarios<\/strong> en pocas horas, con una ola de apoyo de colegas del medio art\u00edstico cubano. El cantante <strong>Yulien Oviedo<\/strong> respondi\u00f3: \u00abSi se puede bro pa encima\u00bb. El rapero <strong>Zurdo MC<\/strong> escribi\u00f3: \u00abAshe y bendici\u00f3n mi rey t\u00fa puedes\u00bb. El artista Dany Ome tambi\u00e9n dej\u00f3 palabras de aliento, al igual que decenas de seguidores.<\/p>\n<p>\u00abS\u00ed se puede y yo soy el ejemplo. Fuerza y a reconstruirte las veces que sea necesario\u00bb, le anim\u00f3 Flor de Cuba.<\/p>\n<p>El propio Were puso en la descripci\u00f3n del post una frase que resume su actitud ante el proceso: \u00abNo es un Adi\u00f3s, es un&#8230; NOS VEMOS PRONTO\u00bb.<\/p>\n<p>El caso de Were no es el primero dentro de la escena del reparto y reggaet\u00f3n cubano vinculado a las adicciones. <strong><a href=\"https:\/\/www.cibercuba.com\/noticias\/2025-11-24-u194224-e208933-s27065-nid315404-lenier-mesa-habla-lucha-contra-adicciones\" rel=\"nofollow noopener\" target=\"_blank\">Lenier Mesa habl\u00f3 p\u00fablicamente de su lucha contra las drogas<\/a><\/strong> en noviembre de 2025, cuando afirm\u00f3 llevar \u00abcasi un a\u00f1o y medio limpio\u00bb tras reconocer que estuvo a punto de perder a su familia. El Taiger, figura influyente del g\u00e9nero, arrastr\u00f3 batallas con drogas y depresi\u00f3n hasta su muerte en octubre de 2024.<\/p>\n<p>El reparto es un subg\u00e9nero de la m\u00fasica urbana surgido en Cuba alrededor de 2007, con fuerte arraigo en barrios populares de La Habana como San Leopoldo, de donde es oriundo Were y al que el artista rinde homenaje constante en sus letras y mensajes, firmando siempre como \u00abLo Mejor de San Leopoldo\u00bb.<\/p>\n<p class=\"text-reportar\"> \u00bfTienes algo que reportar? <br \/>Escribe a CiberCuba:<\/p>\n<p><strong>  <a href=\"https:\/\/www.cibercuba.com\/noticias\/mailto:editores@cibercuba.com?subject=Contacto%20desde%20la%20web%20de%20CiberCuba%20Node:%20330024\" rel=\"nofollow noreferrer noopener\" target=\"_blank\">editores@cibercuba.com<\/a><\/strong><\/p>\n<p><strong> <a href=\"https:\/\/api.whatsapp.com\/send?phone=17863965689\" rel=\"nofollow noreferrer noopener\" target=\"_blank\">+1 786 3965 689<\/a><\/strong><\/p>\n<p>Este art\u00edculo ha sido generado o editado con la ayuda de inteligencia artificial. Ha sido revisado por un editor antes de su publicaci\u00f3n.<\/p>\n","protected":false},"excerpt":{"rendered":"El cantante cubano Were (@dicelo_werehh), figura del reparto y el reggaet\u00f3n habanero, anunci\u00f3 p\u00fablicamente su ingreso a un&hellip;\n","protected":false},"author":2,"featured_media":566890,"comment_status":"","ping_status":"","sticky":false,"template":"","format":"standard","meta":{"footnotes":""},"categories":[174],"tags":[4030,67726,255,146,147,25,24,367,256,4536,39673,35439,4360,11832,23],"class_list":["post-566889","post","type-post","status-publish","format-standard","has-post-thumbnail","category-famosos","tag-adicciones","tag-cantante-cubano","tag-celebrities","tag-entertainment","tag-entretenimiento","tag-es","tag-espana","tag-familia","tag-famosos","tag-instagram","tag-la-habana","tag-musica-urbana","tag-noticias-de-cuba","tag-reparto","tag-spain"],"share_on_mastodon":{"url":"https:\/\/pubeurope.com\/@es\/116625770119480644","error":""},"_links":{"self":[{"href":"https:\/\/www.europesays.com\/es\/wp-json\/wp\/v2\/posts\/566889","targetHints":{"allow":["GET"]}}],"collection":[{"href":"https:\/\/www.europesays.com\/es\/wp-json\/wp\/v2\/posts"}],"about":[{"href":"https:\/\/www.europesays.com\/es\/wp-json\/wp\/v2\/types\/post"}],"author":[{"embeddable":true,"href":"https:\/\/www.europesays.com\/es\/wp-json\/wp\/v2\/users\/2"}],"replies":[{"embeddable":true,"href":"https:\/\/www.europesays.com\/es\/wp-json\/wp\/v2\/comments?post=566889"}],"version-history":[{"count":0,"href":"https:\/\/www.europesays.com\/es\/wp-json\/wp\/v2\/posts\/566889\/revisions"}],"wp:featuredmedia":[{"embeddable":true,"href":"https:\/\/www.europesays.com\/es\/wp-json\/wp\/v2\/media\/566890"}],"wp:attachment":[{"href":"https:\/\/www.europesays.com\/es\/wp-json\/wp\/v2\/media?parent=566889"}],"wp:term":[{"taxonomy":"category","embeddable":true,"href":"https:\/\/www.europesays.com\/es\/wp-json\/wp\/v2\/categories?post=566889"},{"taxonomy":"post_tag","embeddable":true,"href":"https:\/\/www.europesays.com\/es\/wp-json\/wp\/v2\/tags?post=566889"}],"curies":[{"name":"wp","href":"https:\/\/api.w.org\/{rel}","templated":true}]}}