{"id":567036,"date":"2026-05-23T22:34:14","date_gmt":"2026-05-23T22:34:14","guid":{"rendered":"https:\/\/www.europesays.com\/es\/567036\/"},"modified":"2026-05-23T22:34:14","modified_gmt":"2026-05-23T22:34:14","slug":"detenidos-dos-aficionados-del-alaves-tras-los-graves-incidentes-con-la-ertzaintza-en-mendizorroza","status":"publish","type":"post","link":"https:\/\/www.europesays.com\/es\/567036\/","title":{"rendered":"Detenidos dos aficionados del Alav\u00e9s tras los graves incidentes con la Ertzaintza en Mendizorroza"},"content":{"rendered":"<p style=\"\">Incidentes a la llegada del autob\u00fas del Alav\u00e9s este s\u00e1bado. La Ertzaintza ha detenido a dos aficionados albiazules, de 21 y 32 a\u00f1os, acusados de  &#8230; delitos de atentado a agentes de la autoridad tras un enfrentamiento entre un grupo de hinchas alavesistas y agentes de la Polic\u00eda auton\u00f3mica. Asimismo, tres ertzainas han resultado heridos por \u00abquemaduras, inhalaci\u00f3n de humo y contusiones diversas\u00bb, ha detallado el Departamento vasco de Seguridad. El presidente del Alav\u00e9s, Alfonso Fern\u00e1ndez de Troc\u00f3niz, ha acudido al lugar para mediar y tratar de aplacar una tensi\u00f3n que iba en aumento.<\/p>\n<p class=\"v-d-p\" style=\"\">El ambiente se ha caldeado una vez los jugadores hab\u00edan accedido ya a Mendizorroza tras presenciar el caluroso recibimiento de la hinchada, el colof\u00f3n a una jornada festiva en la que se celebraba la permanencia y el 25 aniversario de la final de la Copa de la UEFA en Dortmund. En cuesti\u00f3n de minutos se ha pasado de la fiesta, a la tensi\u00f3n. El origen de los acontecimientos tiene que ver con el encendido de una bengala al paso del autob\u00fas del equipo y el lanzamiento de diversos objetos contra los agentes, seg\u00fan ha informado el Departamento de Seguridad del Gobierno vasco.<\/p>\n<p class=\"v-d-p\" style=\"\">La afici\u00f3n albiazul se hab\u00eda citado a las 19.30 horas para recibir al equipo a la llegada al estadio. Sin embargo, el autocar ha tenido que retrasar diez minutos su llegada por razones de seguridad. El amplio despliegue policial se ha reforzado con m\u00e1s agentes para cubrir una zona que no estaba vallada y as\u00ed flanquear al autob\u00fas durante un recorrido de unos cien metros. Tras recibir el visto bueno, el autob\u00fas ha avanzado y atravesado una nube de humo entre c\u00e1nticos de la afici\u00f3n. Los jugadores antes de acceder al estadio se han detenido para saludar a la hinchada. <\/p>\n<p class=\"v-d-p\" style=\"\">Los incidentes se han producido una vez la plantilla de Quique S\u00e1nchez Flores ha descendido la cuesta que da entrada al estadio. En ese momento, un grupo de agentes, ubicados en la zona sin vallar, se ha visto rodeado por varios aficionados tras romperse el cord\u00f3n policial. Hasta el lugar se han desplazado a la carrera m\u00e1s ertzainas, que han abandonado el lugar con dos aficionados albiazules detenidos por los altercados registrados.<\/p>\n<p><img decoding=\"async\" loading=\"lazy\" src=\"https:\/\/www.europesays.com\/es\/wp-content\/uploads\/2026\/05\/grada-U201888724866niB--680x476@El Correo.jpg\" class=\"v-a-img\" width=\"680\" height=\"478\" alt=\"El fondo Polideportivo, durante el partido.\" data-voc-vtm-id=\"in-text-traffic\"\/><\/p>\n<p>El fondo Polideportivo, durante el partido.<\/p>\n<p>(Rafa Guti\u00e9rrez)<\/p>\n<p class=\"v-d-p\" style=\"\">El arresto de estos dos aficionados ha crispado a\u00fan m\u00e1s el ambiente, con empujones y reproches. A su llegada al estadio, el presidente albiazul, Alfonso Fern\u00e1ndez de Troc\u00f3niz, ha tratado de mediar en el conflicto y ha dialogado con el encargado de la Ertzaintza y el portavoz de un grupo de aficionados. Acto seguido, los hinchas han abandonado el lugar, aunque tras pasar junto a la polic\u00eda se ha registrado un nuevo incidente. <\/p>\n<p class=\"v-d-p\" style=\"\">Dentro del estadio, desde el fondo Polideportivo han exigido en varias ocasiones la \u00abliberaci\u00f3n de los detenidos\u00bb. Todo ello, antes de que hayan tomado la decisi\u00f3n de abandonar sus localidades tras el pitido inicial. La grada de la porter\u00eda que defiende el Alav\u00e9s en la primera parte est\u00e1 completamente vac\u00eda y el partido &#8216;enmudecido&#8217;. Iraultza ha emitido un comunicado en el que denuncia \u00abun dispositivo policial desmedido y una actitud provocadora y hostil por parte de la Ertzaintza\u00bb. \u00abDurante 15 a\u00f1os hemos realizado este tipo de recibimiento y nno ha ocurrido ning\u00fan incidente\u00bb, a\u00f1ade el escrito. <\/p>\n","protected":false},"excerpt":{"rendered":"Incidentes a la llegada del autob\u00fas del Alav\u00e9s este s\u00e1bado. La Ertzaintza ha detenido a dos aficionados albiazules,&hellip;\n","protected":false},"author":2,"featured_media":567037,"comment_status":"","ping_status":"","sticky":false,"template":"","format":"standard","meta":{"footnotes":""},"categories":[8],"tags":[1334,4075,17,18,25,24,13,14,11,4884,19,20,5808,57357,9,10,15,16,23,12,21,22],"class_list":["post-567036","post","type-post","status-publish","format-standard","has-post-thumbnail","category-espana","tag-alaves","tag-autobus","tag-breaking-news","tag-breakingnews","tag-es","tag-espana","tag-featured-news","tag-featurednews","tag-headlines","tag-incidentes","tag-latest-news","tag-latestnews","tag-llegada","tag-mendizorroza","tag-news","tag-noticias","tag-noticias-destacadas","tag-noticiasdestacadas","tag-spain","tag-titulares","tag-ultimas-noticias","tag-ultimasnoticias"],"share_on_mastodon":{"url":"https:\/\/pubeurope.com\/@es\/116626278165074471","error":""},"_links":{"self":[{"href":"https:\/\/www.europesays.com\/es\/wp-json\/wp\/v2\/posts\/567036","targetHints":{"allow":["GET"]}}],"collection":[{"href":"https:\/\/www.europesays.com\/es\/wp-json\/wp\/v2\/posts"}],"about":[{"href":"https:\/\/www.europesays.com\/es\/wp-json\/wp\/v2\/types\/post"}],"author":[{"embeddable":true,"href":"https:\/\/www.europesays.com\/es\/wp-json\/wp\/v2\/users\/2"}],"replies":[{"embeddable":true,"href":"https:\/\/www.europesays.com\/es\/wp-json\/wp\/v2\/comments?post=567036"}],"version-history":[{"count":0,"href":"https:\/\/www.europesays.com\/es\/wp-json\/wp\/v2\/posts\/567036\/revisions"}],"wp:featuredmedia":[{"embeddable":true,"href":"https:\/\/www.europesays.com\/es\/wp-json\/wp\/v2\/media\/567037"}],"wp:attachment":[{"href":"https:\/\/www.europesays.com\/es\/wp-json\/wp\/v2\/media?parent=567036"}],"wp:term":[{"taxonomy":"category","embeddable":true,"href":"https:\/\/www.europesays.com\/es\/wp-json\/wp\/v2\/categories?post=567036"},{"taxonomy":"post_tag","embeddable":true,"href":"https:\/\/www.europesays.com\/es\/wp-json\/wp\/v2\/tags?post=567036"}],"curies":[{"name":"wp","href":"https:\/\/api.w.org\/{rel}","templated":true}]}}