{"id":56711,"date":"2025-08-18T23:23:08","date_gmt":"2025-08-18T23:23:08","guid":{"rendered":"https:\/\/www.europesays.com\/es\/56711\/"},"modified":"2025-08-18T23:23:08","modified_gmt":"2025-08-18T23:23:08","slug":"elche-1-1-betis-perdono-y-lo-pago-caro","status":"publish","type":"post","link":"https:\/\/www.europesays.com\/es\/56711\/","title":{"rendered":"Elche 1-1 Betis: Perdon\u00f3 y lo pag\u00f3 caro"},"content":{"rendered":"<p class=\"parrafo\">El <strong>Betis <\/strong><a href=\"https:\/\/www.estadiodeportivo.com\/futbol\/primera-division\/elche-betis-directo-partido-laliga-vivo-online-20250818-508320.html\" target=\"_blank\" class=\"intext-link\" rel=\"nofollow noopener\">no pudo pasar del <\/a><strong><a href=\"https:\/\/www.estadiodeportivo.com\/futbol\/primera-division\/elche-betis-directo-partido-laliga-vivo-online-20250818-508320.html\" target=\"_blank\" class=\"intext-link\" rel=\"nofollow noopener\">empate a uno<\/a><\/strong> contra el <strong>Elche <\/strong>despu\u00e9s de haber desaprovechado muchas ocasiones de gol, sobre todo en la segunda parte, que no materializ\u00f3. Dicha ineficacia la pag\u00f3 caro el equipo que entrena <strong>Manuel Pellegrini<\/strong> porque el gol que marc\u00f3 <strong>Aitor Ruibal<\/strong> fue neutralizado, cuando faltaban diez minutos para el t\u00e9rmino del duelo, por <strong>Germ\u00e1n Valera<\/strong> que no dej\u00f3 pasar un desajuste defensivo del equipo verdiblanco para marcar libre de marca dentro del \u00e1rea.<\/p>\n<p class=\"parrafo\">El partido del <strong>Real Betis <\/strong>fue serio y de oficio en l\u00edneas generales, pero deja deberes pendientes ya que no se pueden fallar tantas ocasiones y conceder facilidades en la \u00e9lite del f\u00fatbol espa\u00f1ol. Es por ello por lo que el <strong>Betis <\/strong>no le gan\u00f3 al <strong>Elche <\/strong>y se deja los dos primeros puntos en su carrera por clasificarse para competici\u00f3n europea.<\/p>\n<p><a class=\"elementos-rel-t2\" href=\"https:\/\/www.estadiodeportivo.com\/futbol\/primera-division\/elche-betis-directo-partido-laliga-vivo-online-20250818-508320.html\" title=\"Elche - Betis: resultado, resumen y goles\" rel=\"nofollow noopener\" target=\"_blank\">Elche &#8211; Betis: resultado, resumen y goles<img decoding=\"async\" src=\"https:\/\/www.europesays.com\/es\/wp-content\/uploads\/2025\/08\/bd595818-e630-4d05-8aee-f4f7589d4997_320x180.jpeg\" alt=\"Elche - Betis: resultado, resumen y goles\"\/><\/a>Primera parte del Betis de mucho oficio y seriedad<\/p>\n<p class=\"parrafo\">El partido comenz\u00f3 con unos minutos de tanteo lo que provoc\u00f3 que la primera ocasi\u00f3n fuera para el <strong>Betis <\/strong>aunque hubo que esperar hasta el <strong>minuto 11<\/strong>. <strong>H\u00e9ctor Beller\u00edn<\/strong> se invent\u00f3 un taconazo para irse del defensa del <strong>Elche<\/strong>, el lateral se la puso a <strong>Aitor Ruibal,<\/strong> que desde dentro del \u00e1rea, le peg\u00f3 a porter\u00eda pero <strong>Dituro <\/strong>repeli\u00f3 como pudo, despejando la defensa a c\u00f3rner que se bot\u00f3, a continuaci\u00f3n, sin consecuencias. Antes <strong>Cucho Hern\u00e1ndez <\/strong>lo intent\u00f3 con una falta directa que se estrell\u00f3 en la barrera.<\/p>\n<p class=\"parrafo\">El <strong>Betis <\/strong>comenz\u00f3 a dominar y plasm\u00f3 dicha superioridad en el marcador tambi\u00e9n. En el <strong>minuto 21 Sergi Altimira<\/strong> le gan\u00f3 un duelo en el centro del campo a<strong> Aleix Febas<\/strong>. El bal\u00f3n lleg\u00f3 a <strong>Riquelme <\/strong>que dio un pase al hueco perfecto para que <strong>Aitor Ruibal <\/strong>se planteara s\u00f3lo delante de <strong>Dituro<\/strong> al que regate\u00f3 para marcar el<strong> 0-1 <\/strong>a puerta vac\u00eda.<\/p>\n<p class=\"parrafo\">Con el<strong> Real Betis<\/strong> bien plantado, sin que el <strong>Elche <\/strong>le creara ocasiones, lleg\u00f3 una nueva ocasi\u00f3n verdiblanca despu\u00e9s de que<strong> Lo Celso<\/strong> botara una falta de manera r\u00e1pida que sorprendi\u00f3 a la defensa del <strong>Elche<\/strong>. <strong>Aitor Ruibal <\/strong>se la dej\u00f3 a <strong>Riquelme<\/strong>, pero el extremo no estuvo presto para disparar y perdi\u00f3 el bal\u00f3n cuando lo ten\u00eda todo a favor para tirar a la porter\u00eda de <strong>Dituro<\/strong>.<\/p>\n<p class=\"parrafo\">En los \u00faltimos minutos, el ritmo del partido baj\u00f3, el <strong>Elche <\/strong>se acerc\u00f3 poco a la porter\u00eda del <strong>Betis<\/strong>, s\u00f3lo por medio de una jugada embarullada que acab\u00f3 con tiro cruzado de <strong>Petrot <\/strong>que se fue desviado. El equipo de <strong>Manuel Pellegrini<\/strong> tir\u00f3 de oficio y solidez para irse con ventaja al descanso.<\/p>\n<p>El Betis pudo sentenciar y lo pag\u00f3 caro<\/p>\n<p class=\"parrafo\">La segunda parte entre <strong>Elche <\/strong>y <strong>Betis <\/strong>comenz\u00f3 sin cambios ya que<strong> Eder Sarabia<\/strong> y <strong>Manuel Pellegrini<\/strong>, entrenados de los dos equipos, siguieron confiando en los mismo futbolistas que apostaron al inicio del encuentro. Despu\u00e9s de unos diez primeros minutos en los que no pas\u00f3 nada, lleg\u00f3 la primera ocasi\u00f3n para el <strong>Betis <\/strong>con una buena salida desde atr\u00e1s de <strong>Lo Celso<\/strong>, que se la pas\u00f3 al hueco a <strong>Riquelme<\/strong>, el extremo se la devolvi\u00f3 al argentino que, des la frontal, dispar\u00f3, pero un defensa desvi\u00f3 a c\u00f3rner. A continuaci\u00f3n se sucedieron tiros de <strong>Riquelme <\/strong>y <strong>Aitor <\/strong><strong>Ruibal <\/strong>que no tuvieron \u00e9xito.<\/p>\n<p class=\"parrafo\">Fueron los mejores minutos del <strong>Betis <\/strong>en la segunda parte que se hizo con el control del bal\u00f3n. El equipo verdiblanco tuvo un acercamiento m\u00e1s, con un pase de<strong> Cucho Hern\u00e1ndez <\/strong>que busc\u00f3 a <strong>Riquelme<\/strong>, pero <strong>Dituro <\/strong>cort\u00f3 la trayectoria. Cuando mejor estaba el <strong>Betis<\/strong>, respondi\u00f3 el <strong>Elche <\/strong>con dos arreones por medio de un disparo de<strong> Germ\u00e1n Valera<\/strong> que par\u00f3 <strong>Pau L\u00f3pez<\/strong> y un centro de <strong>\u00c1lvaro N\u00fa\u00f1ez<\/strong> que no pudo rematar bien <strong>\u00c1lvaro Rodr\u00edguez<\/strong>. No se vio intimidado el <strong>Betis<\/strong>, que tuvo la sentencia en sus botas. <strong>Cucho Hern\u00e1ndez<\/strong> le gan\u00f3 un duelo a <strong>Affrengruber<\/strong> y se plant\u00f3 solo delante de <strong>Dituro<\/strong>, pero el colombiano tir\u00f3 fuera cuando lo ten\u00eda todo a su favor.<\/p>\n<p class=\"parrafo\">Movieron los dos equipos el banquillo y metieron mucho gol, <strong>Mourad <\/strong>y <strong>Rafa Mir<\/strong> por parte del <strong>Elche <\/strong>y <strong>Pablo Garc\u00eda<\/strong> por el <strong>Betis<\/strong>, de cara a la recta final del partido. En el <strong>minuto 75<\/strong>, tuvo de nuevo la posibilidad de sentenciar el <strong>Betis<\/strong>. <strong>Lo Celso<\/strong> lanz\u00f3 un contragolpe que fue llevado por <strong>Chimy \u00c1vila<\/strong>, pero el argentino, tras combinar con <strong>Cucho Hern\u00e1ndez<\/strong>, no culmin\u00f3 con un tiro que fue bloqueado.<\/p>\n<p class=\"parrafo\">Perdon\u00f3 el <strong>Betis <\/strong>y se cumpli\u00f3 la m\u00e1xima del f\u00fatbol, el que lo hace lo paga. Tras la pausa de hidrataci\u00f3n, el <strong>Betis <\/strong>sali\u00f3 dormido, el <strong>Elche <\/strong>mont\u00f3 una jugada ofensivo, toc\u00f3 en el \u00e1rea b\u00e9tica como quiso, el bal\u00f3n le lleg\u00f3 a <strong>Germ\u00e1n Valera<\/strong> que remat\u00f3 libre de marcar para hacer el empate a uno.<\/p>\n<p class=\"parrafo\">Los \u00faltimos minutos transcurrieron con un <strong>Elche <\/strong>m\u00e1s c\u00f3modo que un <strong>Betis<\/strong> que se defendi\u00f3. As\u00ed termin\u00f3 el partido, con un resultado que no fue el esperado para el equipo que entrena <strong>Manuel Pellegrini <\/strong>que volvi\u00f3 a mostrar carencias de cara a la porter\u00eda rival y tambi\u00e9n tuvo desajustes defensivos.<\/p>\n<p>&#8211; Ficha T\u00e9cnica del Elche &#8211; Betis de la jornada 1 de LaLiga:<\/p>\n<p class=\"parrafo\"><strong>Elche CF<\/strong>: Dituro; \u00c1lvaro N\u00fa\u00f1ez, Affengruber, Bigas, Petrot (Rafa Mir 73&#8242;), Germ\u00e1n Valera (Chetauya 82&#8242;); Aguado (Jairo 65&#8242;), Aleix Febas, Ali Houary (Martim Neto 65&#8242;), Mendoza; y \u00c1lvaro Rodr\u00edguez (Mourad 65&#8242;).<\/p>\n<p class=\"parrafo\"><strong>Real Betis<\/strong>: Pau L\u00f3pez; Beller\u00edn, Bartra, Natan, Ricardo Rodr\u00edguez; Altimira, Fornals; Aitor Ruibal (Pablo Garc\u00eda 70&#8242;), Lo Celso, Riquelme (Chimy \u00c1vila 70&#8242;); y Cucho Hern\u00e1ndez (Bakambu 82&#8242;).<\/p>\n<p class=\"parrafo\"><strong>\u00c1rbitro<\/strong>: V\u00edctor Garc\u00eda Verdura (Catal\u00e1n). Amonest\u00f3 al visitante Natan; y al entrenador local Eder Sarabia.<\/p>\n<p class=\"parrafo\"><strong>Goles<\/strong>: <strong>0-1<\/strong> (21&#8242;) Aitor Ruibal; <strong>1-1 <\/strong>(81&#8242;) Germ\u00e1n Valera.<\/p>\n<p class=\"parrafo\"><strong>Incidencias<\/strong>: Partido entre Elche CF y Real Betis correspondiente a la jornada 1 de LaLiga disputado en el Estadio Mart\u00ednez Valero ante 28.585 espectadores.<\/p>\n","protected":false},"excerpt":{"rendered":"El Betis no pudo pasar del empate a uno contra el Elche despu\u00e9s de haber desaprovechado muchas ocasiones&hellip;\n","protected":false},"author":2,"featured_media":56712,"comment_status":"","ping_status":"","sticky":false,"template":"","format":"standard","meta":{"footnotes":""},"categories":[268],"tags":[168,8212,25,24,284,280,282,288,1945,286,281,23,167],"class_list":{"0":"post-56711","1":"post","2":"type-post","3":"status-publish","4":"format-standard","5":"has-post-thumbnail","7":"category-futbol","8":"tag-deportes","9":"tag-elche-cf","10":"tag-es","11":"tag-espana","12":"tag-estadio-deportivo","13":"tag-football","14":"tag-futbol","15":"tag-laliga","16":"tag-primera-division","17":"tag-real-betis-balompie","18":"tag-soccer","19":"tag-spain","20":"tag-sports"},"share_on_mastodon":{"url":"","error":""},"_links":{"self":[{"href":"https:\/\/www.europesays.com\/es\/wp-json\/wp\/v2\/posts\/56711","targetHints":{"allow":["GET"]}}],"collection":[{"href":"https:\/\/www.europesays.com\/es\/wp-json\/wp\/v2\/posts"}],"about":[{"href":"https:\/\/www.europesays.com\/es\/wp-json\/wp\/v2\/types\/post"}],"author":[{"embeddable":true,"href":"https:\/\/www.europesays.com\/es\/wp-json\/wp\/v2\/users\/2"}],"replies":[{"embeddable":true,"href":"https:\/\/www.europesays.com\/es\/wp-json\/wp\/v2\/comments?post=56711"}],"version-history":[{"count":0,"href":"https:\/\/www.europesays.com\/es\/wp-json\/wp\/v2\/posts\/56711\/revisions"}],"wp:featuredmedia":[{"embeddable":true,"href":"https:\/\/www.europesays.com\/es\/wp-json\/wp\/v2\/media\/56712"}],"wp:attachment":[{"href":"https:\/\/www.europesays.com\/es\/wp-json\/wp\/v2\/media?parent=56711"}],"wp:term":[{"taxonomy":"category","embeddable":true,"href":"https:\/\/www.europesays.com\/es\/wp-json\/wp\/v2\/categories?post=56711"},{"taxonomy":"post_tag","embeddable":true,"href":"https:\/\/www.europesays.com\/es\/wp-json\/wp\/v2\/tags?post=56711"}],"curies":[{"name":"wp","href":"https:\/\/api.w.org\/{rel}","templated":true}]}}