{"id":56713,"date":"2025-08-18T23:24:07","date_gmt":"2025-08-18T23:24:07","guid":{"rendered":"https:\/\/www.europesays.com\/es\/56713\/"},"modified":"2025-08-18T23:24:07","modified_gmt":"2025-08-18T23:24:07","slug":"el-posado-en-bikini-de-la-desconocida-hija-de-julio-iglesias-cristina-a-los-24-anos-en-la-playa","status":"publish","type":"post","link":"https:\/\/www.europesays.com\/es\/56713\/","title":{"rendered":"El posado en bikini de la desconocida hija de Julio Iglesias, Cristina, a los 24 a\u00f1os en la playa"},"content":{"rendered":"<p data-journey-content=\"true\" data-node-id=\"0\" class=\"body-dropcap css-16svq0q emevuu60\">Aunque nacieron en Miami y acostumbran a pasar sus veranos en Marbella, este a\u00f1o, las <strong data-node-id=\"0.1\">hijas gemelas de Julio Iglesias<\/strong> y su mujer Miranda Rijnsburger, <strong data-node-id=\"0.3\"><a href=\"https:\/\/www.harpersbazaar.com\/es\/famosas\/el-estilo-de\/a34052825\/victoria-cristina-iglesias-exclusiva-entrevista-confesiones-julio-iglesias\/\" target=\"_blank\" data-vars-ga-outbound-link=\"https:\/\/www.harpersbazaar.com\/es\/famosas\/el-estilo-de\/a34052825\/victoria-cristina-iglesias-exclusiva-entrevista-confesiones-julio-iglesias\/\" data-vars-ga-ux-element=\"Hyperlink\" data-vars-ga-call-to-action=\"Cristina y Victoria Iglesias\" data-node-id=\"0.3.0\" class=\"body-link css-156jt4g emevuu60\" rel=\"nofollow noopener\">Cristina y Victoria Iglesias<\/a><\/strong> han cambiado la Costa del Sol por una isla de ensue\u00f1o en Grecia. A sus 24 a\u00f1os, las j\u00f3venes contin\u00faan explorando caminos diferentes: Cristina <strong data-node-id=\"0.5\">se ha instalado en Nueva York para abrirse paso en el mundo de la moda<\/strong>, mientras que Victoria ha apostado por Londres, donde estudia Actuaci\u00f3n y Producci\u00f3n Cinematogr\u00e1fica. Aun as\u00ed, ambas contin\u00faan <strong data-node-id=\"0.7\">compartiendo tanto sus veranos como un estilo muy similar<\/strong>, algo que no ha pasado desapercibido en sus perfiles sociales.<\/p>\n<p data-journey-content=\"true\" data-node-id=\"2\" class=\"css-i9p093 emevuu60\">Frente a una audiencia de m\u00e1s de 150 mil seguidores, <strong data-node-id=\"2.1\"><a href=\"https:\/\/www.harpersbazaar.com\/es\/cultura\/ocio\/a61760050\/hija-julio-iglesias-cristina-gemela-perros-vida-lujo-instagram\/\" target=\"_blank\" data-vars-ga-outbound-link=\"https:\/\/www.harpersbazaar.com\/es\/cultura\/ocio\/a61760050\/hija-julio-iglesias-cristina-gemela-perros-vida-lujo-instagram\/\" data-vars-ga-ux-element=\"Hyperlink\" data-vars-ga-call-to-action=\"Cristina\" data-node-id=\"2.1.0\" class=\"body-link css-156jt4g emevuu60\" rel=\"nofollow noopener\">Cristina<\/a> ha captado todas las miradas con un posado en bikini<\/strong> compartido en su perfil de Instagram. Con un top de ba\u00f1o en un favorecedor azul el\u00e9ctrico y envuelta en una toalla amarilla, la hija de Julio Iglesias se mostr\u00f3 relajada en la arena, junto al mar y <strong data-node-id=\"2.3\">con el pelo a\u00fan h\u00famedo tras un d\u00eda de playa<\/strong>. La instant\u00e1nea refleja un <strong data-node-id=\"2.5\">estilo desenfadado<\/strong> que, a sus 24 a\u00f1os, acerca su discreto perfil a una nueva etapa en la que busca construir su propio nombre en la industria de la moda.<\/p>\n<p data-journey-content=\"true\" data-node-id=\"6\" class=\"css-i9p093 emevuu60\">Por su parte, <strong data-node-id=\"6.1\">su hermana Victoria tambi\u00e9n ha dejado constancia de su verano <\/strong>con una fotograf\u00eda en un entorno id\u00edlico, junto a una villa de aire mediterr\u00e1neo con piscina. Con <strong data-node-id=\"6.3\">un top de bikini blanco y un <a href=\"https:\/\/www.harpersbazaar.com\/es\/moda\/compras\/g65312288\/pareos-estilizan-combinan-con-todo-ideales-playa-verano-2025\/\" target=\"_blank\" data-vars-ga-outbound-link=\"https:\/\/www.harpersbazaar.com\/es\/moda\/compras\/g65312288\/pareos-estilizan-combinan-con-todo-ideales-playa-verano-2025\/\" data-vars-ga-ux-element=\"Hyperlink\" data-vars-ga-call-to-action=\"pareo corto\" data-node-id=\"6.3.1\" class=\"body-link css-156jt4g emevuu60\" rel=\"nofollow noopener\">pareo corto<\/a><\/strong> en azul claro que resaltaba su figura, la joven aprovech\u00f3 su publicaci\u00f3n para mostrar un resumen gr\u00e1fico de sus vacaciones juntas: <strong data-node-id=\"6.5\">atardeceres anaranjados, calas de aguas claras y un esp\u00edritu divertido y del todo estival<\/strong>. <\/p>\n<p data-journey-content=\"true\" data-node-id=\"9\" class=\"css-i9p093 emevuu60\">Lo cierto es que, pese a haber crecido entre el lujo y la atenci\u00f3n medi\u00e1tica, Cristina y Victoria han aprendido a gestionar la exposici\u00f3n p\u00fablica. Ellas mismas lo explicaron en 2020 cuando protagonizaron <a href=\"https:\/\/www.harpersbazaar.com\/es\/moda\/noticias-moda\/a34038760\/hermanas-iglesias-cristina-victoria-candice-swanepoel-portada-harpers-bazaar-octubre\/\" target=\"_blank\" data-vars-ga-outbound-link=\"https:\/\/www.harpersbazaar.com\/es\/moda\/noticias-moda\/a34038760\/hermanas-iglesias-cristina-victoria-candice-swanepoel-portada-harpers-bazaar-octubre\/\" data-vars-ga-ux-element=\"Hyperlink\" data-vars-ga-call-to-action=\"la portada de octubre de Harper\u2019s Bazaar\" data-node-id=\"9.1\" class=\"body-link css-156jt4g emevuu60\" rel=\"nofollow noopener\">la portada de octubre de Harper\u2019s Bazaar<\/a> tras regresar a Marbella despu\u00e9s de la pandemia: <strong data-node-id=\"9.3\">\u00abCuando \u00e9ramos peque\u00f1as solo conoc\u00edamos lo que era ser famosas, especialmente aqu\u00ed en Espa\u00f1a, pens\u00e1bamos que era normal. Al llegar a la adolescencia empezamos a ver lo que significa llevar una vida p\u00fablica\u00bb<\/strong>. Hoy, ambas parecen m\u00e1s decididas que nunca a forjar sus propios caminos, m\u00e1s all\u00e1 de su apellido.<\/p>\n<p>Contenidos relacionados<\/p>\n","protected":false},"excerpt":{"rendered":"Aunque nacieron en Miami y acostumbran a pasar sus veranos en Marbella, este a\u00f1o, las hijas gemelas de&hellip;\n","protected":false},"author":2,"featured_media":56714,"comment_status":"","ping_status":"","sticky":false,"template":"","format":"standard","meta":{"footnotes":""},"categories":[174],"tags":[255,253,146,147,25,24,256,23],"class_list":{"0":"post-56713","1":"post","2":"type-post","3":"status-publish","4":"format-standard","5":"has-post-thumbnail","7":"category-famosos","8":"tag-celebrities","9":"tag-discover","10":"tag-entertainment","11":"tag-entretenimiento","12":"tag-es","13":"tag-espana","14":"tag-famosos","15":"tag-spain"},"share_on_mastodon":{"url":"","error":""},"_links":{"self":[{"href":"https:\/\/www.europesays.com\/es\/wp-json\/wp\/v2\/posts\/56713","targetHints":{"allow":["GET"]}}],"collection":[{"href":"https:\/\/www.europesays.com\/es\/wp-json\/wp\/v2\/posts"}],"about":[{"href":"https:\/\/www.europesays.com\/es\/wp-json\/wp\/v2\/types\/post"}],"author":[{"embeddable":true,"href":"https:\/\/www.europesays.com\/es\/wp-json\/wp\/v2\/users\/2"}],"replies":[{"embeddable":true,"href":"https:\/\/www.europesays.com\/es\/wp-json\/wp\/v2\/comments?post=56713"}],"version-history":[{"count":0,"href":"https:\/\/www.europesays.com\/es\/wp-json\/wp\/v2\/posts\/56713\/revisions"}],"wp:featuredmedia":[{"embeddable":true,"href":"https:\/\/www.europesays.com\/es\/wp-json\/wp\/v2\/media\/56714"}],"wp:attachment":[{"href":"https:\/\/www.europesays.com\/es\/wp-json\/wp\/v2\/media?parent=56713"}],"wp:term":[{"taxonomy":"category","embeddable":true,"href":"https:\/\/www.europesays.com\/es\/wp-json\/wp\/v2\/categories?post=56713"},{"taxonomy":"post_tag","embeddable":true,"href":"https:\/\/www.europesays.com\/es\/wp-json\/wp\/v2\/tags?post=56713"}],"curies":[{"name":"wp","href":"https:\/\/api.w.org\/{rel}","templated":true}]}}