{"id":567236,"date":"2026-05-24T01:30:20","date_gmt":"2026-05-24T01:30:20","guid":{"rendered":"https:\/\/www.europesays.com\/es\/567236\/"},"modified":"2026-05-24T01:30:20","modified_gmt":"2026-05-24T01:30:20","slug":"novedades-radiofonicas-alsina-renueva-con-onda-cero-tras-los-rumores-de-su-fichaje-por-la-ser-para-hacer-tandem-con-rafa-latorre-en-mas-de-uno-que-tendra-nueva-estructura-2","status":"publish","type":"post","link":"https:\/\/www.europesays.com\/es\/567236\/","title":{"rendered":"Novedades radiof\u00f3nicas | Alsina renueva con Onda Cero tras los rumores de su fichaje por la SER para hacer t\u00e1ndem con Rafa Latorre en &#8216;M\u00e1s de uno&#8217;, que tendr\u00e1 nueva estructura"},"content":{"rendered":"<p class=\"ft-text\">El tablero radiof\u00f3nico ha saltado por los aires en la tarde de este viernes 22 de mayo tras hacerse oficial que \u00c0ngels Barcel\u00f3 abandonaba la Cadena SER. Tras meses de rumores, la periodista ha anunciado su decisi\u00f3n de poner punto y final a una trayectoria en la emisora de m\u00e1s de dos d\u00e9cadas, que comenz\u00f3 en el fin de semana con &#8216;A vivir que son dos d\u00edas&#8217;, para posteriormente encargarse del informativo nocturno &#8216;Hora 25&#8217; y desde 2019 en magac\u00edn matinal &#8216;Hoy por hoy&#8217;. <\/p>\n<p class=\"ft-text\">A esta salida se suma la renovaci\u00f3n de Carlos Alsina con Onda Cero, adelantada por la Agencia EFE y verificada por YOTELE, tras rumorearse en las \u00faltimas semanas que hab\u00eda sido tanteado por la radio del grupo Prisa para ocupar el lugar de Barcel\u00f3 en &#8216;Hoy por hoy&#8217;. Un movimiento que nunca tuvo visos reales de llegar a buen puerto, seg\u00fan aseguran fuentes consultadas por este portal, pero que ha servido para que Carlos Alsina haya podido reorientar las negociaciones con Onda Cero. Desde hac\u00eda tiempo, su inter\u00e9s pasaba por reducir su n\u00famero de horas en antena y madrugar menos, algo que llevaba meses expresando a su entorno m\u00e1s cercano.<\/p>\n<p class=\"ft-text\">De esta manera, &#8216;M\u00e1s de uno&#8217; tendr\u00e1 una nueva estructura en Onda Cero, con Rafa Latorre liderando el tramo informativo que va entre las 6:00 y las 10:00 horas de la ma\u00f1ana a partir de la pr\u00f3xima temporada,  Por su parte, Carlos Alsina pasa a dirigir y presentar exclusivamente la segunda parte del programa,  enfocada a los contenidos de entretenimiento, entre las 10:00 y las 12:30 horas. Se pierden por tanto sus elogiadas entrevistas pol\u00edticas, donde hac\u00eda preguntas pertinentes e incisivas a l\u00edderes de todas las formaciones, aportando siempre datos y contexto.<\/p>\n<p class=\"ft-text\">La cadena de Atresmedia Radio evita realizar fichajes externos para ahorrar costes y tira de gente de la casa, calcando la estrategia que llev\u00f3 a cabo la COPE la temporada pasada, cuando comenz\u00f3 a reducir la presencia de Carlos Herrera, por petici\u00f3n propia, y le entreg\u00f3 su prime time informativo a Jorge Bustos. Su hijo, Alberto Herrera, tambi\u00e9n se sum\u00f3 como presentador de &#8216;Herrera en COPE&#8217; para ajustar todav\u00eda m\u00e1s las intervenciones del veterano locutor andaluz, para evitar que tome la decisi\u00f3n de jubilarse. <\/p>\n<p class=\"ft-text\">Tanto Carlos Alsina en &#8216;M\u00e1s de uno&#8217; como Rafa Latorre en &#8216;La br\u00fajula&#8217;, informativo nocturno que ahora abandona y en el que de momento no tiene sustituto, han destacado en el \u00faltimo Estudio General de Medios (EGM) publicado en abril por lograr sus mejores datos audiencia en los \u00faltimos a\u00f1os.<\/p>\n","protected":false},"excerpt":{"rendered":"El tablero radiof\u00f3nico ha saltado por los aires en la tarde de este viernes 22 de mayo tras&hellip;\n","protected":false},"author":2,"featured_media":566090,"comment_status":"","ping_status":"","sticky":false,"template":"","format":"standard","meta":{"footnotes":""},"categories":[170],"tags":[108696,3145,146,147,25,24,557,23125,184,185,3144,1448,12830,6656,11491,8643,23,56983],"class_list":["post-567236","post","type-post","status-publish","format-standard","has-post-thumbnail","category-musica","tag-alsina","tag-cero","tag-entertainment","tag-entretenimiento","tag-es","tag-espana","tag-fichaje","tag-latorre","tag-music","tag-musica","tag-onda","tag-radio","tag-rafa","tag-renueva","tag-rumores","tag-ser","tag-spain","tag-tandem"],"share_on_mastodon":{"url":"https:\/\/pubeurope.com\/@es\/116626969452655640","error":""},"_links":{"self":[{"href":"https:\/\/www.europesays.com\/es\/wp-json\/wp\/v2\/posts\/567236","targetHints":{"allow":["GET"]}}],"collection":[{"href":"https:\/\/www.europesays.com\/es\/wp-json\/wp\/v2\/posts"}],"about":[{"href":"https:\/\/www.europesays.com\/es\/wp-json\/wp\/v2\/types\/post"}],"author":[{"embeddable":true,"href":"https:\/\/www.europesays.com\/es\/wp-json\/wp\/v2\/users\/2"}],"replies":[{"embeddable":true,"href":"https:\/\/www.europesays.com\/es\/wp-json\/wp\/v2\/comments?post=567236"}],"version-history":[{"count":0,"href":"https:\/\/www.europesays.com\/es\/wp-json\/wp\/v2\/posts\/567236\/revisions"}],"wp:featuredmedia":[{"embeddable":true,"href":"https:\/\/www.europesays.com\/es\/wp-json\/wp\/v2\/media\/566090"}],"wp:attachment":[{"href":"https:\/\/www.europesays.com\/es\/wp-json\/wp\/v2\/media?parent=567236"}],"wp:term":[{"taxonomy":"category","embeddable":true,"href":"https:\/\/www.europesays.com\/es\/wp-json\/wp\/v2\/categories?post=567236"},{"taxonomy":"post_tag","embeddable":true,"href":"https:\/\/www.europesays.com\/es\/wp-json\/wp\/v2\/tags?post=567236"}],"curies":[{"name":"wp","href":"https:\/\/api.w.org\/{rel}","templated":true}]}}