{"id":567301,"date":"2026-05-24T02:47:14","date_gmt":"2026-05-24T02:47:14","guid":{"rendered":"https:\/\/www.europesays.com\/es\/567301\/"},"modified":"2026-05-24T02:47:14","modified_gmt":"2026-05-24T02:47:14","slug":"aig-sobre-la-suspension-de-la-estrella-de-juan-carlos-aragon-siempre-del-lado-de-las-victimas","status":"publish","type":"post","link":"https:\/\/www.europesays.com\/es\/567301\/","title":{"rendered":"AIG sobre la suspensi\u00f3n de la estrella de Juan Carlos Arag\u00f3n: \u00abSiempre del lado de las v\u00edctimas\u00bb"},"content":{"rendered":"<p class=\"paragraph-atom&#10;        &#10;        B-510-400-550-N B-525-400-700-N--md&#10;        &#10;        \">\n    La<a href=\"https:\/\/www.diariodecadiz.es\/cadiz\/ayuntamiento-cadiz-suspende-colocacion-estrella_0_2006837023.html\" rel=\"nofollow noopener\" target=\"_blank\"> <strong>suspensi\u00f3n del acto de colocaci\u00f3n de la estrella a Juan Carlos Arag\u00f3n<\/strong> <\/a>en el Paseo de la Fama del Carnaval de C\u00e1diz y, sobre todo, el comunicado con el que desde el Ayuntamiento se ha informado de esta decisi\u00f3n, donde no se expresan con claridad los motivos por los que han llegado a esta determinaci\u00f3n, ha despertado no s\u00f3lo la conversaci\u00f3n p\u00fablica de este s\u00e1bado sino las cr\u00edticas de la oposici\u00f3n pol\u00edtica, como la de <strong>Adelante Izquierda Gaditana<\/strong>. \u00abSiempre del lado de las v\u00edctimas\u00bb, recalcan.\n    <\/p>\n<p class=\"paragraph-atom&#10;        &#10;        B-510-400-550-N B-525-400-700-N--md&#10;        &#10;        \">\n    Y es que, desde el Consistorio gaditano se informaba de \u00abel aplazamiento sin fecha\u00bb de este evento en t\u00e9rminos de \u00abatender a un escrito recibido<strong> por parte de una persona por un asunto producido en el entorno familiar<\/strong> y que ha acompa\u00f1ado de diversos documentos\u00bb. Una informaci\u00f3n muy vaga cuando realmente pronto se supo que se trataba de una carta donde se informaba que sobre el carnavalero pesaba una sentencia por maltrato del a\u00f1o 2010.\n    <\/p>\n<p class=\"paragraph-atom&#10;        &#10;        B-510-400-550-N B-525-400-700-N--md&#10;        &#10;        \">\n    Ante esta noticia, y la manera de comunicarla desde el Ayuntamiento,<strong> la concejala Lorena Garr\u00f3n<\/strong> ha expresado su opini\u00f3n en sus redes sociales en nombre de la formaci\u00f3n en la que milita, Adelante Izquierda Gaditana.\n    <\/p>\n<p class=\"paragraph-atom&#10;        &#10;        B-510-400-550-N B-525-400-700-N--md&#10;        &#10;        \">\n    \u00abMuchas generaciones hemos crecido escuchando sus chirigotas y comparsas. Hemos cantado sus letras hasta la saciedad. Mucha gente lo ha endiosado porque en el Carnaval era un referente. Nadie lo discute. Hace tiempo que en los mentideros corr\u00eda la voz de que era un maltratador y, sin embargo,<strong> se ha querido hacer como que no nos enter\u00e1bamos <\/strong>porque a los referentes masculinos no se les rechista y menos si han fallecido\u00bb, comienza la publicaci\u00f3n, que contin\u00faa sin ambages.\n    <\/p>\n<p class=\"paragraph-atom&#10;        &#10;        B-510-400-550-N B-525-400-700-N--md&#10;        &#10;        \">\n    \u00ab<strong>Hoy, una de esas sentencias se ha hecho p\u00fablica. Y punto<\/strong>. No se puede desde ninguna administraci\u00f3n edulcorar la realidad porque no es un asunto producido en el entorno familiar\u201d ni hay que recopilar m\u00e1s informaci\u00f3n. Hay una sentencia judicial firme por agresiones f\u00edsicas y verbales y eso debe bastar sin ning\u00fan tipo de excusas. Y, por tanto, debemos posicionarnos sin fisuras del lado de las miles de mujeres que viven esta realidad diariamente\u00bb, explica Garr\u00f3n.\n    <\/p>\n<p class=\"paragraph-atom&#10;        &#10;        B-510-400-550-N B-525-400-700-N--md&#10;        &#10;        \">\n    \u00abDesde Adelante Izquierda Gaditana lo tenemos claro: <strong>siempre del lado de las v\u00edctimas<\/strong>, en contra de la violencia de g\u00e9nero y de quienes la ejercen\u00bb, culmina.\n    <\/p>\n","protected":false},"excerpt":{"rendered":"La suspensi\u00f3n del acto de colocaci\u00f3n de la estrella a Juan Carlos Arag\u00f3n en el Paseo de la&hellip;\n","protected":false},"author":2,"featured_media":567302,"comment_status":"","ping_status":"","sticky":false,"template":"","format":"standard","meta":{"footnotes":""},"categories":[8],"tags":[108880,4499,17,18,415,25,24,14267,13,14,11,409,1683,19,20,9,10,15,16,23,7680,12,21,22,431],"class_list":["post-567301","post","type-post","status-publish","format-standard","has-post-thumbnail","category-espana","tag-aig","tag-aragon","tag-breaking-news","tag-breakingnews","tag-carlos","tag-es","tag-espana","tag-estrella","tag-featured-news","tag-featurednews","tag-headlines","tag-juan","tag-lado","tag-latest-news","tag-latestnews","tag-news","tag-noticias","tag-noticias-destacadas","tag-noticiasdestacadas","tag-spain","tag-suspension","tag-titulares","tag-ultimas-noticias","tag-ultimasnoticias","tag-victimas"],"share_on_mastodon":{"url":"","error":""},"_links":{"self":[{"href":"https:\/\/www.europesays.com\/es\/wp-json\/wp\/v2\/posts\/567301","targetHints":{"allow":["GET"]}}],"collection":[{"href":"https:\/\/www.europesays.com\/es\/wp-json\/wp\/v2\/posts"}],"about":[{"href":"https:\/\/www.europesays.com\/es\/wp-json\/wp\/v2\/types\/post"}],"author":[{"embeddable":true,"href":"https:\/\/www.europesays.com\/es\/wp-json\/wp\/v2\/users\/2"}],"replies":[{"embeddable":true,"href":"https:\/\/www.europesays.com\/es\/wp-json\/wp\/v2\/comments?post=567301"}],"version-history":[{"count":0,"href":"https:\/\/www.europesays.com\/es\/wp-json\/wp\/v2\/posts\/567301\/revisions"}],"wp:featuredmedia":[{"embeddable":true,"href":"https:\/\/www.europesays.com\/es\/wp-json\/wp\/v2\/media\/567302"}],"wp:attachment":[{"href":"https:\/\/www.europesays.com\/es\/wp-json\/wp\/v2\/media?parent=567301"}],"wp:term":[{"taxonomy":"category","embeddable":true,"href":"https:\/\/www.europesays.com\/es\/wp-json\/wp\/v2\/categories?post=567301"},{"taxonomy":"post_tag","embeddable":true,"href":"https:\/\/www.europesays.com\/es\/wp-json\/wp\/v2\/tags?post=567301"}],"curies":[{"name":"wp","href":"https:\/\/api.w.org\/{rel}","templated":true}]}}