{"id":567412,"date":"2026-05-24T05:07:13","date_gmt":"2026-05-24T05:07:13","guid":{"rendered":"https:\/\/www.europesays.com\/es\/567412\/"},"modified":"2026-05-24T05:07:13","modified_gmt":"2026-05-24T05:07:13","slug":"el-presidente-de-plus-ultra-zapatero-interviene-directamente-va-a-intentar-que-nos-den-permisos-sin-la-embajada-de-espana","status":"publish","type":"post","link":"https:\/\/www.europesays.com\/es\/567412\/","title":{"rendered":"El presidente de Plus Ultra: \u00abZapatero interviene directamente. Va a intentar que nos den permisos sin la embajada de Espa\u00f1a\u00bb"},"content":{"rendered":"<p style=\"\">La Unidad de Delincuencia Econ\u00f3mica y Fiscal (UDEF) de la Polic\u00eda Nacional plasma en uno de sus informes del caso<strong> Jos\u00e9 Luis Rodr\u00edguez Zapatero<\/strong> que el <a href=\"https:\/\/www.abc.es\/espana\/udef-detecta-zapatero-cancelo-anticipadamente-hipoteca-medio-20260523214210-nt.html\" target=\"_self\" data-voc-vtm-id=\"in-text-traffic\" title=\"expresidente del Gobierno\" data-mrf-link=\"www.abc.es\" rel=\"nofollow noopener\">expresidente del Gobierno<\/a> movi\u00f3 sus hilos para que Plus Ultra pudiera operar en Venezuela sin tener  &#8230; que pedir autorizaci\u00f3n a la Embajada de Espa\u00f1a. Este es uno de los movimientos del exdirigente socialista que figura en los informes que los agentes trasladaron al juez Jos\u00e9 Luis Calama de la Audiencia Nacional a los que ha tenido acceso ABC.<\/p>\n<p class=\"v-d-p\" style=\"\">Esta &#8216;ayuda&#8217; del exdirigente socialista es una de las que el magistrado expone en el auto por el cual cit\u00f3 como investigado a Jos\u00e9 Luis Rodr\u00edguez Zapatero y orden\u00f3 el registro de su despacho. La Polic\u00eda lleg\u00f3 hasta este cometido gracias a la colaboraci\u00f3n de las autoridades estadounidenses que trasladaron el contenido de un dispositivo m\u00f3vil que incautaron a <strong>Rodolfo Reyes<\/strong>, que era uno de los accionistas de la aerol\u00ednea.<\/p>\n<p class=\"v-d-p\" style=\"\">El mensaje se remonta al 29 de enero de 2021. Reyes est\u00e1 en contacto con el presidente de Plus Ultra Julio Mart\u00ednez Sola. El responsable de la aerol\u00ednea le expone que Zapatero \u00abva a intervenir para que les otorguen los permisos sin que tenga que intervenir la<strong> embajada de Espa\u00f1a<\/strong>\u00bb. Rodolfo responde, \u00abExcelente\u00bb. A continuaci\u00f3n, en relaci\u00f3n al \u00abmorito\u00bb, dicen que \u00abse le devuelve el 600, nos quedamos con el 300, con su control comercial durante 60 d\u00edas desde la Sepi y se lo devolvemos despu\u00e9s\u00bb.<\/p>\n<ul class=\"v-cmp-rld__u\">\n<li class=\"v-cmp-rld__l\">\n<p><a class=\"v-a-lnk\" href=\"http:\/\/www.abc.es\/espana\/udef-detecta-zapatero-cancelo-anticipadamente-hipoteca-medio-20260523214210-nt.html#vtm_modulosEngag=noticiasrelacionadas-cmp-uno:espana:noticia:1\" title=\"La UDEF detecta que Zapatero cancel\u00f3 de golpe una hipoteca de medio mill\u00f3n de euros\" data-voc-vtm-id=\"in-text-traffic\" rel=\"nofollow noopener\" target=\"_blank\"><br \/>\n<img decoding=\"async\" loading=\"lazy\" src=\"https:\/\/www.europesays.com\/es\/wp-content\/uploads\/2026\/05\/zapatero-vzl-U2097890895907-U40477452406cNM-366x256@diario_abc.jpg\" class=\"v-a-img\" width=\"258\" height=\"180\" alt=\"La UDEF detecta que Zapatero cancel\u00f3 de golpe una hipoteca de medio mill\u00f3n de euros\"\/><br \/>\n<\/a><\/p>\n<\/li>\n<\/ul>\n<p class=\"v-d-p\" style=\"\">En esta conversaci\u00f3n parece estar haciendo referencia a modelos de aviones con los que operar\u00eda la aerol\u00ednea, AIRBUS modelos A340-300 y A340-600, se\u00f1alando que se devuelve uno de ellos, y el segundo \u00ab60 d\u00edas desde la Sepi\u00bb, pudiendo referirse a la devoluci\u00f3n del avi\u00f3n 60 d\u00edas despu\u00e9s de recibir la ayuda.<\/p>\n<p class=\"v-d-p\" style=\"\">Uno de los puntos claves de la investigaci\u00f3n que estrecha el cerco sobre Zapatero son las reuniones con altos cargos o, mejor dicho, su influencia para conseguir el rescate de Plus Ultra. A la famosa cita con Escriv\u00e1 se le une otro encuentro en el que han puesto el foco los investigadores de la Polic\u00eda Nacional.<\/p>\n<p>\nUna cita de \u00c1balos con Zapatero\n<\/p>\n<p class=\"v-d-p\" style=\"\">Y es que, despu\u00e9s del encuentro con el exministro, el expresidente del Gobierno tuvo un almuerzo con Jos\u00e9 Luis \u00c1balos, seg\u00fan la documentaci\u00f3n incautada. \u00abSe agend\u00f3 y confirm\u00f3 una reuni\u00f3n a las 14:00 horas del 15 de marzo de 2021 con Zapatero, el que fue su jefe de gabinete Jos\u00e9 Andr\u00e9s Torres Mora, y Antonio Fern\u00e1ndez Poyato\u00bb, expone. Fue trasladada al grupo \u00abAGENDA FOMENTO\u00bb, en el que figuran, entre otros participantes, el ministro Jos\u00e9 Luis \u00c1BALOS y su asesor Koldo GARC\u00cdA.<\/p>\n<p class=\"v-d-p\" style=\"\">Este encuentro es de suma importancia para la investigaci\u00f3n. La UDEF en sus informes expone que los responsables de Plus Ultra utilizaron la v\u00eda del exministro de Transportes, ahora preso en<strong> Soto del Real<\/strong>, y la del expresidente del Gobierno para poder acceder a las ayudas de la Sepi por los efectos del coronavirus. La v\u00eda de Zapatero se acab\u00f3 imponiendo.<\/p>\n<p class=\"v-d-p\" style=\"\">No obstante, en diversas entrevistas en medios de comunicaci\u00f3n, \u00c1balos asegur\u00f3 que recibi\u00f3 presiones del exl\u00edder del Ejecutivo para formalizar el acuerdo millonario para el rescate de <strong>Plus Ultra<\/strong>. Unas afirmaciones que van ahora acompa\u00f1adas de esta cita en la agenda que demuestra que ambos compartieron charla en los momentos m\u00e1s \u00e1lgidos del rescate cuando la Administraci\u00f3n reclamaba documentaci\u00f3n a la aerol\u00ednea.<\/p>\n","protected":false},"excerpt":{"rendered":"La Unidad de Delincuencia Econ\u00f3mica y Fiscal (UDEF) de la Polic\u00eda Nacional plasma en uno de sus informes&hellip;\n","protected":false},"author":2,"featured_media":567413,"comment_status":"","ping_status":"","sticky":false,"template":"","format":"standard","meta":{"footnotes":""},"categories":[8],"tags":[17,18,11687,6143,50422,25,24,13,14,11,9575,19,20,9,10,15,16,6728,7741,1461,23,12,21,22,5765,11266,7472],"class_list":["post-567412","post","type-post","status-publish","format-standard","has-post-thumbnail","category-espana","tag-breaking-news","tag-breakingnews","tag-conseguir","tag-dijo","tag-embajada","tag-es","tag-espana","tag-featured-news","tag-featurednews","tag-headlines","tag-intervenir","tag-latest-news","tag-latestnews","tag-news","tag-noticias","tag-noticias-destacadas","tag-noticiasdestacadas","tag-permisos","tag-plus","tag-presidente","tag-spain","tag-titulares","tag-ultimas-noticias","tag-ultimasnoticias","tag-ultra","tag-vuelo","tag-zapatero"],"share_on_mastodon":{"url":"https:\/\/pubeurope.com\/@es\/116627822803275961","error":""},"_links":{"self":[{"href":"https:\/\/www.europesays.com\/es\/wp-json\/wp\/v2\/posts\/567412","targetHints":{"allow":["GET"]}}],"collection":[{"href":"https:\/\/www.europesays.com\/es\/wp-json\/wp\/v2\/posts"}],"about":[{"href":"https:\/\/www.europesays.com\/es\/wp-json\/wp\/v2\/types\/post"}],"author":[{"embeddable":true,"href":"https:\/\/www.europesays.com\/es\/wp-json\/wp\/v2\/users\/2"}],"replies":[{"embeddable":true,"href":"https:\/\/www.europesays.com\/es\/wp-json\/wp\/v2\/comments?post=567412"}],"version-history":[{"count":0,"href":"https:\/\/www.europesays.com\/es\/wp-json\/wp\/v2\/posts\/567412\/revisions"}],"wp:featuredmedia":[{"embeddable":true,"href":"https:\/\/www.europesays.com\/es\/wp-json\/wp\/v2\/media\/567413"}],"wp:attachment":[{"href":"https:\/\/www.europesays.com\/es\/wp-json\/wp\/v2\/media?parent=567412"}],"wp:term":[{"taxonomy":"category","embeddable":true,"href":"https:\/\/www.europesays.com\/es\/wp-json\/wp\/v2\/categories?post=567412"},{"taxonomy":"post_tag","embeddable":true,"href":"https:\/\/www.europesays.com\/es\/wp-json\/wp\/v2\/tags?post=567412"}],"curies":[{"name":"wp","href":"https:\/\/api.w.org\/{rel}","templated":true}]}}