{"id":56742,"date":"2025-08-18T23:53:09","date_gmt":"2025-08-18T23:53:09","guid":{"rendered":"https:\/\/www.europesays.com\/es\/56742\/"},"modified":"2025-08-18T23:53:09","modified_gmt":"2025-08-18T23:53:09","slug":"homenaje-al-futbol-de-almeria-y-albacete-en-el-estreno-liguero","status":"publish","type":"post","link":"https:\/\/www.europesays.com\/es\/56742\/","title":{"rendered":"Homenaje al f\u00fatbol de Almer\u00eda y Albacete en el estreno liguero"},"content":{"rendered":"<p>Los manchegos marcaron en el primer minuto, fueron remontados, volvieron a levantarse de la lona y, finalmente, el rival empat\u00f3 en el minuto 100 un partido de locos\n<\/p>\n<p><img fetchpriority=\"high\" class=\"voc-img\" src=\"https:\/\/www.europesays.com\/es\/wp-content\/uploads\/2025\/08\/almeria-albacete-RdHcnZYhbBc2UE23kDEDklL-1200x840@diario_abc.jpg\" loading=\"eager\" decoding=\"async\" alt=\"Agus Medina (dos), Antonio Puertas y Escriche marcaron los goles del 'Alba'\" width=\"1200\" height=\"840\"\/><\/p>\n<p>Agus Medina (dos), Antonio Puertas y Escriche marcaron los goles del &#8216;Alba&#8217;    LALIGA  <\/p>\n<p>19\/08\/2025<br \/>\n<br \/><strong><br \/>\nActualizado a las 00:20h.<br \/>\n<\/strong><\/p>\n<p class=\"voc-p\" style=\"\">Homenaje al f\u00fatbol en el estreno liguero de Almer\u00eda y <a href=\"https:\/\/www.abc.es\/noticias\/albacete-balompie\/\" target=\"_self\" data-voc-vtm-id=\"in-text-traffic\" title=\"Albacete\" data-mrf-link=\"www.abc.es\" rel=\"nofollow noopener\">Albacete<\/a> en Segunda divisi\u00f3n. Se cumpl\u00edan apenas 42 segundos del inicio del encuentro cuando el &#8216;Alba&#8217; se puso con 0-1 a su favor como consecuencia de un centro lateral por la derecha de Antonio Puertas que deriv\u00f3 en un <strong>remate mordido de Agus Medina<\/strong> que llev\u00f3 el bal\u00f3n a la red. Pudo llegar el 0-2 en el minuto cinco con un remate de cabeza de Antonio Puertas a centro de Fran G\u00e1mez, pero Andr\u00e9s Fern\u00e1ndez reaccion\u00f3 con solvencia para enviar el esf\u00e9rico por encima del larguero. <\/p>\n<p class=\"voc-p\" style=\"\">Reaccion\u00f3 el equipo ind\u00e1lico y logr\u00f3 empatar la contienda con un magistral lanzamiento de falta directa de Embarba desde unos 25 metros que llev\u00f3 el bal\u00f3n a una de las escuadras. El partido era un correcalles y fue el Almer\u00eda el que se pudo adelantar en el marcador al cumplirse el primer cuarto de hora de juego con un remate de rosca de Arribas que Mari\u00f1o, con ayuda de un poste, evit\u00f3. Ya en la \u00faltima jugada del primer tiempo, los mismos protagonistas: Mari\u00f1o evit\u00f3 el 2-1 en un lanzamiento mortal de necesidad de Arribas. <\/p>\n<p class=\"voc-p\" style=\"\">Tras la reanudaci\u00f3n, pronto anot\u00f3 Lopy para los rojiblancos con un ob\u00fas desde la frontal del \u00e1rea. Este gol pareci\u00f3 dejar hundido al Albacete, pero, cosas del f\u00fatbol, en un santiam\u00e9n volte\u00f3 el marcador a su favor. El empate a dos lleg\u00f3 a la hora de juego con un buen remate de <strong>volea de Agus Medina a centro de Fran G\u00e1mez<\/strong>. Y sin tiempo para el respiro, minuto 66, un servicio de Morci lo llev\u00f3 a la red de <strong>certero remate de cabeza Antonio Puertas<\/strong>. Era el 2-3.<\/p>\n<p class=\"voc-p\" style=\"\"> Sin embargo, unas manos de Jon Garc\u00eda derivaron en un penalti revisado por el VAR que Arribas transform\u00f3 para el 3-3 pasado el 80. Y en la jugada siguiente, <strong>un nuevo servicio de Morci lo meti\u00f3 en la cazuela Dani Escriche<\/strong>. 3-4, aunque a\u00fan quedaba partido. <\/p>\n<p class=\"voc-p\" style=\"\">Eder Mallo estim\u00f3 que hab\u00eda que jugar 13 minutos de descuento y, a falta de tres para el final, el Albacete no pudo evitar el empate a cuatro logrado por Leo Baptistao. En definitiva, ocho goles y buen juego por parte de ambos equipos para un resultado que se puede considerar como justo. <\/p>\n<p class=\"voc-p\" style=\"\">&#8211; <strong>UD Almer\u00eda<\/strong>: Andr\u00e9s Fern\u00e1ndez; Luna (Chirino, m. 46), Chumi, Selvi (Arnau, m. 70), \u00c1lex Mu\u00f1oz (Nico Melamed, m. 89), Centelles; Arribas, Lopy, Embarba (Soko, m. 70); Leo Baptistao y L\u00e1zaro Vinicius (Horta, m. 70). <\/p>\n<p class=\"voc-p\" style=\"\">&#8211; <strong>Albacete Balompi\u00e9<\/strong>: Mari\u00f1o; Fran G\u00e1mez (Lorenzo, m. 89), Jon Garc\u00eda, Vallejo, Jogo; Agus Medina (Valverde, m. 89), Javi Villar, Ale Mel\u00e9ndez, Antonio Puertas (Escriche, m. 70); Lazo (Morci, m. 46) y Jeft\u00e9 (Pacheco, m. 65). <\/p>\n<p class=\"voc-p\" style=\"\">\u00c1rbitro: Eder Mallo. Comit\u00e9 castellano-leon\u00e9s. Amarilla a los locales Lopy y Marcos Luna. Por parte visitante, a Jogo.<\/p>\n<p class=\"voc-p\" style=\"\">Goles: 0-1, m. 1: Agus Medina; 1-1, m. 11: Embarba; 2-1, m. 51; 2-2, m. 59: Agus Medina; 2-3, m. 66: Antonio Puertas; 3-3, m. 82: Arribas (de penalti); 3-4, m. 83: Escriche; 4-4, m. 100: Leo Baptistao. <\/p>\n<p class=\"voc-p\" style=\"\">Incidencias: partido que cerraba la primera jornada de Segunda divisi\u00f3n, disputado este lunes por la noche en el Almer\u00eda Stadium ante 15.119 espectadores (cifra oficial). Unos 400 seguidores del Albacete en las gradas. Hubo dos pausas para la hidrataci\u00f3n de futbolistas y \u00e1rbitros.<\/p>\n<p>Reportar un error<\/p>\n","protected":false},"excerpt":{"rendered":"Los manchegos marcaron en el primer minuto, fueron remontados, volvieron a levantarse de la lona y, finalmente, el&hellip;\n","protected":false},"author":2,"featured_media":56743,"comment_status":"","ping_status":"","sticky":false,"template":"","format":"standard","meta":{"footnotes":""},"categories":[93],"tags":[2545,5644,168,25,24,1055,282,6552,11452,23,167],"class_list":{"0":"post-56742","1":"post","2":"type-post","3":"status-publish","4":"format-standard","5":"has-post-thumbnail","7":"category-deportes","8":"tag-albacete","9":"tag-almeria","10":"tag-deportes","11":"tag-es","12":"tag-espana","13":"tag-estreno","14":"tag-futbol","15":"tag-homenaje","16":"tag-liguero","17":"tag-spain","18":"tag-sports"},"share_on_mastodon":{"url":"","error":""},"_links":{"self":[{"href":"https:\/\/www.europesays.com\/es\/wp-json\/wp\/v2\/posts\/56742","targetHints":{"allow":["GET"]}}],"collection":[{"href":"https:\/\/www.europesays.com\/es\/wp-json\/wp\/v2\/posts"}],"about":[{"href":"https:\/\/www.europesays.com\/es\/wp-json\/wp\/v2\/types\/post"}],"author":[{"embeddable":true,"href":"https:\/\/www.europesays.com\/es\/wp-json\/wp\/v2\/users\/2"}],"replies":[{"embeddable":true,"href":"https:\/\/www.europesays.com\/es\/wp-json\/wp\/v2\/comments?post=56742"}],"version-history":[{"count":0,"href":"https:\/\/www.europesays.com\/es\/wp-json\/wp\/v2\/posts\/56742\/revisions"}],"wp:featuredmedia":[{"embeddable":true,"href":"https:\/\/www.europesays.com\/es\/wp-json\/wp\/v2\/media\/56743"}],"wp:attachment":[{"href":"https:\/\/www.europesays.com\/es\/wp-json\/wp\/v2\/media?parent=56742"}],"wp:term":[{"taxonomy":"category","embeddable":true,"href":"https:\/\/www.europesays.com\/es\/wp-json\/wp\/v2\/categories?post=56742"},{"taxonomy":"post_tag","embeddable":true,"href":"https:\/\/www.europesays.com\/es\/wp-json\/wp\/v2\/tags?post=56742"}],"curies":[{"name":"wp","href":"https:\/\/api.w.org\/{rel}","templated":true}]}}