{"id":567422,"date":"2026-05-24T05:23:16","date_gmt":"2026-05-24T05:23:16","guid":{"rendered":"https:\/\/www.europesays.com\/es\/567422\/"},"modified":"2026-05-24T05:23:16","modified_gmt":"2026-05-24T05:23:16","slug":"cannes-2026-critica-de-para-los-contrincantes-de-federico-luis-competicion","status":"publish","type":"post","link":"https:\/\/www.europesays.com\/es\/567422\/","title":{"rendered":"Cannes 2026: cr\u00edtica de &#8216;Para los contrincantes&#8217;, de Federico Luis (Competici\u00f3n)"},"content":{"rendered":"<p>\t\t\t                        <img decoding=\"async\" itemprop=\"image\" src=\"https:\/\/www.europesays.com\/es\/wp-content\/uploads\/2026\/05\/federico-luis-2.webp\" alt=\"Cannes 2026: cr\u00edtica de \u2018Para los contrincantes\u2019, de Federico Luis (Competici\u00f3n)\" width=\"640\" height=\"\"\/>    <\/p>\n<p>El rostro de un ni\u00f1o boxeador revela, en una sola pelea, la infancia aplastada por el sue\u00f1o ajeno. Palma de Oro al mejor corto en Cannes.<\/p>\n<p>                <a href=\"https:\/\/www.youtube.com\/@FilmayAclaracion\" aria-label=\"FyAC_BANNER MICROPSIA_OP A\" rel=\"nofollow noopener\" target=\"_blank\"><img loading=\"lazy\" decoding=\"async\" src=\"https:\/\/www.europesays.com\/es\/wp-content\/uploads\/2026\/05\/1779600195_915_FyAC_BANNER-MICROPSIA_OP-A.png\" alt=\"\"   class=\"no-lazyload\" width=\"800\" height=\"160\"\/><\/a><\/p>\n<p class=\"has-drop-cap\">No suelo incluir cr\u00edticas a los cortometrajes en estos posteos porque no tengo acceso a todos y tiende a ser injusto hablar de unos y no de otros que est\u00e1n en igualdad de condiciones. Pero tomando en cuenta la Palma de Oro obtenida por <strong>Para los contrincantes<\/strong>, el corto filmado en M\u00e9xico por el argentina Federico Lucas, me permito hacer una excepci\u00f3n. Adem\u00e1s, porque el corto es extraordinario. Simple, potente, directo y esencial.<\/p>\n<p>A lo largo de concisos 14 minutos, el director de <strong>Sim\u00f3n de la monta\u00f1a<\/strong> retrata con una reveladora cercan\u00eda una pelea de box entre dos ni\u00f1os que no deben superar los ocho, nueve a\u00f1os. Y la c\u00e1mara se concentra en el rostro de Dami\u00e1n, uno de los boxeadores infantiles, cuyo gesto transmite un sinf\u00edn de sensaciones: la competitividad, el deseo de ganar, el miedo, la sensaci\u00f3n de que el match se le est\u00e1 complicando, la tristeza y, finalmente, una expresi\u00f3n que lo deja al borde del llanto. Todo esto mientras en su rinc\u00f3n y en las tribunas lo vitorean y le dan \u00e1nimos para continuar la pelea.<\/p>\n<p><img data-recalc-dims=\"1\" fetchpriority=\"high\" decoding=\"async\" width=\"1024\" height=\"683\" src=\"https:\/\/www.europesays.com\/es\/wp-content\/uploads\/2026\/05\/federico-luis.webp\" alt=\"\" class=\"wp-image-76066\"  \/><\/p>\n<p>Este proceso de ir sinti\u00e9ndose derrotado en algo a lo que le puso todo su tiempo y entrenamiento funciona primero como decepci\u00f3n pero luego, cuando el corto se abre para mostrar a quienes lo rodean, lo que aparece es una especie de empat\u00eda y de tristeza. Sus familiares y preparadores no son ni crueles ni nada parecido, pero est\u00e1n pendientes de que Dami\u00e1n sea el gran boxeador que todos sue\u00f1an, sue\u00f1o que \u00e9l pas\u00f3 a ser depositario. Pero luego, en escenas con otros chicos de su edad, lo que va quedando claro es que el lugar de Dami\u00e1n no es el ring sino una infancia m\u00e1s l\u00fadica, libre sin tantas presiones ni violencia.<\/p>\n<p>El realizador no subraya estas sensaciones ni mucho menos. Se van sintiendo en los planos cortos que hace sobre el rostro del ni\u00f1o y la manera en la que todo el tiempo parece contener las ganas de llorar porque, supone, eso no corresponde a un boxeador. Pero llorar, jugar, divertirse y perder deber\u00edan ser el centro de su vida en lugar de la brutal golpiza a la que es sometido. Esa cara, en cuesti\u00f3n de minutos, va expresando una comprensi\u00f3n del mundo m\u00e1s amplia. Es un coming of age que se da en el transcurso de unos rounds de box. Un instante que quiz\u00e1s transforme a una vida.<\/p>\n<p class=\"has-background\" style=\"background-color:#c9d6e1\"><strong>Nota: la pel\u00edcula del director argentino no tiene financiaci\u00f3n del cine nacional. Es una coproducci\u00f3n entre M\u00e9xico, Francia y Chile.<\/strong><\/p>\n","protected":false},"excerpt":{"rendered":"El rostro de un ni\u00f1o boxeador revela, en una sola pelea, la infancia aplastada por el sue\u00f1o ajeno.&hellip;\n","protected":false},"author":2,"featured_media":567423,"comment_status":"","ping_status":"","sticky":false,"template":"","format":"standard","meta":{"footnotes":""},"categories":[169],"tags":[105971,177,32706,146,147,25,24,37674,176,175,106214,108891,23],"class_list":["post-567422","post","type-post","status-publish","format-standard","has-post-thumbnail","category-cine","tag-cannes-2026","tag-cine","tag-cortometrajes","tag-entertainment","tag-entretenimiento","tag-es","tag-espana","tag-federico-luis","tag-film","tag-movies","tag-palma-de-oro","tag-para-los-contrincantes","tag-spain"],"share_on_mastodon":{"url":"https:\/\/pubeurope.com\/@es\/116627886418771110","error":""},"_links":{"self":[{"href":"https:\/\/www.europesays.com\/es\/wp-json\/wp\/v2\/posts\/567422","targetHints":{"allow":["GET"]}}],"collection":[{"href":"https:\/\/www.europesays.com\/es\/wp-json\/wp\/v2\/posts"}],"about":[{"href":"https:\/\/www.europesays.com\/es\/wp-json\/wp\/v2\/types\/post"}],"author":[{"embeddable":true,"href":"https:\/\/www.europesays.com\/es\/wp-json\/wp\/v2\/users\/2"}],"replies":[{"embeddable":true,"href":"https:\/\/www.europesays.com\/es\/wp-json\/wp\/v2\/comments?post=567422"}],"version-history":[{"count":0,"href":"https:\/\/www.europesays.com\/es\/wp-json\/wp\/v2\/posts\/567422\/revisions"}],"wp:featuredmedia":[{"embeddable":true,"href":"https:\/\/www.europesays.com\/es\/wp-json\/wp\/v2\/media\/567423"}],"wp:attachment":[{"href":"https:\/\/www.europesays.com\/es\/wp-json\/wp\/v2\/media?parent=567422"}],"wp:term":[{"taxonomy":"category","embeddable":true,"href":"https:\/\/www.europesays.com\/es\/wp-json\/wp\/v2\/categories?post=567422"},{"taxonomy":"post_tag","embeddable":true,"href":"https:\/\/www.europesays.com\/es\/wp-json\/wp\/v2\/tags?post=567422"}],"curies":[{"name":"wp","href":"https:\/\/api.w.org\/{rel}","templated":true}]}}